{"id":529644,"date":"2025-11-12T19:19:19","date_gmt":"2025-11-12T19:19:19","guid":{"rendered":"https:\/\/www.europesays.com\/fr\/529644\/"},"modified":"2025-11-12T19:19:19","modified_gmt":"2025-11-12T19:19:19","slug":"divorce-consomme-entre-trois-lycees-agricoles-et-le-groupe-the-land","status":"publish","type":"post","link":"https:\/\/www.europesays.com\/fr\/529644\/","title":{"rendered":"divorce consomm\u00e9 entre trois lyc\u00e9es agricoles et le groupe The Land"},"content":{"rendered":"<p>                    Par<br \/>\n        <strong><br \/>\n            <a href=\"https:\/\/actu.fr\/auteur\/maxime-turberville\" title=\"Consulter tous les articles de Maxime Turberville\" rel=\"nofollow noopener\" target=\"_blank\">Maxime Turberville<\/a><br \/>\n                    <\/strong><\/p>\n<p>        Publi\u00e9 le<\/p>\n<p>            12 nov. 2025 \u00e0 18h05        <\/p>\n<p>Divorce consomm\u00e9 entre les lyc\u00e9es <b>Antoine de Saint-Exup\u00e9ry<\/b> et l\u2019\u00e9cosyst\u00e8me <a href=\"https:\/\/www.the-land.bzh\/\" rel=\"nofollow noopener\" target=\"_blank\">The Land<\/a>. D\u00e9but novembre 2025, la scission des \u00e9tablissements agricoles de Rennes, Vitr\u00e9 et La Guerche du groupe a \u00e9t\u00e9 act\u00e9e. Le dioc\u00e8se et la Direction r\u00e9gionale de l\u2019alimentation, de l\u2019agriculture et de la for\u00eat de Bretagne (Draaf) ont notamment valid\u00e9 cette d\u00e9cision. La gestion du directeur g\u00e9n\u00e9ral de The Land \u00e9tait particuli\u00e8rement d\u00e9cri\u00e9e par certains ces derniers mois, comme l\u2019ont r\u00e9v\u00e9l\u00e9 nos confr\u00e8res de <a href=\"https:\/\/splann.org\/enquete\/lycees-agricoles\/the-land-management-deficit\/\" rel=\"nofollow noopener\" target=\"_blank\">Splann\u2009! dans une enqu\u00eate. <\/a><b>Jean-Marc Esnault<\/b> r\u00e9pond.<\/p>\n<p>\u00ab\u2009On va regagner en visibilit\u00e9\u2009\u00bb<\/p>\n<p class=\" wall-content\">\u00ab\u2009C\u2019est une tr\u00e8s bonne nouvelle pour les \u00e9quipes.\u2009\u00bb Jean-Romain Chapy, enseignant \u00e0 Vitr\u00e9 et d\u00e9l\u00e9gu\u00e9 syndical pour la CGT-EP, ne cache pas sa satisfaction.<\/p>\n<p class=\" wall-content\">Depuis plusieurs mois, il d\u00e9nonce avec ses coll\u00e8gues \u00e9lus du personnel un <b>management \u00ab\u2009toxique\u2009\u00bb<\/b>.<\/p>\n<p class=\" wall-content\">Depuis deux ans, ils disent \u00e9galement \u00ab\u2009ne plus se reconna\u00eetre dans le projet The Land\u2009\u00bb. En <a href=\"https:\/\/actu.fr\/bretagne\/rennes_35238\/pres-de-rennes-ces-enseignants-des-trois-lycees-agricoles-the-land-veulent-la-demission-du-directeur_60856585.html\" rel=\"nofollow noopener\" target=\"_blank\">mars\u00a02024, <\/a>une gr\u00e8ve pointait des dysfonctionnements et une certaine \u00ab\u2009invisibilit\u00e9\u2009\u00bb des lyc\u00e9es.<\/p>\n<p class=\" wall-content\">\u00ab\u2009On a alert\u00e9 les instances en disant qu\u2019on allait droit dans le mur. C\u2019est dommage car on a des \u00e9quipes enseignantes qui avaient de beaux projets mais qui \u00e9taient invisibilis\u00e9s par The Land\u2009\u00bb, ajoute Jean-Romain Chapy.<\/p>\n<p class=\" wall-content\">\u00c0 la rentr\u00e9e 2025, un nouvel \u00e9l\u00e9ment est venu noircir le tableau. Les d\u00e9l\u00e9gu\u00e9s du personnel et les enseignants ont appris qu\u2019un d\u00e9ficit <b>1,2\u00a0million d\u2019euros avait \u00e9t\u00e9 enregistr\u00e9 pour l\u2019exercice 2023-2024<\/b>.<\/p>\n<p class=\" wall-content\">La situation devenant difficilement tenable, la d\u00e9cision de la s\u00e9paration a \u00e9t\u00e9 prise d\u00e9but novembre par le conseil d\u2019administration puis valid\u00e9e par le minist\u00e8re de l\u2019agriculture, le dioc\u00e8se et le Cneap (Conseil national de l\u2019enseignement agricole priv\u00e9).<\/p>\n<p>Votre r\u00e9gion, votre actu !<\/p>\n<p>Recevez chaque jour les infos qui comptent pour vous.<\/p>\n<p>\t<a href=\"https:\/\/actu.fr\/newsletter\" class=\"ac-btn ac-btn--corner ac-btn--medium ac-btn--blue800\" rel=\"nofollow noopener\" target=\"_blank\">S&rsquo;incrire<\/a><\/p>\n<p class=\" wall-content\">\u00ab\u2009Les coll\u00e8gues sont tr\u00e8s satisfaits. Cela permet de mettre fin \u00e0 cette gouvernance. On va regagner en visibilit\u00e9. On a pas mal de projets port\u00e9s sur l\u2019international et avec nos \u00e9l\u00e8ves\u2009\u00bb, poursuit Jean-Romain Chapy.<\/p>\n<p class=\" wall-content\">D\u00e9sormais, des \u00e9l\u00e9ments d\u2019ordre administratif sont \u00e0 r\u00e9gler avant que les trois lyc\u00e9es agricoles reprennent leur autonomie. <b>Courant 2026<\/b> selon Jean-Romain Chapy.<\/p>\n<p class=\" wall-content\">\u00ab\u2009Concr\u00e8tement, pour le fonctionnement des lyc\u00e9es, cela ne va pas changer grand-chose. On ne sera simplement plus identifi\u00e9s comme The Land sur le territoire. Les gens \u00e9taient d\u2019ailleurs peut-\u00eatre un peu perdus.\u2009\u00bb<\/p>\n<p>Les explications du directeur g\u00e9n\u00e9ral de The Land<\/p>\n<p class=\" wall-content\">Sollicit\u00e9, le directeur g\u00e9n\u00e9ral explique d\u2019embl\u00e9e que son groupe proc\u00e8de \u00e0 une \u00ab\u2009r\u00e9organisation\u2009\u00bb afin que les lyc\u00e9es se \u00ab\u2009reconnectent \u00e0 leur territoire\u2009\u00bb.<\/p>\n<p class=\" wall-content\">Jean-Marc Esnault indique \u00e9galement que The Land est dans une \u00ab\u2009logique de d\u00e9veloppement de l\u2019enseignement sup\u00e9rieur\u2009\u00bb. \u00c0 ce sujet, un projet sera d\u00e9voil\u00e9 dans les prochaines semaines avec un \u00e9v\u00e9nement \u00ab\u2009fondateur\u2009\u00bb d\u00e9but janvier.<\/p>\n<p class=\" wall-content\">La s\u00e9paration d\u00e9cid\u00e9e par le conseil d\u2019administration ne serait donc pas li\u00e9e \u00e0 la gestion d\u00e9cri\u00e9e des derniers mois\u2009?<\/p>\n<p class=\" wall-content\">\u00ab\u2009On \u00e9voque<b> soixante-douze d\u00e9parts en dix ans<\/b>. C\u2019est peu sur une p\u00e9riode comme celle-ci. Nous sommes sur un ratio en dessous des moyennes nationales en termes de turn-over (12 \u00e0 15\u2009%)\u2009\u00bb, r\u00e9pond Jean-Marc Esnault.<\/p>\n<p class=\" wall-content\">Sur le d\u00e9ficit 1,2\u00a0million d\u2019euros, Jean-Marc Esnault pr\u00e9cise que des \u00ab\u2009exc\u00e9dents\u2009\u00bb ont \u00e9t\u00e9 enregistr\u00e9s les \u00ab\u200910 derni\u00e8res ann\u00e9es\u2009\u00bb. Sur le site de Rennes, un investissement de 20\u00a0millions a \u00e9t\u00e9 r\u00e9alis\u00e9. \u00ab\u2009Le d\u00e9ficit est donc \u00e0 relativiser.\u2009\u00bb<\/p>\n<p class=\" wall-content\">Le directeur g\u00e9n\u00e9ral conc\u00e8de par ailleurs que certains enseignants, repr\u00e9sentants du personnel et syndicaux avaient \u00ab\u2009du mal \u00e0 se retrouver dans le projet The Land\u2009\u00bb, notamment sur la question des statuts selon lui.<\/p>\n<p class=\" wall-content\">\u00ab\u2009\u00c0 Rennes, il y avait une perte de vitesse, donc l\u2019id\u00e9e \u00e9tait de d\u00e9velopper d\u2019autres activit\u00e9s pour soutenir les lyc\u00e9es. Le message n\u2019a pas forc\u00e9ment \u00e9t\u00e9 bien compris. Deux univers, partie lyc\u00e9e et enseignement sup\u00e9rieur, se c\u00f4toyaient, mais ont eu du mal \u00e0 matcher ensemble\u2009\u00bb, estime le directeur g\u00e9n\u00e9ral.<\/p>\n<p>\u00ab\u2009Il n\u2019y a pas de question sur la p\u00e9rennit\u00e9 des structures\u2009\u00bb<\/p>\n<p class=\" wall-content\">Apr\u00e8s la validation dette d\u00e9cision par les instances \u2013 l<b>e minist\u00e8re de l\u2019agriculture, le Cneap et le dioc\u00e8se<\/b> \u2013 l\u2019heure est au r\u00e9glage des d\u00e9tails administratifs pour assurer la transition.<\/p>\n<p class=\" wall-content\">\u00ab\u2009Les parcours de formation des lyc\u00e9ens continuent normalement. Il n\u2019y a pas de question sur la p\u00e9rennit\u00e9 des structures\u2009\u00bb, annonce Jean-Marc Esnault qui assure par ailleurs que The Land reste pr\u00e9sent au sein du campus de Vitr\u00e9.\u00a0<\/p>\n<p class=\" wall-content\">Personnalisez votre actualit\u00e9 en ajoutant vos villes et m\u00e9dias en favori avec <a href=\"https:\/\/moncompte.actu.fr\" title=\"D\u00e9couvez Mon Actu\" rel=\"nofollow noopener\" data-trk=\"{&quot;cta&quot;:{&quot;action&quot;:&quot;https:\\\/\\\/moncompte.actu.fr&quot;,&quot;category&quot;:&quot;mon compte&quot;,&quot;from&quot;:&quot;article footer&quot;,&quot;name&quot;:&quot;Mon actu&quot;,&quot;type&quot;:&quot;cta&quot;}}\" target=\"_blank\">Mon Actu<\/a>.<\/p>\n","protected":false},"excerpt":{"rendered":"Par Maxime Turberville Publi\u00e9 le 12 nov. 2025 \u00e0 18h05 Divorce consomm\u00e9 entre les lyc\u00e9es Antoine de Saint-Exup\u00e9ry&hellip;\n","protected":false},"author":2,"featured_media":529645,"comment_status":"","ping_status":"","sticky":false,"template":"","format":"standard","meta":{"footnotes":""},"categories":[2821],"tags":[1111,11,829,1057,1777,674,1011,27,12,584,25,104],"class_list":{"0":"post-529644","1":"post","2":"type-post","3":"status-publish","4":"format-standard","5":"has-post-thumbnail","7":"category-rennes","8":"tag-actu","9":"tag-actualites","10":"tag-bretagne","11":"tag-education","12":"tag-eu","13":"tag-europe","14":"tag-fr","15":"tag-france","16":"tag-news","17":"tag-rennes","18":"tag-republique-francaise","19":"tag-societe"},"share_on_mastodon":{"url":"https:\/\/pubeurope.com\/@fr\/115538347000860777","error":""},"_links":{"self":[{"href":"https:\/\/www.europesays.com\/fr\/wp-json\/wp\/v2\/posts\/529644","targetHints":{"allow":["GET"]}}],"collection":[{"href":"https:\/\/www.europesays.com\/fr\/wp-json\/wp\/v2\/posts"}],"about":[{"href":"https:\/\/www.europesays.com\/fr\/wp-json\/wp\/v2\/types\/post"}],"author":[{"embeddable":true,"href":"https:\/\/www.europesays.com\/fr\/wp-json\/wp\/v2\/users\/2"}],"replies":[{"embeddable":true,"href":"https:\/\/www.europesays.com\/fr\/wp-json\/wp\/v2\/comments?post=529644"}],"version-history":[{"count":0,"href":"https:\/\/www.europesays.com\/fr\/wp-json\/wp\/v2\/posts\/529644\/revisions"}],"wp:featuredmedia":[{"embeddable":true,"href":"https:\/\/www.europesays.com\/fr\/wp-json\/wp\/v2\/media\/529645"}],"wp:attachment":[{"href":"https:\/\/www.europesays.com\/fr\/wp-json\/wp\/v2\/media?parent=529644"}],"wp:term":[{"taxonomy":"category","embeddable":true,"href":"https:\/\/www.europesays.com\/fr\/wp-json\/wp\/v2\/categories?post=529644"},{"taxonomy":"post_tag","embeddable":true,"href":"https:\/\/www.europesays.com\/fr\/wp-json\/wp\/v2\/tags?post=529644"}],"curies":[{"name":"wp","href":"https:\/\/api.w.org\/{rel}","templated":true}]}}