{"id":529656,"date":"2025-11-12T19:25:19","date_gmt":"2025-11-12T19:25:19","guid":{"rendered":"https:\/\/www.europesays.com\/fr\/529656\/"},"modified":"2025-11-12T19:25:19","modified_gmt":"2025-11-12T19:25:19","slug":"lonpl-cest-beethoven-mais-aussi-zaho-de-sagazan","status":"publish","type":"post","link":"https:\/\/www.europesays.com\/fr\/529656\/","title":{"rendered":"L\u2019ONPL, c\u2019est Beethoven mais aussi Zaho de Sagazan"},"content":{"rendered":"<p>Guillaume Lamas, directeur de l\u2019Orchestre national des Pays de la Loire (ONPL), explique comment l\u2019ensemble philharmonique a collabor\u00e9 avec la chanteuse Zaho de Sagazan.<\/p>\n<p>\u00c0 Paris, <a href=\"https:\/\/www.ouest-france.fr\/culture\/musiques\/zaho-de-sagazan\/\" rel=\"nofollow noopener\" target=\"_blank\">Zaho de\u00a0Sagazan<\/a> \u00e9tait accompagn\u00e9e par l\u2019orchestre national d\u2019Ile-de-France, \u00e0 Lyon, par l\u2019orchestre de Lyon. \u00c0 Nantes, ce sera par l\u2019ONPL, ce jeudi et vendredi. Une fiert\u00e9\u00a0? Un honneur\u00a0?<\/p>\n<p>C\u2019est une envie de longue date. Et une satisfaction d\u2019avoir r\u00e9ussi cette collaboration qui nous tient \u00e0 c\u0153ur. Nous avons envisag\u00e9 cette collaboration depuis pr\u00e8s de deux ans, quand Zaho de Sagazan a manifest\u00e9 son souhait de proposer un spectacle avec orchestre qui puisse \u00eatre diffus\u00e9 dans toute la France.<\/p>\n<p>Est-il plus facile de jouer La symphonie n\u00b0\u00a05 de Beethoven ou La symphonie des \u00e9clairs de Zaho de Sagazan pour les musiciens de l\u2019ONPL et comment se pr\u00e9parent-ils\u00a0?<\/p>\n<p>Ils ont choisi le m\u00e9tier de musicien d\u2019orchestre pour interpr\u00e9ter principalement le r\u00e9pertoire philharmonique classique, mais notre orchestre est tout \u00e0 fait en mesure de jouer un r\u00e9pertoire de musique actuelle. La diff\u00e9rence pour eux est de s\u2019approprier cet univers musical qui ne leur est pas autant familier. Mais le r\u00e9sultat qu\u2019ils produisent est toujours excellent\u00a0! Il y a eu plusieurs r\u00e9p\u00e9titions en tutti et beaucoup de travail \u00e0 la maison pour se pr\u00e9parer individuellement. Puis, juste avant le Z\u00e9nith, l\u2019orchestre a r\u00e9p\u00e9t\u00e9 avec l\u2019artiste et le chef d\u2019orchestre Dylan Corlay.<\/p>\n<p>L\u2019ONPL est-il souvent sollicit\u00e9 pour accompagner des artistes contemporains du domaine de la pop\u00a0? De telles initiatives peuvent-elles drainer un nouveau public\u00a0?<\/p>\n<p>Ce sont souvent des envies communes de collaborations. Comme, la saison derni\u00e8re, avec Marc Lavoine et un autre projet au festival de Poupet (Vend\u00e9e) autour des standards du rock anglais avec <a href=\"https:\/\/rennes.maville.com\/actu\/actudet_-festival-de-poupet.-la-belle-mesaventure-du-groupe-uk-on-the-rocks_15-3492524_actu.Htm\" rel=\"nofollow noopener\" target=\"_blank\">UK on the rocks<\/a>.<\/p>\n<p>Selon la derni\u00e8re \u00e9tude, 42\u00a0% de nos publics ont moins de 50\u00a0ans\u00a0! Cela s\u2019explique notamment par la diversit\u00e9 des programmes propos\u00e9s chaque saison et cette attention \u00e0 toucher la jeunesse qui est notre public d\u2019aujourd\u2019hui et de demain.<\/p>\n<p>\u00a0<\/p>\n","protected":false},"excerpt":{"rendered":"Guillaume Lamas, directeur de l\u2019Orchestre national des Pays de la Loire (ONPL), explique comment l\u2019ensemble philharmonique a collabor\u00e9&hellip;\n","protected":false},"author":2,"featured_media":529657,"comment_status":"","ping_status":"","sticky":false,"template":"","format":"standard","meta":{"footnotes":""},"categories":[2818],"tags":[1111,11,64856,1777,674,1011,27,766,12,64855,2636,25,51177,51176],"class_list":{"0":"post-529656","1":"post","2":"type-post","3":"status-publish","4":"format-standard","5":"has-post-thumbnail","7":"category-nantes","8":"tag-actu","9":"tag-actualites","10":"tag-beethoven","11":"tag-eu","12":"tag-europe","13":"tag-fr","14":"tag-france","15":"tag-nantes","16":"tag-news","17":"tag-onpl","18":"tag-pays-de-la-loire","19":"tag-republique-francaise","20":"tag-sagazan","21":"tag-zaho"},"share_on_mastodon":{"url":"https:\/\/pubeurope.com\/@fr\/115538370550050207","error":""},"_links":{"self":[{"href":"https:\/\/www.europesays.com\/fr\/wp-json\/wp\/v2\/posts\/529656","targetHints":{"allow":["GET"]}}],"collection":[{"href":"https:\/\/www.europesays.com\/fr\/wp-json\/wp\/v2\/posts"}],"about":[{"href":"https:\/\/www.europesays.com\/fr\/wp-json\/wp\/v2\/types\/post"}],"author":[{"embeddable":true,"href":"https:\/\/www.europesays.com\/fr\/wp-json\/wp\/v2\/users\/2"}],"replies":[{"embeddable":true,"href":"https:\/\/www.europesays.com\/fr\/wp-json\/wp\/v2\/comments?post=529656"}],"version-history":[{"count":0,"href":"https:\/\/www.europesays.com\/fr\/wp-json\/wp\/v2\/posts\/529656\/revisions"}],"wp:featuredmedia":[{"embeddable":true,"href":"https:\/\/www.europesays.com\/fr\/wp-json\/wp\/v2\/media\/529657"}],"wp:attachment":[{"href":"https:\/\/www.europesays.com\/fr\/wp-json\/wp\/v2\/media?parent=529656"}],"wp:term":[{"taxonomy":"category","embeddable":true,"href":"https:\/\/www.europesays.com\/fr\/wp-json\/wp\/v2\/categories?post=529656"},{"taxonomy":"post_tag","embeddable":true,"href":"https:\/\/www.europesays.com\/fr\/wp-json\/wp\/v2\/tags?post=529656"}],"curies":[{"name":"wp","href":"https:\/\/api.w.org\/{rel}","templated":true}]}}