{"id":529658,"date":"2025-11-12T19:26:22","date_gmt":"2025-11-12T19:26:22","guid":{"rendered":"https:\/\/www.europesays.com\/fr\/529658\/"},"modified":"2025-11-12T19:26:22","modified_gmt":"2025-11-12T19:26:22","slug":"fc-nantes-louis-leroux-forfait-avec-les-espoirs-sport","status":"publish","type":"post","link":"https:\/\/www.europesays.com\/fr\/529658\/","title":{"rendered":"FC Nantes. Louis Leroux forfait avec les Espoirs . Sport"},"content":{"rendered":"<p>C\u2019est lors d\u2019un entra\u00eenement, ce mercredi matin, que Louis Leroux a ressenti une douleur \u00e0 une cuisse. Le staff m\u00e9dical a r\u00e9alis\u00e9 des examens compl\u00e9mentaires.<\/p>\n<p><strong>VID\u00c9O.<\/strong> <a href=\"https:\/\/www.ouest-france.fr\/sport\/football\/fc-nantes\/video-fc-nantes-les-supporters-soutiennent-les-canaris-a-l-entrainement-malgre-l-inquietude-qui-monte-e50a547c-6219-3376-9476-719d7547dcf3\" target=\"_blank\" rel=\"noopener\">FC Nantes\u00a0: les supporters soutiennent les Canaris \u00e0 l\u2019entra\u00eenement malgr\u00e9 l\u2019inqui\u00e9tude qui monte<\/a><\/p>\n<p>Le s\u00e9lectionneur, G\u00e9rald Baticle, ne souhaitant prendre aucun risque, le forfait du milieu de terrain des Bleuets a \u00e9t\u00e9 act\u00e9 pour les deux prochains matches de qualification \u00e0 l\u2019Euro Espoirs 2027, contre la Suisse, vendredi 14\u00a0novembre (19h30 \u00e0 Lausanne), puis les \u00celes F\u00e9ro\u00e9, lundi 17\u00a0novembre (21h00), au stade des Alpes \u00e0 Grenoble (Is\u00e8re). Le joueur ne sera pas remplac\u00e9. Louis Leroux rejoint ainsi <a href=\"https:\/\/rennes.maville.com\/sport\/detail_-equipe-de-france-espoirs.-le-nantais-herba-guirassy-declare-forfait-_54135-7059069_actu.Htm\" target=\"_blank\" rel=\"noopener\">Herba Guirassy,<\/a> son co\u00e9quipier du FC Nantes et de l\u2019\u00e9quipe de France Espoirs, \u00e0 l\u2019infirmerie. L\u2019attaquant est aussi en d\u00e9licatesse avec une cuisse.<\/p>\n<p>\u00a0<\/p>\n","protected":false},"excerpt":{"rendered":"C\u2019est lors d\u2019un entra\u00eenement, ce mercredi matin, que Louis Leroux a ressenti une douleur \u00e0 une cuisse. Le&hellip;\n","protected":false},"author":2,"featured_media":529659,"comment_status":"","ping_status":"","sticky":false,"template":"","format":"standard","meta":{"footnotes":""},"categories":[2818],"tags":[1111,11,3809,1465,1777,674,63,1011,27,1792,1922,766,12,2636,25,479,517,1470],"class_list":{"0":"post-529658","1":"post","2":"type-post","3":"status-publish","4":"format-standard","5":"has-post-thumbnail","7":"category-nantes","8":"tag-actu","9":"tag-actualites","10":"tag-ball","11":"tag-basket","12":"tag-eu","13":"tag-europe","14":"tag-football","15":"tag-fr","16":"tag-france","17":"tag-handball","18":"tag-info","19":"tag-nantes","20":"tag-news","21":"tag-pays-de-la-loire","22":"tag-republique-francaise","23":"tag-rugby","24":"tag-sport","25":"tag-volley"},"share_on_mastodon":{"url":"https:\/\/pubeurope.com\/@fr\/115538374519411542","error":""},"_links":{"self":[{"href":"https:\/\/www.europesays.com\/fr\/wp-json\/wp\/v2\/posts\/529658","targetHints":{"allow":["GET"]}}],"collection":[{"href":"https:\/\/www.europesays.com\/fr\/wp-json\/wp\/v2\/posts"}],"about":[{"href":"https:\/\/www.europesays.com\/fr\/wp-json\/wp\/v2\/types\/post"}],"author":[{"embeddable":true,"href":"https:\/\/www.europesays.com\/fr\/wp-json\/wp\/v2\/users\/2"}],"replies":[{"embeddable":true,"href":"https:\/\/www.europesays.com\/fr\/wp-json\/wp\/v2\/comments?post=529658"}],"version-history":[{"count":0,"href":"https:\/\/www.europesays.com\/fr\/wp-json\/wp\/v2\/posts\/529658\/revisions"}],"wp:featuredmedia":[{"embeddable":true,"href":"https:\/\/www.europesays.com\/fr\/wp-json\/wp\/v2\/media\/529659"}],"wp:attachment":[{"href":"https:\/\/www.europesays.com\/fr\/wp-json\/wp\/v2\/media?parent=529658"}],"wp:term":[{"taxonomy":"category","embeddable":true,"href":"https:\/\/www.europesays.com\/fr\/wp-json\/wp\/v2\/categories?post=529658"},{"taxonomy":"post_tag","embeddable":true,"href":"https:\/\/www.europesays.com\/fr\/wp-json\/wp\/v2\/tags?post=529658"}],"curies":[{"name":"wp","href":"https:\/\/api.w.org\/{rel}","templated":true}]}}