{"id":529660,"date":"2025-11-12T19:27:11","date_gmt":"2025-11-12T19:27:11","guid":{"rendered":"https:\/\/www.europesays.com\/fr\/529660\/"},"modified":"2025-11-12T19:27:11","modified_gmt":"2025-11-12T19:27:11","slug":"sur-un-chantier-de-construction-pres-de-bordeaux-un-ouvrier-de-68-ans-a-fait-une-chute-mortelle","status":"publish","type":"post","link":"https:\/\/www.europesays.com\/fr\/529660\/","title":{"rendered":"Sur un chantier de construction pr\u00e8s de Bordeaux, un ouvrier de 68 ans a fait une chute mortelle"},"content":{"rendered":"<p>                    Par<br \/>\n        <strong><br \/>\n            <a href=\"https:\/\/actu.fr\/auteur\/sports33\" title=\"Consulter tous les articles de Nicolas Gosselin\" rel=\"nofollow noopener\" target=\"_blank\">Nicolas Gosselin<\/a><br \/>\n                    <\/strong><\/p>\n<p>        Publi\u00e9 le<\/p>\n<p>            12 nov. 2025 \u00e0 19h12        <\/p>\n<p>Un drame est survenu sur un chantier rue Gabriel Dedieu \u00e0 <a href=\"https:\/\/actu.fr\/nouvelle-aquitaine\/lormont_33249\" rel=\"nofollow noopener\" target=\"_blank\">Lormont<\/a> (Gironde). Mercredi 12 novembre 2025, un <strong>ouvrier de 68 ans<\/strong> a fait une <strong>chute mortelle du troisi\u00e8me \u00e9tage<\/strong> d\u2019un b\u00e2timent en construction, situ\u00e9 \u00e0 proximit\u00e9 du quartier Brazza \u00e0 Bordeaux.<\/p>\n<p class=\" wall-content\">La victime, de nationalit\u00e9 fran\u00e7aise, est d\u00e9c\u00e9d\u00e9e sur le coup. Un <strong>autre ouvrier<\/strong>, \u00e2g\u00e9 de 30 ans, est aussi tomb\u00e9 du troisi\u00e8me \u00e9tage mais a pu \u00eatre pris en charge par les secours.<\/p>\n<p class=\" wall-content\">Gravement bless\u00e9, il a \u00e9t\u00e9 \u00e9vacu\u00e9 <strong>sous escorte polici\u00e8re<\/strong> et <strong>en urgence absolue<\/strong> vers l\u2019h\u00f4pital Pellegrin.<\/p>\n<p>    <a href=\"https:\/\/www.google.com\/maps\/embed?pb=!1m18!1m12!1m3!1d85395.0478304696!2d-0.6373786606246938!3d44.84372547500623!2m3!1f0!2f0!3f0!3m2!1i1024!2i768!4f13.1!3m3!1m2!1s0xd5528b781c949fd%3A0xd663c452811d1636!2s15%20Rue%20Gabriel%20Dedieu%2C%2033310%20Lormont!5e0!3m2!1sfr!2sfr!4v1762971062954!5m2!1sfr!2sfr\" title=\"Ouvrie le lien\" rel=\"nofollow noopener\" target=\"_blank\">Cliquez ici pour visualiser le contenu<\/a><\/p>\n<p class=\" wall-content\">La police, pr\u00e9sente sur les lieux de l\u2019accident de travail, a ouvert une enqu\u00eate.<\/p>\n<p class=\" wall-content\">Personnalisez votre actualit\u00e9 en ajoutant vos villes et m\u00e9dias en favori avec <a href=\"https:\/\/moncompte.actu.fr\" title=\"D\u00e9couvez Mon Actu\" rel=\"nofollow noopener\" data-trk=\"{&quot;cta&quot;:{&quot;action&quot;:&quot;https:\\\/\\\/moncompte.actu.fr&quot;,&quot;category&quot;:&quot;mon compte&quot;,&quot;from&quot;:&quot;article footer&quot;,&quot;name&quot;:&quot;Mon actu&quot;,&quot;type&quot;:&quot;cta&quot;}}\" target=\"_blank\">Mon Actu<\/a>.<\/p>\n","protected":false},"excerpt":{"rendered":"Par Nicolas Gosselin Publi\u00e9 le 12 nov. 2025 \u00e0 19h12 Un drame est survenu sur un chantier rue&hellip;\n","protected":false},"author":2,"featured_media":529661,"comment_status":"","ping_status":"","sticky":false,"template":"","format":"standard","meta":{"footnotes":""},"categories":[2817],"tags":[119,1111,11,1997,1777,674,118,1011,27,12,2219,25],"class_list":{"0":"post-529660","1":"post","2":"type-post","3":"status-publish","4":"format-standard","5":"has-post-thumbnail","7":"category-bordeaux","8":"tag-accident","9":"tag-actu","10":"tag-actualites","11":"tag-bordeaux","12":"tag-eu","13":"tag-europe","14":"tag-faits-divers","15":"tag-fr","16":"tag-france","17":"tag-news","18":"tag-nouvelle-aquitaine","19":"tag-republique-francaise"},"share_on_mastodon":{"url":"https:\/\/pubeurope.com\/@fr\/115538378447152632","error":""},"_links":{"self":[{"href":"https:\/\/www.europesays.com\/fr\/wp-json\/wp\/v2\/posts\/529660","targetHints":{"allow":["GET"]}}],"collection":[{"href":"https:\/\/www.europesays.com\/fr\/wp-json\/wp\/v2\/posts"}],"about":[{"href":"https:\/\/www.europesays.com\/fr\/wp-json\/wp\/v2\/types\/post"}],"author":[{"embeddable":true,"href":"https:\/\/www.europesays.com\/fr\/wp-json\/wp\/v2\/users\/2"}],"replies":[{"embeddable":true,"href":"https:\/\/www.europesays.com\/fr\/wp-json\/wp\/v2\/comments?post=529660"}],"version-history":[{"count":0,"href":"https:\/\/www.europesays.com\/fr\/wp-json\/wp\/v2\/posts\/529660\/revisions"}],"wp:featuredmedia":[{"embeddable":true,"href":"https:\/\/www.europesays.com\/fr\/wp-json\/wp\/v2\/media\/529661"}],"wp:attachment":[{"href":"https:\/\/www.europesays.com\/fr\/wp-json\/wp\/v2\/media?parent=529660"}],"wp:term":[{"taxonomy":"category","embeddable":true,"href":"https:\/\/www.europesays.com\/fr\/wp-json\/wp\/v2\/categories?post=529660"},{"taxonomy":"post_tag","embeddable":true,"href":"https:\/\/www.europesays.com\/fr\/wp-json\/wp\/v2\/tags?post=529660"}],"curies":[{"name":"wp","href":"https:\/\/api.w.org\/{rel}","templated":true}]}}