{"id":529666,"date":"2025-11-12T19:30:24","date_gmt":"2025-11-12T19:30:24","guid":{"rendered":"https:\/\/www.europesays.com\/fr\/529666\/"},"modified":"2025-11-12T19:30:24","modified_gmt":"2025-11-12T19:30:24","slug":"laudience-a-la-cour-administrative-dappel-de-toulouse-aura-lieu-le-11-decembre","status":"publish","type":"post","link":"https:\/\/www.europesays.com\/fr\/529666\/","title":{"rendered":"l\u2019audience \u00e0 la cour administrative d&rsquo;appel de Toulouse aura lieu le 11 d\u00e9cembre"},"content":{"rendered":"<p>\n    La Cour devra examiner les recours d\u00e9pos\u00e9s par l\u2019\u00c9tat et le concessionnaire contre l\u2019annulation de l\u2019autorisation environnementale de ce chantier.<\/p>\n<p class=\"fig-paragraph\">La cour administrative d&rsquo;appel de\u00a0<a href=\"http:\/\/www.lefigaro.fr\/musique\/une-oeuvre-du-rappeur-oli-du-groupe-bigflo-et-oli-entre-aux-collections-nationales-a-toulouse-20251112\" data-fig-type=\"NewsFlash\" data-gtm-custom-categorie=\"navigation\" data-gtm-custom-action=\"crossclick\" data-gtm-custom-label=\"Contextuel\" data-gtm-event=\"customEventSPE\" data-fig-domain=\"LEFIGARO\" target=\"_blank\" rel=\"noopener\">Toulouse<\/a>\u00a0va se pencher le 11 d\u00e9cembre sur le projet contest\u00e9 de l<a href=\"http:\/\/www.lefigaro.fr\/actualite-france\/autoroute-69-une-loi-de-validation-examinee-ce-jeudi-au-senat-pour-relancer-le-chantier-20250515\" data-fig-type=\"NewsFlash\" data-gtm-custom-categorie=\"navigation\" data-gtm-custom-action=\"crossclick\" data-gtm-custom-label=\"Contextuel\" data-gtm-event=\"customEventSPE\" data-fig-domain=\"LEFIGARO\" target=\"_blank\" rel=\"noopener\">&lsquo;autoroute A69<\/a>\u00a0entre Castres et Toulouse, a appris l\u2019AFP mercredi aupr\u00e8s du greffe de la juridiction.<\/p>\n<p class=\"fig-paragraph\">La Cour, apr\u00e8s avoir autoris\u00e9 fin mai une reprise provisoire des travaux, va examiner, lors de cette audience au fond, les recours d\u00e9pos\u00e9s par l&rsquo;\u00c9tat et le concessionnaire contre l&rsquo;annulation de l&rsquo;autorisation environnementale de ce chantier, d\u00e9cid\u00e9e le 27 f\u00e9vrier par le tribunal administratif de Toulouse.<\/p>\n","protected":false},"excerpt":{"rendered":"La Cour devra examiner les recours d\u00e9pos\u00e9s par l\u2019\u00c9tat et le concessionnaire contre l\u2019annulation de l\u2019autorisation environnementale de&hellip;\n","protected":false},"author":2,"featured_media":529667,"comment_status":"","ping_status":"","sticky":false,"template":"","format":"standard","meta":{"footnotes":""},"categories":[2816],"tags":[1111,11,6955,1777,674,1011,27,12,2680,25,2312],"class_list":{"0":"post-529666","1":"post","2":"type-post","3":"status-publish","4":"format-standard","5":"has-post-thumbnail","7":"category-toulouse","8":"tag-actu","9":"tag-actualites","10":"tag-autoroute","11":"tag-eu","12":"tag-europe","13":"tag-fr","14":"tag-france","15":"tag-news","16":"tag-occitanie","17":"tag-republique-francaise","18":"tag-toulouse"},"share_on_mastodon":{"url":"https:\/\/pubeurope.com\/@fr\/115538390083663087","error":""},"_links":{"self":[{"href":"https:\/\/www.europesays.com\/fr\/wp-json\/wp\/v2\/posts\/529666","targetHints":{"allow":["GET"]}}],"collection":[{"href":"https:\/\/www.europesays.com\/fr\/wp-json\/wp\/v2\/posts"}],"about":[{"href":"https:\/\/www.europesays.com\/fr\/wp-json\/wp\/v2\/types\/post"}],"author":[{"embeddable":true,"href":"https:\/\/www.europesays.com\/fr\/wp-json\/wp\/v2\/users\/2"}],"replies":[{"embeddable":true,"href":"https:\/\/www.europesays.com\/fr\/wp-json\/wp\/v2\/comments?post=529666"}],"version-history":[{"count":0,"href":"https:\/\/www.europesays.com\/fr\/wp-json\/wp\/v2\/posts\/529666\/revisions"}],"wp:featuredmedia":[{"embeddable":true,"href":"https:\/\/www.europesays.com\/fr\/wp-json\/wp\/v2\/media\/529667"}],"wp:attachment":[{"href":"https:\/\/www.europesays.com\/fr\/wp-json\/wp\/v2\/media?parent=529666"}],"wp:term":[{"taxonomy":"category","embeddable":true,"href":"https:\/\/www.europesays.com\/fr\/wp-json\/wp\/v2\/categories?post=529666"},{"taxonomy":"post_tag","embeddable":true,"href":"https:\/\/www.europesays.com\/fr\/wp-json\/wp\/v2\/tags?post=529666"}],"curies":[{"name":"wp","href":"https:\/\/api.w.org\/{rel}","templated":true}]}}