{"id":529668,"date":"2025-11-12T19:32:12","date_gmt":"2025-11-12T19:32:12","guid":{"rendered":"https:\/\/www.europesays.com\/fr\/529668\/"},"modified":"2025-11-12T19:32:12","modified_gmt":"2025-11-12T19:32:12","slug":"des-aurores-boreales-pourraient-etre-visibles-a-lille-dans-le-nord-et-le-pas-de-calais-ce-mercredi-soir","status":"publish","type":"post","link":"https:\/\/www.europesays.com\/fr\/529668\/","title":{"rendered":"Des aurores bor\u00e9ales pourraient \u00eatre visibles \u00e0 Lille, dans le Nord et le Pas-de-Calais ce mercredi soir"},"content":{"rendered":"<p>                    Par<br \/>\n        <strong><br \/>\n            <a href=\"https:\/\/actu.fr\/auteur\/raphael-mahlmann\" title=\"Consulter tous les articles de Rapha\u00ebl Mahlmann\" target=\"_blank\" rel=\"noopener\">Rapha\u00ebl Mahlmann<\/a><br \/>\n                    <\/strong><\/p>\n<p>        Publi\u00e9 le<\/p>\n<p>            12 nov. 2025 \u00e0 17h35        <\/p>\n<p>Des <a href=\"https:\/\/actu.fr\/tag\/aurores-boreales\" target=\"_blank\" rel=\"noopener\">aurores bor\u00e9ales<\/a><b> <\/b>ont \u00e9t\u00e9 observ\u00e9es un peu partout en France la nuit derni\u00e8re. Un clich\u00e9 de ph\u00e9nom\u00e8ne a \u00e9t\u00e9 pris \u00e0 <a href=\"https:\/\/actu.fr\/lille\/\" target=\"_blank\" rel=\"noopener\">Lille<\/a> par un photographe sp\u00e9cialis\u00e9 dans l\u2019astronomie. Et bonne nouvelle si vous l\u2019avez manqu\u00e9, <b>des aurores bor\u00e9ales<\/b> <b>pourraient \u00eatre de nouveaux visibles<\/b> dans le Nord et le <a href=\"https:\/\/actu.fr\/pas-de-calais\/\" target=\"_blank\" rel=\"noopener\">Pas-de-Calais<\/a> ce mercredi soir. On vous en dit plus.\u00a0<\/p>\n<p>Des aurores bor\u00e9ales \u00e0 Lille<\/p>\n<p class=\" wall-content\">Le <a href=\"https:\/\/actu.fr\/hauts-de-france\/arras_62041\/arras-les-incroyables-photos-de-julien-ont-fait-le-tour-du-monde-voici-ses-plus-beaux-cliches_62614559.html\" target=\"_blank\" rel=\"noopener\">photographe nordiste Julien Looten<\/a> a publi\u00e9 une photo sur son compte Instagram d\u2019une aurore bor\u00e9ale aper\u00e7u <b>au-dessus du Marais de Fretin, pr\u00e8s de Lille<\/b>. \u00ab\u00a0La m\u00e9t\u00e9o \u00e9tant particuli\u00e8rement instable, il \u00e9tait difficile de pr\u00e9voir un \u2018spot\u2019 fiable\u2026 J\u2019ai donc choisi de rester \u00e0 Lille, et, malgr\u00e9 la pollution lumineuse, les aurores ont bel et bien \u00e9t\u00e9 visibles \u00e0 travers quelques trou\u00e9es de nuages\u00a0\u00bb, explique-t-il sous sa publication.\u00a0<\/p>\n<p class=\" wall-content\"><a href=\"https:\/\/www.instagram.com\/p\/DQ8ZxiYjGNe\/embed\" title=\"Ouvrir le lien sur Instagram\" target=\"_blank\" rel=\"noopener\">Visualiser le contenu sur Instagram<\/a><\/p>\n<p class=\" wall-content\">Ce phon\u00e8me des aurores bor\u00e9ales est li\u00e9 \u00e0 plusieurs \u00e9ruptions solaires survenues deux jours auparavant. Une \u00e9jection de masse coronale (EMC) est notamment arriv\u00e9e vers 1h du matin \u00ab\u00a0avec une tr\u00e8s grande intensit\u00e9 magn\u00e9tique\u00a0\u00bb, explique le Centre Op\u00e9rationnel de M\u00e9t\u00e9orologie de l\u2019Espace des Alpes (COMEA).<\/p>\n<p class=\" wall-content\">Une troisi\u00e8me a \u00e9t\u00e9 d\u00e9tect\u00e9e aux alentours de 10h du matin et devrait donc nous atteindre en fin d\u2019apr\u00e8s-midi. Des aurores bor\u00e9ales pourront donc \u00eatre visibles ce mercredi soir ou dans la nuit. \u00ab\u00a0Bien s\u00fbr, l\u2019orientation magn\u00e9tique modulera l\u2019intensit\u00e9, mais il serait tr\u00e8s tr\u00e8s \u00e9tonnant de ne pas en observer sur toute la nuit\u00a0\u00bb, pr\u00e9cise l\u2019observatoire.\u00a0<\/p>\n<p class=\" wall-content\">Le seul probl\u00e8me reste la m\u00e9t\u00e9o. Le ciel est en effet particuli\u00e8rement couvert, rendant l\u2019observation des aurores bor\u00e9ales compliqu\u00e9es. Le mieux reste encore de s\u2019\u00e9loigner du centre-ville pour \u00e9viter toute pollution lumineuse.\u00a0<\/p>\n<p class=\" wall-content\">Personnalisez votre actualit\u00e9 en ajoutant vos villes et m\u00e9dias en favori avec <a href=\"https:\/\/moncompte.actu.fr\" title=\"D\u00e9couvez Mon Actu\" rel=\"nofollow noopener\" data-trk=\"{&quot;cta&quot;:{&quot;action&quot;:&quot;https:\\\/\\\/moncompte.actu.fr&quot;,&quot;category&quot;:&quot;mon compte&quot;,&quot;from&quot;:&quot;article footer&quot;,&quot;name&quot;:&quot;Mon actu&quot;,&quot;type&quot;:&quot;cta&quot;}}\" target=\"_blank\">Mon Actu<\/a>.<\/p>\n<p>                    <script async src=\"\/\/www.instagram.com\/embed.js\"><\/script><\/p>\n","protected":false},"excerpt":{"rendered":"Par Rapha\u00ebl Mahlmann Publi\u00e9 le 12 nov. 2025 \u00e0 17h35 Des aurores bor\u00e9ales ont \u00e9t\u00e9 observ\u00e9es un peu&hellip;\n","protected":false},"author":2,"featured_media":529669,"comment_status":"","ping_status":"","sticky":false,"template":"","format":"standard","meta":{"footnotes":""},"categories":[2815],"tags":[1111,11,64821,1777,674,1011,27,811,1307,12,25,2631],"class_list":{"0":"post-529668","1":"post","2":"type-post","3":"status-publish","4":"format-standard","5":"has-post-thumbnail","7":"category-lille","8":"tag-actu","9":"tag-actualites","10":"tag-aurores-boreales","11":"tag-eu","12":"tag-europe","13":"tag-fr","14":"tag-france","15":"tag-hauts-de-france","16":"tag-lille","17":"tag-news","18":"tag-republique-francaise","19":"tag-sciences-technologie"},"share_on_mastodon":{"url":"https:\/\/pubeurope.com\/@fr\/115538398054325540","error":""},"_links":{"self":[{"href":"https:\/\/www.europesays.com\/fr\/wp-json\/wp\/v2\/posts\/529668","targetHints":{"allow":["GET"]}}],"collection":[{"href":"https:\/\/www.europesays.com\/fr\/wp-json\/wp\/v2\/posts"}],"about":[{"href":"https:\/\/www.europesays.com\/fr\/wp-json\/wp\/v2\/types\/post"}],"author":[{"embeddable":true,"href":"https:\/\/www.europesays.com\/fr\/wp-json\/wp\/v2\/users\/2"}],"replies":[{"embeddable":true,"href":"https:\/\/www.europesays.com\/fr\/wp-json\/wp\/v2\/comments?post=529668"}],"version-history":[{"count":0,"href":"https:\/\/www.europesays.com\/fr\/wp-json\/wp\/v2\/posts\/529668\/revisions"}],"wp:featuredmedia":[{"embeddable":true,"href":"https:\/\/www.europesays.com\/fr\/wp-json\/wp\/v2\/media\/529669"}],"wp:attachment":[{"href":"https:\/\/www.europesays.com\/fr\/wp-json\/wp\/v2\/media?parent=529668"}],"wp:term":[{"taxonomy":"category","embeddable":true,"href":"https:\/\/www.europesays.com\/fr\/wp-json\/wp\/v2\/categories?post=529668"},{"taxonomy":"post_tag","embeddable":true,"href":"https:\/\/www.europesays.com\/fr\/wp-json\/wp\/v2\/tags?post=529668"}],"curies":[{"name":"wp","href":"https:\/\/api.w.org\/{rel}","templated":true}]}}