{"id":529670,"date":"2025-11-12T19:33:16","date_gmt":"2025-11-12T19:33:16","guid":{"rendered":"https:\/\/www.europesays.com\/fr\/529670\/"},"modified":"2025-11-12T19:33:16","modified_gmt":"2025-11-12T19:33:16","slug":"apres-une-altercation-pour-une-place-de-stationnement-il-insulte-et-menace-des-policiers","status":"publish","type":"post","link":"https:\/\/www.europesays.com\/fr\/529670\/","title":{"rendered":"apr\u00e8s une altercation pour une place de stationnement, il insulte et menace des policiers"},"content":{"rendered":"<p>Un homme d\u2019une quarantaine d\u2019ann\u00e9es a comparu, ce lundi 10\u00a0novembre 2025, devant le tribunal de Lille (<a target=\"_self\" href=\"https:\/\/www.lanouvellerepublique.fr\/nord\" rel=\"noopener\">Nord<\/a>) pour injure raciale, violences et menace de mort contre des policiers. Un conflit autour d\u2019une place de stationnement avec un autre conducteur avait d\u00e9g\u00e9n\u00e9r\u00e9 en bagarre, rapporte <a target=\"_blank\" href=\"https:\/\/www.lavoixdunord.fr\/1645316\/article\/2025-11-12\/lille-la-bagarre-pour-une-place-de-stationnement-rue-d-iena-se-termine-au\" rel=\"noopener\">La Voix du Nord<\/a>.<\/p>\n<p>\u00ab\u00a0Je me suis laiss\u00e9 emporter\u00a0\u00bb<\/p>\n<p>Samedi dernier, deux hommes qui convoitaient la m\u00eame place de stationnement s\u2019\u00e9taient invectiv\u00e9s avant d\u2019en venir aux mains. Alert\u00e9s, les policiers ont tent\u00e9 de calmer la situation mais l\u2019un des conducteurs en col\u00e8re les a insult\u00e9s et menac\u00e9s de mort. Finalement ma\u00eetris\u00e9 au sol, il se serait volontairement cogn\u00e9 la t\u00eate.<\/p>\n<p>\u00ab\u00a0Je me suis laiss\u00e9 emporter car j\u2019avais re\u00e7u une mauvaise nouvelle\u00a0\u00bb, a d\u00e9clar\u00e9 le quadrag\u00e9naire. Il a \u00e9t\u00e9 condamn\u00e9 \u00e0 une peine de quatre mois de prison avec sursis. Il a \u00e9galement \u00e9cop\u00e9 d\u2019une obligation de travail et devra verser 2.900\u00a0euros aux parties civiles, ainsi que payer une amende de 200\u00a0euros. L\u2019homme devra aussi participer \u00e0 un stage de citoyennet\u00e9.<\/p>\n","protected":false},"excerpt":{"rendered":"Un homme d\u2019une quarantaine d\u2019ann\u00e9es a comparu, ce lundi 10\u00a0novembre 2025, devant le tribunal de Lille (Nord) pour&hellip;\n","protected":false},"author":2,"featured_media":529671,"comment_status":"","ping_status":"","sticky":false,"template":"","format":"standard","meta":{"footnotes":""},"categories":[2815],"tags":[328,1111,11,1674,1777,674,274,1011,27,811,1307,12,1308,25],"class_list":{"0":"post-529670","1":"post","2":"type-post","3":"status-publish","4":"format-standard","5":"has-post-thumbnail","7":"category-lille","8":"tag-a-la-une","9":"tag-actu","10":"tag-actualites","11":"tag-communes","12":"tag-eu","13":"tag-europe","14":"tag-faits-divers-justice","15":"tag-fr","16":"tag-france","17":"tag-hauts-de-france","18":"tag-lille","19":"tag-news","20":"tag-nord","21":"tag-republique-francaise"},"share_on_mastodon":{"url":"https:\/\/pubeurope.com\/@fr\/115538402380658768","error":""},"_links":{"self":[{"href":"https:\/\/www.europesays.com\/fr\/wp-json\/wp\/v2\/posts\/529670","targetHints":{"allow":["GET"]}}],"collection":[{"href":"https:\/\/www.europesays.com\/fr\/wp-json\/wp\/v2\/posts"}],"about":[{"href":"https:\/\/www.europesays.com\/fr\/wp-json\/wp\/v2\/types\/post"}],"author":[{"embeddable":true,"href":"https:\/\/www.europesays.com\/fr\/wp-json\/wp\/v2\/users\/2"}],"replies":[{"embeddable":true,"href":"https:\/\/www.europesays.com\/fr\/wp-json\/wp\/v2\/comments?post=529670"}],"version-history":[{"count":0,"href":"https:\/\/www.europesays.com\/fr\/wp-json\/wp\/v2\/posts\/529670\/revisions"}],"wp:featuredmedia":[{"embeddable":true,"href":"https:\/\/www.europesays.com\/fr\/wp-json\/wp\/v2\/media\/529671"}],"wp:attachment":[{"href":"https:\/\/www.europesays.com\/fr\/wp-json\/wp\/v2\/media?parent=529670"}],"wp:term":[{"taxonomy":"category","embeddable":true,"href":"https:\/\/www.europesays.com\/fr\/wp-json\/wp\/v2\/categories?post=529670"},{"taxonomy":"post_tag","embeddable":true,"href":"https:\/\/www.europesays.com\/fr\/wp-json\/wp\/v2\/tags?post=529670"}],"curies":[{"name":"wp","href":"https:\/\/api.w.org\/{rel}","templated":true}]}}