{"id":529672,"date":"2025-11-12T19:34:13","date_gmt":"2025-11-12T19:34:13","guid":{"rendered":"https:\/\/www.europesays.com\/fr\/529672\/"},"modified":"2025-11-12T19:34:13","modified_gmt":"2025-11-12T19:34:13","slug":"sebastien-barles-allie-avec-lfi-mais-toujours-adjoint-au-maire-de-marseille-la-question-qui-fache-ou-pas","status":"publish","type":"post","link":"https:\/\/www.europesays.com\/fr\/529672\/","title":{"rendered":"S\u00e9bastien Barles alli\u00e9 avec LFI mais toujours adjoint au maire de Marseille, la question qui f\u00e2che&#8230; ou pas"},"content":{"rendered":"<p>Circulez, il n\u2019y a rien \u00e0 voir. Lorsqu\u2019on interroge S\u00e9bastien Barles sur la coh\u00e9rence entre une alliance avec LFI, <a href=\"https:\/\/www.laprovence.com\/article\/elections\/1990768482896214\/municipales-2026-a-marseille-sebastien-barles-et-le-collectif-vai-sallient-a-lfi\" target=\"_blank\" rel=\"noopener\">valid\u00e9e par son collectif Va\u00ef<\/a> le 6\u00a0novembre, et le fait de rester adjoint au maire Beno\u00eet Payan (DVG), probable candidat en mars &#8211; avec le PS, EELV et le PCF mais sans LFI, qui ne participe pas \u00e0 sa majorit\u00e9 -, l\u2019\u00e9lu des 1er-7e assume. \u00ab\u00a0Je d\u00e9fends le projet port\u00e9 en\u00a02020 pour transformer ce territoire, je continue mon boulot d\u2019adjoint \u00e0 la transition \u00e9cologique, d\u00e9fend-il. En revanche, je porte un regard critique sur notre bilan collectif, la question \u00e9cologique, l\u2019oxyg\u00e9nation d\u00e9mocratique.\u00a0\u00bb<\/p>\n<p>Un pied dedans, un pied dehors et une situation qui interpelle \u00e0 droite, o\u00f9 on a fait de La France insoumise la \u00ab\u00a0ligne rouge\u00a0\u00bb \u00e0 ne pas franchir pendant ces <a href=\"https:\/\/www.laprovence.com\/elections\/municipales\" target=\"_blank\" rel=\"noopener\">municipales<\/a>. \u00ab\u00a0Quand des adjoints de Sylvain Souvestre (LR) ou Anne-Marie d\u2019Estienne d&rsquo;Orves (DVD) rejoignent le RN, ils perdent imm\u00e9diatement leur d\u00e9l\u00e9gation. Qu\u2019est-ce que \u00e7a veut dire que M. Barles, cinq jours apr\u00e8s s\u2019\u00eatre alli\u00e9 \u00e0 LFI, soit toujours adjoint\u00a0? A minima, \u00e7a traduit une h\u00e9sitation de M. Payan\u00a0\u00bb, expose Romain Simmarano (Renaissance), porte-parole de Martine Vassal.<\/p>\n<p>\u00ab\u00a0Est-ce que cette r\u00e9flexion vaut aussi pour la M\u00e9tr&#8230;<\/p>\n","protected":false},"excerpt":{"rendered":"Circulez, il n\u2019y a rien \u00e0 voir. Lorsqu\u2019on interroge S\u00e9bastien Barles sur la coh\u00e9rence entre une alliance avec&hellip;\n","protected":false},"author":2,"featured_media":529673,"comment_status":"","ping_status":"","sticky":false,"template":"","format":"standard","meta":{"footnotes":""},"categories":[2814],"tags":[17,1111,11,7203,3396,47719,5949,1777,674,1011,27,780,4564,884,12,882,25,17417,1810],"class_list":{"0":"post-529672","1":"post","2":"type-post","3":"status-publish","4":"format-standard","5":"has-post-thumbnail","7":"category-marseille","8":"tag-17","9":"tag-actu","10":"tag-actualites","11":"tag-allie","12":"tag-avec","13":"tag-barles","14":"tag-elections","15":"tag-eu","16":"tag-europe","17":"tag-fr","18":"tag-france","19":"tag-lfi","20":"tag-mais","21":"tag-marseille","22":"tag-news","23":"tag-provence-alpes-cote-dazur","24":"tag-republique-francaise","25":"tag-sebastien","26":"tag-toujours"},"share_on_mastodon":{"url":"https:\/\/pubeurope.com\/@fr\/115538405851390033","error":""},"_links":{"self":[{"href":"https:\/\/www.europesays.com\/fr\/wp-json\/wp\/v2\/posts\/529672","targetHints":{"allow":["GET"]}}],"collection":[{"href":"https:\/\/www.europesays.com\/fr\/wp-json\/wp\/v2\/posts"}],"about":[{"href":"https:\/\/www.europesays.com\/fr\/wp-json\/wp\/v2\/types\/post"}],"author":[{"embeddable":true,"href":"https:\/\/www.europesays.com\/fr\/wp-json\/wp\/v2\/users\/2"}],"replies":[{"embeddable":true,"href":"https:\/\/www.europesays.com\/fr\/wp-json\/wp\/v2\/comments?post=529672"}],"version-history":[{"count":0,"href":"https:\/\/www.europesays.com\/fr\/wp-json\/wp\/v2\/posts\/529672\/revisions"}],"wp:featuredmedia":[{"embeddable":true,"href":"https:\/\/www.europesays.com\/fr\/wp-json\/wp\/v2\/media\/529673"}],"wp:attachment":[{"href":"https:\/\/www.europesays.com\/fr\/wp-json\/wp\/v2\/media?parent=529672"}],"wp:term":[{"taxonomy":"category","embeddable":true,"href":"https:\/\/www.europesays.com\/fr\/wp-json\/wp\/v2\/categories?post=529672"},{"taxonomy":"post_tag","embeddable":true,"href":"https:\/\/www.europesays.com\/fr\/wp-json\/wp\/v2\/tags?post=529672"}],"curies":[{"name":"wp","href":"https:\/\/api.w.org\/{rel}","templated":true}]}}