{"id":529676,"date":"2025-11-12T19:36:14","date_gmt":"2025-11-12T19:36:14","guid":{"rendered":"https:\/\/www.europesays.com\/fr\/529676\/"},"modified":"2025-11-12T19:36:14","modified_gmt":"2025-11-12T19:36:14","slug":"interview-de-laetitia-jossier-presidente-de-la-chambre-interdepartementale-des-notaires-ain-rhone-loire","status":"publish","type":"post","link":"https:\/\/www.europesays.com\/fr\/529676\/","title":{"rendered":"Interview de La\u00ebtitia Jossier. Pr\u00e9sidente de la Chambre interd\u00e9partementale des Notaires Ain-Rh\u00f4ne-Loire &#8211;"},"content":{"rendered":"<p>\t\t\t\t<img fetchpriority=\"high\" decoding=\"async\" width=\"900\" height=\"647\" src=\"https:\/\/www.europesays.com\/fr\/wp-content\/uploads\/2025\/11\/01-Laetitia-Jossier-presidente-Notaires.jpg\" alt=\"\" title=\"01 Laetitia Jossier presidente Notaires\"   class=\"wp-image-166789\"\/><\/p>\n<p><strong>Propos recueillis par Alexandra Carraz-Ceselli<\/strong> \u2013 Chaque mois, <strong>Alexandra Carraz-Ceselli<\/strong>, fondatrice de L\u2019\u00c9quipe des Lyonnes \u2013 un r\u00e9seau de 3 500 membres qui \u0153uvre \u00e0 faire \u00e9merger les voix f\u00e9minines dans le d\u00e9bat public, sans opposer les femmes aux hommes \u2013 met en lumi\u00e8re une personnalit\u00e9 inspirante dans son podcast \u00ab Le Caf\u00e9 des Lyonnes \u00bb.<\/p>\n<p>Ce mois-ci, rencontre avec <strong>La\u00ebtitia Jossier<\/strong>, la nouvelle pr\u00e9sidente de la Chambre interd\u00e9partementale des notaires Ain-Rh\u00f4ne-Loire. Notaire et femme de conviction, elle est une voix forte et engag\u00e9e dans une profession encore souvent m\u00e9connue, pourtant essentielle dans la soci\u00e9t\u00e9. Forte d\u2019un parcours qu\u2019elle a construit pas \u00e0 pas, elle s\u2019engage quotidiennement pour montrer la v\u00e9ritable richesse de cette profession, bien plus qu\u2019un simple acte juridique mais un accompagnement humain.<\/p>\n<p><strong>ACC\u00a0: \u00cates-vous une femme engag\u00e9e ?<br \/><\/strong><strong>LJ<\/strong>\u00a0: Oui, je suis une femme engag\u00e9e, enfin j\u2019esp\u00e8re l\u2019\u00eatre et je fais tout pour cela. En tant que pr\u00e9sidente de chambre, parce que je dois porter les valeurs du notariat et que c\u2019est un engagement au quotidien. Ce n\u2019est pas seulement \u00eatre notaire, c\u2019est porter les valeurs d\u2019humanit\u00e9 que v\u00e9hicule le notariat. Ce n\u2019est pas seulement recevoir des actes, c\u2019est accompagner des familles, des personnes, des soci\u00e9t\u00e9s. \u00c0 titre personnel, je suis aussi engag\u00e9e parce que je fais beaucoup d\u2019associatif. J\u2019aime aider les gens.<\/p>\n<p><strong>Pourquoi vous engager dans des mandats suppl\u00e9mentaires, alors que votre profession demande beaucoup de temps ?<br \/><\/strong>Nous n\u2019avons pas seulement envie d\u2019\u00eatre notaire, nous avons envie de montrer la profession telle qu\u2019elle est, de montrer ce que nous faisons, de d\u00e9velopper les choses. J\u2019ai envie que les gens voient ce qu\u2019un notaire peut faire pour eux. C\u2019est pour cela que je m\u2019engage pour les autres, parce que j\u2019aime le faire pour les autres.<\/p>\n<p><strong>Q<\/strong><strong>uand vous \u00e9tiez petite, r\u00eaviez-vous d\u00e9j\u00e0 de devenir notaire ?<br \/><\/strong>Petite, je r\u00eavais d\u2019\u00eatre journaliste. Puis un peu plus grande, quand j\u2019ai voulu m\u2019orienter, je voulais \u00eatre avocate, un peu comme tout le monde quand on veut faire du droit, on veut tous \u00eatre avocat ou magistrat, ou juge pour enfants. Ce sont des professions qui sont tr\u00e8s repr\u00e9sent\u00e9es \u00e0 la t\u00e9l\u00e9vision, avec une belle image. Le notaire, nous ne le voyons pas tous les jours et quand nous le voyons il n\u2019est pas toujours repr\u00e9sent\u00e9 \u00e0 son avantage. Pourtant, le notariat est une profession hyper en avance, notamment sur le num\u00e9rique et beaucoup d\u2019autres aspects. Il a fallu que j\u2019aille chez un notaire pour avoir envie de faire cela.<\/p>\n<p><strong>\u00ab\u00a0J\u2019ai d\u00e9couvert que le notariat est une profession tr\u00e8s organis\u00e9e et structur\u00e9e avec une d\u00e9ontologie forte.\u00a0\u00bb<\/strong><\/p>\n<p><strong>Pouvez-vous nous parler de votre parcours ?<br \/><\/strong>Au d\u00e9part, j\u2019ai fait une ma\u00eetrise en carri\u00e8re judiciaire et sciences criminelles, puis un master en droit. Ensuite, j\u2019ai pr\u00e9par\u00e9 le concours pour devenir avocate mais j\u2019ai finalement arr\u00eat\u00e9. J\u2019ai alors repris mes \u00e9tudes \u00e0 l\u2019\u00e9cole de notariat, une profession encore peu connue du public et souvent n\u00e9glig\u00e9e dans les orientations scolaires. J\u2019ai pass\u00e9 un examen d\u2019entr\u00e9e suivi d\u2019une ann\u00e9e \u00e0 plein temps, puis deux ann\u00e9es de stage. Je me suis retrouv\u00e9e dans une \u00e9tude dans l\u2019Ain o\u00f9 une femme, pr\u00e9sidente de la chambre de l\u2019Ain, est devenue mon mentor. Elle m\u2019a \u00e9norm\u00e9ment aid\u00e9e et m\u2019a donn\u00e9 envie de m\u2019engager dans cette profession. J\u2019ai d\u00e9couvert que le notariat est une profession tr\u00e8s organis\u00e9e et structur\u00e9e avec une d\u00e9ontologie forte. Pour diverses raisons, je n\u2019ai pas pu m\u2019associer \u00e0 l\u2019\u00e9poque mais j\u2019ai continu\u00e9 en tant que notaire salari\u00e9e dans une autre \u00e9tude, puis dans la mienne actuelle en vue de m\u2019associer. Mon engagement est venu naturellement car j\u2019ai vu l\u2019importance et l\u2019utilit\u00e9 de cette profession. Nous devons offrir de la confiance non seulement au public mais aussi \u00e0 nos confr\u00e8res et cons\u0153urs et cela nous donne un r\u00e9el sentiment d\u2019utilit\u00e9.<\/p>\n<p><strong><img loading=\"lazy\" decoding=\"async\" class=\" wp-image-166790 alignleft\" src=\"data:image\/svg+xml,%3Csvg%20xmlns=\" http:=\"\" alt=\"\" width=\"404\" height=\"491\" data-lazy-src=\"https:\/\/www.europesays.com\/fr\/wp-content\/uploads\/2025\/11\/02-Laetitia-Jossier.jpg\"\/>D\u2019apr\u00e8s votre exp\u00e9rience, pensez-vous que les femmes en France manquent de quelque chose pour r\u00e9ussir en 2025 ?<br \/><\/strong>Il y a un gain de libert\u00e9 pour les femmes aujourd\u2019hui et elles savent bien ce qu\u2019elles veulent. Nous observons que dans les jeunes g\u00e9n\u00e9rations, il y a eu une plus grande \u00e9quit\u00e9 notamment dans le couple. Cependant, la r\u00e9partition des t\u00e2ches reste souvent la m\u00eame, m\u00eame si elle est plus \u00e9quilibr\u00e9e. Par exemple, Monsieur va s\u2019occuper du chantier de la maison, tandis que Madame s\u2019occupe des papiers pour le permis de construire. Cela reste souvent comme \u00e7a, mais c\u2019est bas\u00e9 sur les comp\u00e9tences et les app\u00e9tences de chacun. Pour les anciennes g\u00e9n\u00e9rations, Madame ne venait jamais sans Monsieur car c\u2019\u00e9tait lui qui d\u00e9cidait. Aujourd\u2019hui, cela n\u2019existe plus chez les jeunes g\u00e9n\u00e9rations.<\/p>\n<p><strong>Quels conseils donneriez-vous aux jeunes femmes qui s\u2019int\u00e9resseraient \u00e0 la profession de notaire ?<br \/><\/strong>D\u00e9j\u00e0, il faut oser. Tout comme nos clients parfois ont du mal \u00e0 franchir la porte des \u00e9tudes en se disant \u00ab\u00a0je vais voir le notaire\u00a0\u00bb, il faut aussi oser pousser la porte de cette profession. Il faut venir voir car une profession s\u2019exp\u00e9rimente. Aujourd\u2019hui, nous avons plusieurs vies professionnelles, pas une seule. Donc, il faut oser explorer et peut-\u00eatre que cela leur plaira. Pour ma part, cette profession m\u2019a s\u00e9duite par sa coh\u00e9sion. Nous travaillons en \u00e9quipe, nous ne sommes pas tout seul. Elle est structur\u00e9e, et c\u2019est vraiment ce qui m\u2019a attir\u00e9e.<\/p>\n<p><strong>Si vous aviez une baguette magique, quelle mesure prendriez-vous pour rendre les femmes plus pr\u00e9sentes et visibles dans la soci\u00e9t\u00e9 et dans le d\u00e9bat public en France ?<br \/><\/strong>Ce serait de mettre en place un bilan d\u2019impact f\u00e9minin. Aujourd\u2019hui, dans les entreprises il existe des quotas pour les hommes et les femmes, mais il faudrait aller plus loin et faire chaque ann\u00e9e un bilan qui pourrait \u00eatre publi\u00e9 pour r\u00e9fl\u00e9chir \u00e0 l\u2019impact des actions men\u00e9es. Par exemple, lorsqu\u2019un produit est d\u00e9velopp\u00e9, quelle est sa valeur ajout\u00e9e pour les femmes ? Quand on fait du marketing, est-ce qu\u2019on donne une belle visibilit\u00e9 \u00e0 la femme ? Ce que l\u2019on met en place dans l\u2019entreprise est-il adapt\u00e9 \u00e0 la vie d\u2019une femme aujourd\u2019hui ? Parce qu\u2019en r\u00e9alit\u00e9, les femmes travaillent beaucoup mais on ne leur a souvent pas donn\u00e9 la possibilit\u00e9 de concilier travail et vie personnelle. Elles font autant qu\u2019un homme, mais elles portent souvent une charge mentale suppl\u00e9mentaire. Ce seraient des indicateurs beaucoup plus larges qui am\u00e8neraient forc\u00e9ment \u00e0 se poser d\u2019autres questions et \u00e0 faire avancer les choses, avec transparence. Les entreprises pourraient alors se mettre en concurrence et s\u2019inspirer les unes des autres. Cela permettrait de faire \u00e9voluer le statut de la femme dans l\u2019entreprise.<\/p>\n<p><a href=\"https:\/\/youtu.be\/Gb481t7Qffk\" target=\"_blank\" rel=\"noopener\">&gt; <strong>Lien vers le Caf\u00e9, ici<\/strong><\/a><\/p>\n","protected":false},"excerpt":{"rendered":"Propos recueillis par Alexandra Carraz-Ceselli \u2013 Chaque mois, Alexandra Carraz-Ceselli, fondatrice de L\u2019\u00c9quipe des Lyonnes \u2013 un r\u00e9seau&hellip;\n","protected":false},"author":2,"featured_media":529677,"comment_status":"","ping_status":"","sticky":false,"template":"","format":"standard","meta":{"footnotes":""},"categories":[1889],"tags":[4257,1111,11,2430,1777,674,1011,27,62318,2428,12,25],"class_list":{"0":"post-529676","1":"post","2":"type-post","3":"status-publish","4":"format-standard","5":"has-post-thumbnail","7":"category-lyon","8":"tag-0top","9":"tag-actu","10":"tag-actualites","11":"tag-auvergne-rhone-alpes","12":"tag-eu","13":"tag-europe","14":"tag-fr","15":"tag-france","16":"tag-laetitia-jossier","17":"tag-lyon","18":"tag-news","19":"tag-republique-francaise"},"share_on_mastodon":{"url":"https:\/\/pubeurope.com\/@fr\/115538414050469520","error":""},"_links":{"self":[{"href":"https:\/\/www.europesays.com\/fr\/wp-json\/wp\/v2\/posts\/529676","targetHints":{"allow":["GET"]}}],"collection":[{"href":"https:\/\/www.europesays.com\/fr\/wp-json\/wp\/v2\/posts"}],"about":[{"href":"https:\/\/www.europesays.com\/fr\/wp-json\/wp\/v2\/types\/post"}],"author":[{"embeddable":true,"href":"https:\/\/www.europesays.com\/fr\/wp-json\/wp\/v2\/users\/2"}],"replies":[{"embeddable":true,"href":"https:\/\/www.europesays.com\/fr\/wp-json\/wp\/v2\/comments?post=529676"}],"version-history":[{"count":0,"href":"https:\/\/www.europesays.com\/fr\/wp-json\/wp\/v2\/posts\/529676\/revisions"}],"wp:featuredmedia":[{"embeddable":true,"href":"https:\/\/www.europesays.com\/fr\/wp-json\/wp\/v2\/media\/529677"}],"wp:attachment":[{"href":"https:\/\/www.europesays.com\/fr\/wp-json\/wp\/v2\/media?parent=529676"}],"wp:term":[{"taxonomy":"category","embeddable":true,"href":"https:\/\/www.europesays.com\/fr\/wp-json\/wp\/v2\/categories?post=529676"},{"taxonomy":"post_tag","embeddable":true,"href":"https:\/\/www.europesays.com\/fr\/wp-json\/wp\/v2\/tags?post=529676"}],"curies":[{"name":"wp","href":"https:\/\/api.w.org\/{rel}","templated":true}]}}