{"id":529688,"date":"2025-11-12T19:43:25","date_gmt":"2025-11-12T19:43:25","guid":{"rendered":"https:\/\/www.europesays.com\/fr\/529688\/"},"modified":"2025-11-12T19:43:25","modified_gmt":"2025-11-12T19:43:25","slug":"a-lesj-paris-le-comite-de-soutien-a-boualem-sansal-savoure-sa-liberation","status":"publish","type":"post","link":"https:\/\/www.europesays.com\/fr\/529688\/","title":{"rendered":"\u00e0 l\u2019ESJ Paris, le comit\u00e9 de soutien \u00e0 Boualem Sansal savoure sa lib\u00e9ration"},"content":{"rendered":"<p>\n    <strong>REPORTAGE &#8211;<\/strong> Quelques heures apr\u00e8s l\u2019annonce de sa lib\u00e9ration, le comit\u00e9 de soutien de Boualem Sansal &#8211; autour de No\u00eblle Lenoir, Arnaud Benedetti et la fille de l\u2019\u00e9crivain franco-alg\u00e9rien &#8211; s\u2019est r\u00e9uni \u00e0 l\u2019ESJ Paris pour transformer l\u2019hommage pr\u00e9vu en c\u00e9l\u00e9bration \u00e9mue.<\/p>\n<p class=\"fig-paragraph\">En d\u00e9but d\u2019apr\u00e8s-midi, l\u2019Alg\u00e9rie annon\u00e7ait la gr\u00e2ce et le transfert vers Berlin de l\u2019\u00e9crivain franco-alg\u00e9rien, d\u00e9tenu depuis pr\u00e8s d\u2019un an. Ce qui devait \u00eatre un hommage grave &#8211; en baptisant la salle de conf\u00e9rences du nom de Boualem Sansal &#8211; s\u2019est mu\u00e9 en c\u00e9l\u00e9bration \u00e9mue \u00e0 l\u2019ESJ Paris. \u00abC\u2019est une soir\u00e9e de f\u00eate, m\u00eame si elle avait \u00e9t\u00e9 pens\u00e9e comme un moment solennel\u00bb, confie le directeur de l\u2019\u00e9cole, Emmanuel Ostian.<\/p>\n<p class=\"fig-paragraph\">Sur sc\u00e8ne, les intervenants partagent le m\u00eame soulagement. L\u2019ambassadeur\u00a0<a href=\"http:\/\/www.lefigaro.fr\/vox\/societe\/xavier-driencourt-pourquoi-il-faut-lire-le-rapport-parlementaire-sur-l-immigration-algerienne-en-france-20251023\" data-fig-type=\"Article\" data-gtm-custom-categorie=\"navigation\" data-gtm-custom-action=\"crossclick\" data-gtm-custom-label=\"Contextuel\" data-gtm-event=\"customEventSPE\" data-fig-domain=\"LEFIGARO\" target=\"_blank\" rel=\"noopener\">Xavier Driencourt<\/a>, retenu sur les plateaux t\u00e9l\u00e9 en raison de l\u2019actualit\u00e9, n\u2019avait pu se d\u00e9placer, mais\u00a0<a href=\"http:\/\/www.lefigaro.fr\/vox\/culture\/arnaud-benedetti-et-georges-marc-benamou-en-primant-boualem-sansal-le-nobel-saluerait-les-valeurs-des-societes-libres-qui-entendent-le-rester-20251007\" data-fig-type=\"Article\" data-gtm-custom-categorie=\"navigation\" data-gtm-custom-action=\"crossclick\" data-gtm-custom-label=\"Contextuel\" data-gtm-event=\"customEventSPE\" data-fig-domain=\"LEFIGARO\" target=\"_blank\" rel=\"noopener\">Arnaud Benedetti, fondateur du comit\u00e9 de soutien \u00e0 Boualem Sansal<\/a>\u00a0et r\u00e9dacteur en chef de la revue Politique et Parlementaire, \u00e9tait bien l\u00e0, aux c\u00f4t\u00e9s de\u00a0<a href=\"http:\/\/www.lefigaro.fr\/vox\/politique\/noelle-lenoir-et-jean-eric-schoettl-condamnation-de-nicolas-sarkozy-l-impartialite-du-tribunal-en-question-20250928\" data-fig-type=\"Article\" data-gtm-custom-categorie=\"navigation\" data-gtm-custom-action=\"crossclick\" data-gtm-custom-label=\"Contextuel\" data-gtm-event=\"customEventSPE\" data-fig-domain=\"LEFIGARO\" target=\"_blank\" rel=\"noopener\">No\u00eblle Lenoir, ancienne ministre et pr\u00e9sidente du comit\u00e9<\/a>, et de la fille de l\u2019\u00e9crivain,\u00a0<a href=\"http:\/\/www.lefigaro.fr\/international\/grace-de-boualem-sansal-j-etais-pessimiste-mais-j-y-ai-toujours-cru-indique-sa-fille-sabeha-20251112\" data-fig-type=\"NewsFlash\" data-gtm-custom-categorie=\"navigation\" data-gtm-custom-action=\"crossclick\" data-gtm-custom-label=\"Contextuel\" data-gtm-event=\"customEventSPE\" data-fig-domain=\"LEFIGARO\" target=\"_blank\" rel=\"noopener\">Sabeha Sansal<\/a>, pr\u00e9sente en visioconf\u00e9rence depuis Prague. \u00abIl y a un mois et demi, nous n\u2019imaginions pas un d\u00e9nouement aussi rapide\u00bb, explique Arnaud Benedetti, rappelant que le comit\u00e9 de soutien \u00abn\u2019a jamais \u00e9t\u00e9 d\u00e9courag\u00e9\u00bb malgr\u00e9 une ann\u00e9e d\u2019incertitude. Selon lui, c\u2019est \u00abun effort collectif\u00bb qui a permis ce tournant\u00a0: la mobilisation des m\u00e9dias, de la diplomatie allemande et de nombreuses personnalit\u00e9s fran\u00e7aises, en faisant fi des colorations politiques, \u00e0 l\u2019unisson autour d\u2019une m\u00eame cause. Ce dernier pr\u00e9cise toutefois que l\u2019auteur, \u00e2g\u00e9 de 80 ans et atteint d\u2019un cancer, \u00absera normalement pris en charge \u00e0 l\u2019h\u00f4pital de la Charit\u00e9 de Berlin pour des examens m\u00e9dicaux\u00bb.<\/p>\n<p class=\"fig-body-link\">\n            \u00c0 lire aussi<br \/>\n        <a class=\"fig-body-link__link fig-premium-mark\" href=\"http:\/\/www.lefigaro.fr\/politique\/boualem-sansal-libere-l-histoire-secrete-d-un-an-de-laborieuses-tentatives-de-macron-et-de-la-diplomatie-francaise-20251112\" data-fig-type=\"Article\" data-gtm-custom-categorie=\"navigation\" data-gtm-custom-action=\"crossclick\" data-gtm-custom-label=\"Contextuel\" data-gtm-event=\"customEventSPE\" data-fig-domain=\"LEFIGARO\" target=\"_blank\" rel=\"noopener\"><\/p>\n<p>        Boualem Sansal lib\u00e9r\u00e9\u00a0: l\u2019histoire secr\u00e8te d\u2019un an de laborieuses tentatives de Macron et de la diplomatie fran\u00e7aise<br \/>\n    <\/a>\n<\/p>\n<p>                                    <a class=\"fig-a11y-skip a11y-hidden\" href=\"#fig-a11y-skip-main-inarticle\"><br \/>\n        Passer la publicit\u00e9<br \/>\n    <\/a><\/p>\n<p class=\"fig-paragraph\">No\u00eblle Lenoir, \u00e9mue, salue \u00abune journ\u00e9e historique\u00bb. Pour elle, la lib\u00e9ration de Boualem Sansal r\u00e9sonne bien au-del\u00e0 du cas individuel. \u00abIl incarne cette id\u00e9e essentielle\u00a0: l\u2019extr\u00e9misme est un poison. La religion ne doit pas \u00eatre une loi qui s\u2019impose \u00e0 tous, mais un dialogue intime et personnel\u00bb, d\u00e9clare-t-elle, avant de rappeler le r\u00f4le d\u00e9terminant jou\u00e9 par la presse dans cette issue heureuse. \u00abCette mobilisation a transcend\u00e9 les clivages politiques. C\u2019est assez rare pour \u00eatre soulign\u00e9\u00bb, ajoute-t-elle, \u00e9voquant un sursaut collectif au nom de la libert\u00e9. En visioconf\u00e9rence, la fille de l\u2019\u00e9crivain, Sabeha Sansal, la voix serr\u00e9e, remercie le comit\u00e9 de soutien\u00a0: \u00abJe suis tr\u00e8s heureuse, car j\u2019\u00e9tais pessimiste. C\u2019est un moment magnifique.\u00bb Elle confie cependant ne pas encore avoir pu entrer en contact avec son p\u00e8re\u00a0: \u00abSon num\u00e9ro ne fonctionne pas, j\u2019attends un message officiel pour savoir quand je pourrai le voir.\u00bb<\/p>\n<p>    Sabeha Sansal, la fille de l\u2019auteur franco-alg\u00e9rien, fait part de son \u00e9motion suite \u00e0 la lib\u00e9ration de son p\u00e8re.<br \/>\n                ESJ Paris<\/p>\n<p class=\"fig-paragraph\">L\u2019\u00e9motion, elle, traverse la salle. \u00abBoualem Sansal n\u2019est pas seulement un \u00e9crivain, c\u2019est une conscience\u00bb, a r\u00e9sum\u00e9 Emmanuel Ostian. La plus ancienne \u00e9cole de journalisme au monde poss\u00e8de d\u00e9sormais une salle de conf\u00e9rences au nom de Boualem Sansal, symbole d\u2019une libert\u00e9 de parole, ch\u00e8rement d\u00e9fendue par le comit\u00e9 de soutien \u00e0 l\u2019\u00e9crivain franco-alg\u00e9rien.<\/p>\n","protected":false},"excerpt":{"rendered":"REPORTAGE &#8211; Quelques heures apr\u00e8s l\u2019annonce de sa lib\u00e9ration, le comit\u00e9 de soutien de Boualem Sansal &#8211; autour&hellip;\n","protected":false},"author":2,"featured_media":529689,"comment_status":"","ping_status":"","sticky":false,"template":"","format":"standard","meta":{"footnotes":""},"categories":[1888],"tags":[11,15,4142,1777,674,1011,27,12,626,25],"class_list":{"0":"post-529688","1":"post","2":"type-post","3":"status-publish","4":"format-standard","5":"has-post-thumbnail","7":"category-paris","8":"tag-actualites","9":"tag-algerie","10":"tag-boualem-sansal","11":"tag-eu","12":"tag-europe","13":"tag-fr","14":"tag-france","15":"tag-news","16":"tag-paris","17":"tag-republique-francaise"},"share_on_mastodon":{"url":"https:\/\/pubeurope.com\/@fr\/115538441286811720","error":""},"_links":{"self":[{"href":"https:\/\/www.europesays.com\/fr\/wp-json\/wp\/v2\/posts\/529688","targetHints":{"allow":["GET"]}}],"collection":[{"href":"https:\/\/www.europesays.com\/fr\/wp-json\/wp\/v2\/posts"}],"about":[{"href":"https:\/\/www.europesays.com\/fr\/wp-json\/wp\/v2\/types\/post"}],"author":[{"embeddable":true,"href":"https:\/\/www.europesays.com\/fr\/wp-json\/wp\/v2\/users\/2"}],"replies":[{"embeddable":true,"href":"https:\/\/www.europesays.com\/fr\/wp-json\/wp\/v2\/comments?post=529688"}],"version-history":[{"count":0,"href":"https:\/\/www.europesays.com\/fr\/wp-json\/wp\/v2\/posts\/529688\/revisions"}],"wp:featuredmedia":[{"embeddable":true,"href":"https:\/\/www.europesays.com\/fr\/wp-json\/wp\/v2\/media\/529689"}],"wp:attachment":[{"href":"https:\/\/www.europesays.com\/fr\/wp-json\/wp\/v2\/media?parent=529688"}],"wp:term":[{"taxonomy":"category","embeddable":true,"href":"https:\/\/www.europesays.com\/fr\/wp-json\/wp\/v2\/categories?post=529688"},{"taxonomy":"post_tag","embeddable":true,"href":"https:\/\/www.europesays.com\/fr\/wp-json\/wp\/v2\/tags?post=529688"}],"curies":[{"name":"wp","href":"https:\/\/api.w.org\/{rel}","templated":true}]}}