{"id":529690,"date":"2025-11-12T19:44:16","date_gmt":"2025-11-12T19:44:16","guid":{"rendered":"https:\/\/www.europesays.com\/fr\/529690\/"},"modified":"2025-11-12T19:44:16","modified_gmt":"2025-11-12T19:44:16","slug":"lukraine-demande-le-soutien-du-g7-alors-que-la-russie-sattaque-a-son-reseau-energetique","status":"publish","type":"post","link":"https:\/\/www.europesays.com\/fr\/529690\/","title":{"rendered":"L&rsquo;Ukraine demande le soutien du G7 alors que la Russie s&rsquo;attaque \u00e0 son r\u00e9seau \u00e9nerg\u00e9tique"},"content":{"rendered":"<p>Le ministre ukrainien des Affaires \u00e9trang\u00e8res a demand\u00e9 aux diplomates des pays industrialis\u00e9s du Groupe des sept (G7) de l&rsquo;aider \u00e0 repousser les attaques a\u00e9riennes russes qui ont provoqu\u00e9 des coupures d&rsquo;\u00e9lectricit\u00e9 dans tout le pays.<\/p>\n<p>S&rsquo;exprimant lors d&rsquo;une r\u00e9union consacr\u00e9e \u00e0 la coop\u00e9ration en mati\u00e8re de d\u00e9fense, Andriy Sybiha a pr\u00e9venu que l&rsquo;Ukraine devait surmonter ce qui sera un \u00ab\u00a0hiver tr\u00e8s difficile, tr\u00e8s dur\u00a0\u00bb.<\/p>\n<p>\u00ab\u00a0Nous avons besoin du soutien de nos partenaires\u00a0\u00bb, a d\u00e9clar\u00e9 le ministre lors de la r\u00e9union au Canada \u00e0 laquelle participaient le secr\u00e9taire d&rsquo;\u00c9tat am\u00e9ricain Marco Rubio et ses homologues.<\/p>\n<p>Nouvelles sanctions canadiennes contre Moscou<\/p>\n<p>Le Canada a annonc\u00e9 de nouvelles sanctions contre la Russie mercredi et, un jour plus t\u00f4t, le Royaume-Uni s&rsquo;est engag\u00e9 \u00e0 financer l&rsquo;infrastructure \u00e9nerg\u00e9tique de l&rsquo;Ukraine.<\/p>\n<p>Les nouvelles sanctions canadiennes \u00e0 l&rsquo;encontre de la Russie visent 13 personnes et 11 entit\u00e9s, dont plusieurs sont impliqu\u00e9es dans le d\u00e9veloppement et le d\u00e9ploiement du programme de drones de Moscou.<\/p>\n<p>\u00ab\u00a0Ceux qui permettent la guerre de la Russie en subiront les cons\u00e9quences\u00a0\u00bb, a d\u00e9clar\u00e9 la ministre canadienne des Affaires \u00e9trang\u00e8res, Anita Anand.<\/p>\n<p>Le Royaume-Uni avait annonc\u00e9 la veille qu&rsquo;il enverrait 13 millions de livres sterling (14 millions d&rsquo;euros) pour aider \u00e0 r\u00e9parer l&rsquo;infrastructure \u00e9nerg\u00e9tique de l&rsquo;Ukraine. L&rsquo;argent servira \u00e0 r\u00e9parer les r\u00e9seaux d&rsquo;\u00e9lectricit\u00e9, de chauffage et d&rsquo;eau, ainsi qu&rsquo;\u00e0 apporter une aide humanitaire aux Ukrainiens.<\/p>\n<p>La ministre britannique des Affaires \u00e9trang\u00e8res, Yvette Cooper, qui a fait cette annonce avant la r\u00e9union, a d\u00e9clar\u00e9 que Vladimir Poutine \u00ab\u00a0tente de plonger l&rsquo;Ukraine dans l&rsquo;obscurit\u00e9 et le froid \u00e0 l&rsquo;approche de l&rsquo;hiver\u00a0\u00bb, mais que l&rsquo;aide britannique permettrait de maintenir \u00ab\u00a0la lumi\u00e8re et le chauffage\u00a0\u00bb.<\/p>\n<p>Les \u00c9tats-Unis engag\u00e9s pour \u00ab\u00a0une paix durable\u00a0\u00bb en Ukraine<\/p>\n<p>De son c\u00f4t\u00e9, Marco Rubio n&rsquo;a pas annonc\u00e9 de nouvelles initiatives am\u00e9ricaines dans l&rsquo;imm\u00e9diat, mais il a d\u00e9clar\u00e9 sur les r\u00e9seaux sociaux que la r\u00e9union avait permis d&rsquo;examiner les moyens de \u00ab\u00a0renforcer la d\u00e9fense de l&rsquo;Ukraine et de mettre un terme \u00e0 ce conflit sanglant\u00a0\u00bb.<\/p>\n<p>\u00ab\u00a0Les \u00c9tats-Unis restent d\u00e9termin\u00e9s \u00e0 travailler avec leurs partenaires pour encourager la Russie \u00e0 poursuivre la diplomatie et \u00e0 s&rsquo;engager directement avec l&rsquo;Ukraine pour une paix durable\u00a0\u00bb, a-t-il d\u00e9clar\u00e9.<\/p>\n<p>Le soutien des \u00c9tats-Unis \u00e0 l&rsquo;Ukraine sous la pr\u00e9sidence de Donald Trump et ses relations avec le pr\u00e9sident ukrainien Volodymyr Zelensky ont \u00e9t\u00e9 marqu\u00e9s par des changements r\u00e9p\u00e9t\u00e9s de position.<\/p>\n<p>Le pr\u00e9sident am\u00e9ricain a d&rsquo;abord d\u00e9clar\u00e9 que Kyiv devait \u00eatre pr\u00eate \u00e0 c\u00e9der les territoires occup\u00e9s par la Russie. Il a ensuite sugg\u00e9r\u00e9 que l&rsquo;Ukraine \u00e9tait <a href=\"https:\/\/fr.euronews.com\/2025\/09\/23\/lukraine-peut-reconquerir-ses-terres-face-a-la-russie-estime-donald-trump\" target=\"_blank\" rel=\"noopener\"><strong>capable de reprendre ces zones<\/strong><\/a>, avant de douter de nouveau de la capacit\u00e9 de Kyiv \u00e0 gagner la guerre.<\/p>\n<p>La semaine derni\u00e8re, Volodymyr Zelensky a d\u00e9clar\u00e9 vouloir commander 25 syst\u00e8mes de d\u00e9fense a\u00e9rienne Patriot aux \u00c9tats-Unis. <\/p>\n<p>Les frappes de missiles et de drones russes sur le r\u00e9seau \u00e9lectrique ont co\u00efncid\u00e9 avec les efforts d\u00e9ploy\u00e9s par l&rsquo;Ukraine pour contenir la pouss\u00e9e russe sur le champ de bataille visant \u00e0 s&#8217;emparer du bastion de Pokrovsk, dans l&rsquo;est du pays.<\/p>\n<p>Tensions entre alli\u00e9s<\/p>\n<p>Les discussions sur l&rsquo;Ukraine ont eu lieu durant la r\u00e9union du G7 organis\u00e9e par Anita Anand dans le sud de l&rsquo;Ontario, alors que les tensions augmentent entre les \u00c9tats-Unis et leurs alli\u00e9s traditionnels, tels que le Canada, au sujet des d\u00e9penses de d\u00e9fense et des relations commerciales.<\/p>\n<p>La r\u00e9union de deux jours \u00e0 Niagara-on-the-Lake, pr\u00e8s de la fronti\u00e8re am\u00e9ricaine, intervient apr\u00e8s que Donald Trump a mis fin aux n\u00e9gociations commerciales avec le Canada parce que le gouvernement provincial de l&rsquo;Ontario a diffus\u00e9 \u00e0 la t\u00e9l\u00e9vision <a href=\"https:\/\/fr.euronews.com\/business\/2025\/10\/24\/donald-trump-rompt-les-negociations-commerciales-avec-le-canada-apres-la-diffusion-dune-pu\" target=\"_blank\" rel=\"noopener\"><strong>une publicit\u00e9 anti-tarifaire qui l&rsquo;a contrari\u00e9<\/strong><\/a>.<\/p>\n<p>Anita Anand a rencontr\u00e9 Marco Rubio, mais elle a fait remarquer qu&rsquo;un autre ministre s&rsquo;occupait de la question du commerce, et aucun des deux diplomates n&rsquo;a \u00e9voqu\u00e9 une quelconque reprise des n\u00e9gociations commerciales entre le Canada et les \u00c9tats-Unis.<\/p>\n<p>Le G7 comprend le Canada, les \u00c9tats-Unis, le Royaume-Uni, la France, l&rsquo;Allemagne, l&rsquo;Italie et le Japon.<\/p>\n<p>Anita Anand a \u00e9galement invit\u00e9 les ministres des Affaires \u00e9trang\u00e8res de l&rsquo;Australie, du Br\u00e9sil, de l&rsquo;Inde, de l&rsquo;Arabie saoudite, du Mexique, de la Cor\u00e9e du Sud, de l&rsquo;Afrique du Sud et de l&rsquo;Ukraine \u00e0 cette r\u00e9union, qui a d\u00e9but\u00e9 mardi.<\/p>\n<p>Sources additionnelles<strong> \u2022 AP<\/strong><\/p>\n","protected":false},"excerpt":{"rendered":"Le ministre ukrainien des Affaires \u00e9trang\u00e8res a demand\u00e9 aux diplomates des pays industrialis\u00e9s du Groupe des sept (G7)&hellip;\n","protected":false},"author":2,"featured_media":529691,"comment_status":"","ping_status":"","sticky":false,"template":"","format":"standard","meta":{"footnotes":""},"categories":[1591],"tags":[11,574,1887,23564,131,2025,12,1885,1886,132,220],"class_list":{"0":"post-529690","1":"post","2":"type-post","3":"status-publish","4":"format-standard","5":"has-post-thumbnail","7":"category-russie","8":"tag-actualites","9":"tag-canada","10":"tag-federation-de-russie","11":"tag-g7","12":"tag-guerre-en-ukraine","13":"tag-invasion-de-la-russie-en-ukraine","14":"tag-news","15":"tag-russia","16":"tag-russian-federation","17":"tag-russie","18":"tag-ukraine"},"share_on_mastodon":{"url":"https:\/\/pubeurope.com\/@fr\/115538445277444981","error":""},"_links":{"self":[{"href":"https:\/\/www.europesays.com\/fr\/wp-json\/wp\/v2\/posts\/529690","targetHints":{"allow":["GET"]}}],"collection":[{"href":"https:\/\/www.europesays.com\/fr\/wp-json\/wp\/v2\/posts"}],"about":[{"href":"https:\/\/www.europesays.com\/fr\/wp-json\/wp\/v2\/types\/post"}],"author":[{"embeddable":true,"href":"https:\/\/www.europesays.com\/fr\/wp-json\/wp\/v2\/users\/2"}],"replies":[{"embeddable":true,"href":"https:\/\/www.europesays.com\/fr\/wp-json\/wp\/v2\/comments?post=529690"}],"version-history":[{"count":0,"href":"https:\/\/www.europesays.com\/fr\/wp-json\/wp\/v2\/posts\/529690\/revisions"}],"wp:featuredmedia":[{"embeddable":true,"href":"https:\/\/www.europesays.com\/fr\/wp-json\/wp\/v2\/media\/529691"}],"wp:attachment":[{"href":"https:\/\/www.europesays.com\/fr\/wp-json\/wp\/v2\/media?parent=529690"}],"wp:term":[{"taxonomy":"category","embeddable":true,"href":"https:\/\/www.europesays.com\/fr\/wp-json\/wp\/v2\/categories?post=529690"},{"taxonomy":"post_tag","embeddable":true,"href":"https:\/\/www.europesays.com\/fr\/wp-json\/wp\/v2\/tags?post=529690"}],"curies":[{"name":"wp","href":"https:\/\/api.w.org\/{rel}","templated":true}]}}