{"id":529692,"date":"2025-11-12T19:45:34","date_gmt":"2025-11-12T19:45:34","guid":{"rendered":"https:\/\/www.europesays.com\/fr\/529692\/"},"modified":"2025-11-12T19:45:34","modified_gmt":"2025-11-12T19:45:34","slug":"lukraine-pense-plutot-a-la-deuxieme-place","status":"publish","type":"post","link":"https:\/\/www.europesays.com\/fr\/529692\/","title":{"rendered":"l\u2019Ukraine pense plut\u00f4t \u00e0 la deuxi\u00e8me place"},"content":{"rendered":"<p>\u00ab\u00a0Utopique\u00a0\u00bb. Voil\u00e0 comment les m\u00e9dias ukrainiens parlent des chances de premi\u00e8re place de leur \u00e9quipe nationale dans le groupe D. Pourquoi\u00a0? Parce que m\u00eame si elle venait \u00e0 cr\u00e9er une immense surprise au Parc des Princes ce jeudi, l\u2019Ukraine poss\u00e9derait logiquement une moins bonne diff\u00e9rence de buts que la France, ce qui l\u2019obligerait ensuite \u00e0 battre l\u2019Islande, tout en comptant sur un faux-pas des Bleus en Azerba\u00efdjan. Un sc\u00e9nario hautement improbable, qui fait croire aux Ukrainiens qu\u2019un nul \u00e0 Paris serait \u00ab\u00a0l\u2019hypoth\u00e8se la plus optimiste\u00a0\u00bb.<\/p>\n<p>Car il permettrait aux hommes de Sergue\u00ef Rebrov d\u2019aborder la derni\u00e8re journ\u00e9e contre l\u2019Islande en position de force en vue d\u2019un ticket qualificatif pour les barrages du mois de\u00a0mars. Un match plus important\u00a0?\u00a0\u00c0 entendre les m\u00e9dias ukrainiens, mercredi dans le sous-sol du Parc, on se demande si certains ne voudraient pas voir aligner une \u00e9quipe bis ce jeudi pour garder les meilleurs joueurs au chaud pour une \u00e9ventuelle \u00ab\u00a0finale pour la deuxi\u00e8me place\u00a0\u00bb dimanche.<\/p>\n<p>Ce contenu est bloqu\u00e9 car vous n&rsquo;avez pas accept\u00e9 les cookies et autres traceurs.<\/p>\n<p>En cliquant sur \u00ab J\u2019accepte \u00bb, les cookies et autres traceurs seront d\u00e9pos\u00e9s et vous pourrez visualiser les contenus  (<a href=\"\" class=\"consentModule_policy\" target=\"_blank\" title=\"Consulter la politique de protection des donn\u00e9es du fournisseur\">plus d&rsquo;informations<\/a>).<\/p>\n<p>En cliquant sur \u00ab J\u2019accepte tous les cookies \u00bb, vous autorisez des d\u00e9p\u00f4ts de cookies et autres traceurs pour le stockage de vos donn\u00e9es sur nos sites et applications \u00e0 des fins de personnalisation et de ciblage publicitaire.<\/p>\n<p class=\"consentModule_secondaryText\">Vous gardez la possibilit\u00e9 de retirer votre consentement \u00e0 tout moment en consultant notre <a href=\"https:\/\/www.ledauphine.com\/protection-des-donnees\" target=\"_blank\" title=\"Consulter notre politique de protection des donn\u00e9es\" rel=\"noopener\">politique de protection des donn\u00e9es<\/a>. <br \/>&#13;<br \/>\n            <a href=\"https:\/\/www.ledauphine.com\/sport\/2025\/11\/12\/javascript:Didomi.notice.show()\" class=\"consentModule_cmp\" target=\"_blank\" rel=\"noopener\">G\u00e9rer mes choix<\/a>&#13;\n        <\/p>\n<p>&#13;<br \/>\n                        J&rsquo;accepte&#13;<br \/>\n            J&rsquo;accepte tous les cookies&#13;\n        <\/p>\n<p>  \u00a0 \u00ab\u00a0Nous n\u2019avons pas peur\u00a0\u00bb<\/p>\n<p>Ce qui, du point de vue ukrainien, serait d\u00e9j\u00e0 un formidable exploit au regard de son pass\u00e9 (une seule participation \u00e0 la Coupe du monde, en 2006) et de son pr\u00e9sent, avec un quotidien chamboul\u00e9 par la guerre depuis trois ans et demi. \u00ab\u00a0Nous savons que nous aurons en face de nous des joueurs de tr\u00e8s haut niveau, mais nous n\u2019avons pas peur\u00a0\u00bb, clame le lat\u00e9ral d\u2019Everton Vitaliy Mykolenko, qui fera office de taulier en l\u2019absence de l\u2019avant-centre Artem Dovbyk, bless\u00e9 le week-end dernier avec la Roma.<\/p>\n<p>D\u2019autres cadres sont sous la menace d\u2019une suspension, ce qui pourrait tenter Rebrov de ne prendre aucun risque dans sa composition de d\u00e9part. \u00ab\u00a0Je sais que tous les joueurs pr\u00e9sents se donneront \u00e0 fond pour d\u00e9fendre l\u2019honneur de notre pays\u00a0\u00bb, pr\u00e9f\u00e8re r\u00e9pondre l\u2019ancien joueur de Tottenham, visiblement au c\u0153ur d\u2019un vrai dilemme\u2026<\/p>\n","protected":false},"excerpt":{"rendered":"\u00ab\u00a0Utopique\u00a0\u00bb. Voil\u00e0 comment les m\u00e9dias ukrainiens parlent des chances de premi\u00e8re place de leur \u00e9quipe nationale dans le&hellip;\n","protected":false},"author":2,"featured_media":529693,"comment_status":"","ping_status":"","sticky":false,"template":"","format":"standard","meta":{"footnotes":""},"categories":[1590],"tags":[11,24277,1777,674,107,63,12,517,1947,220],"class_list":{"0":"post-529692","1":"post","2":"type-post","3":"status-publish","4":"format-standard","5":"has-post-thumbnail","7":"category-ukraine","8":"tag-actualites","9":"tag-coupe-du-monde-de-football","10":"tag-eu","11":"tag-europe","12":"tag-fil-info","13":"tag-football","14":"tag-news","15":"tag-sport","16":"tag-sport-national","17":"tag-ukraine"},"share_on_mastodon":{"url":"https:\/\/pubeurope.com\/@fr\/115538449052921635","error":""},"_links":{"self":[{"href":"https:\/\/www.europesays.com\/fr\/wp-json\/wp\/v2\/posts\/529692","targetHints":{"allow":["GET"]}}],"collection":[{"href":"https:\/\/www.europesays.com\/fr\/wp-json\/wp\/v2\/posts"}],"about":[{"href":"https:\/\/www.europesays.com\/fr\/wp-json\/wp\/v2\/types\/post"}],"author":[{"embeddable":true,"href":"https:\/\/www.europesays.com\/fr\/wp-json\/wp\/v2\/users\/2"}],"replies":[{"embeddable":true,"href":"https:\/\/www.europesays.com\/fr\/wp-json\/wp\/v2\/comments?post=529692"}],"version-history":[{"count":0,"href":"https:\/\/www.europesays.com\/fr\/wp-json\/wp\/v2\/posts\/529692\/revisions"}],"wp:featuredmedia":[{"embeddable":true,"href":"https:\/\/www.europesays.com\/fr\/wp-json\/wp\/v2\/media\/529693"}],"wp:attachment":[{"href":"https:\/\/www.europesays.com\/fr\/wp-json\/wp\/v2\/media?parent=529692"}],"wp:term":[{"taxonomy":"category","embeddable":true,"href":"https:\/\/www.europesays.com\/fr\/wp-json\/wp\/v2\/categories?post=529692"},{"taxonomy":"post_tag","embeddable":true,"href":"https:\/\/www.europesays.com\/fr\/wp-json\/wp\/v2\/tags?post=529692"}],"curies":[{"name":"wp","href":"https:\/\/api.w.org\/{rel}","templated":true}]}}