{"id":529696,"date":"2025-11-12T19:48:14","date_gmt":"2025-11-12T19:48:14","guid":{"rendered":"https:\/\/www.europesays.com\/fr\/529696\/"},"modified":"2025-11-12T19:48:14","modified_gmt":"2025-11-12T19:48:14","slug":"le-premier-ministre-keir-starmer-sur-la-sellette-lexpress","status":"publish","type":"post","link":"https:\/\/www.europesays.com\/fr\/529696\/","title":{"rendered":"le Premier ministre Keir Starmer sur la sellette\u00a0? \u2013 L&rsquo;Express"},"content":{"rendered":"<p class=\"paragraph article-body-paragraph article__item   article-body-paragraph--first \">Les jours de <a href=\"https:\/\/www.lexpress.fr\/monde\/europe\/keir-starmer-le-nouveau-premier-ministre-travailliste-du-royaume-uni-YLBME6IYFFC2ZDFXE6E27RSCDI\/\" target=\"_self\" rel=\"nofollow noopener\" title=\"https:\/\/www.lexpress.fr\/monde\/europe\/keir-starmer-le-nouveau-premier-ministre-travailliste-du-royaume-uni-YLBME6IYFFC2ZDFXE6E27RSCDI\/\">Keir Starmer <\/a>\u00e0 la t\u00eate du 10 Downing Street sont-ils compt\u00e9s ? Selon des rumeurs circulant au Parlement britannique, des ministres voudraient faire tomber le Premier ministre dans la foul\u00e9e de la pr\u00e9sentation du budget, fin novembre. Parmi les instigateurs de la fronde on trouverait, selon des sources \u00e0 Downing Street \u00ab\u00a0alli\u00e9es\u00a0\u00bb de Keir Starmer, les ministres de la Sant\u00e9 Wes Streeting, de l\u2019Int\u00e9rieur Shabana Mahmood et de l\u2019Energie Ed Miliband, lorgnant sur sa succession.<\/p>\n<p class=\"paragraph article-body-paragraph article__item   \">Keir Starmer n\u2019est en poste que depuis l\u2019\u00e9t\u00e9 2024, mais le Premier ministre est d\u00e9j\u00e0 tr\u00e8s impopulaire, critiqu\u00e9 aussi bien sur sa gestion de l\u2019immigration irr\u00e9guli\u00e8re que sur l\u2019\u00e9conomie, qui est \u00e0 la peine. D\u2019apr\u00e8s un sondage YouGov du 3 novembre, 73 % des Britanniques ont une opinion d\u00e9favorable du chef de gouvernement. D\u2019autant que les m\u00e9dias britanniques ne cessent de sp\u00e9culer sur les mesures impopulaires que la ministre des Finances Rachel Reeves pourrait annoncer le 26 novembre, lors de la pr\u00e9sentation du budget, \u00e0 commencer par de nouvelles taxes.<\/p>\n<p>Gouvernement \u00ab\u00a0uni\u00a0\u00bb<\/p>\n<p class=\"paragraph article-body-paragraph article__item   \">Selon les r\u00e8gles du parti travailliste, pour renverser Keir Starmer, il faudrait que 20 % de ses d\u00e9put\u00e9s soutiennent la d\u00e9marche, soit actuellement 80 \u00e9lus. Des vell\u00e9it\u00e9s totalement d\u00e9menties par le ministre de la Sant\u00e9. \u00ab\u00a0Je ne vais pas demander la d\u00e9mission du Premier ministre. Je soutiens le Premier ministre\u00a0\u00bb, a affirm\u00e9 Wes Streeting, 42 ans, sur la cha\u00eene de t\u00e9l\u00e9vision Sky News. Ces \u00e9changes avec les m\u00e9dias sont \u00ab\u00a0totalement contre-productifs [\u2026] Je ne comprends pas comment quelqu\u2019un peut penser que cela aide le Premier ministre\u00a0\u00bb, a-t-il \u00e9galement d\u00e9clar\u00e9.<\/p>\n<p><strong class=\"article-body-link-list__item text-gray-800 article-body-link-list__item--one-item\">LIRE AUSSI : <a class=\"article-body-link-list__item-link\" href=\"https:\/\/www.lexpress.fr\/economie\/royaume-uni-derriere-la-croissance-surprise-une-realite-economique-moins-rose-ZYO5VMK2DFD4XOWYAUJDGXXZT4\/\" rel=\"nofollow noopener\" target=\"_blank\">Royaume-Uni : derri\u00e8re la croissance surprise, une r\u00e9alit\u00e9 \u00e9conomique moins rose<\/a><\/strong><\/p>\n<p class=\"paragraph article-body-paragraph article__item   \">Pour sa part, le Premier ministre a assur\u00e9 aux d\u00e9put\u00e9s, lors des questions au gouvernement, \u00eatre \u00e0 la t\u00eate d\u2019une \u00ab\u00a0\u00e9quipe unie\u00a0\u00bb, ce qui a d\u00e9clench\u00e9 les rires de l\u2019opposition conservatrice. \u00ab\u00a0Le gouvernement est en pleine guerre civile !\u00a0\u00bb, a raill\u00e9 la cheffe de l\u2019opposition, la conservatrice Kemi Badenoch.<\/p>\n<p class=\"paragraph article-body-paragraph article__item   \">Le Premier ministre s\u2019est aussi d\u00e9fendu d\u2019avoir \u00ab\u00a0autoris\u00e9 des attaques\u00a0\u00bb contre des membres de son gouvernement. Des sources \u00e0 Downing Street ont affirm\u00e9 mardi soir, lors d\u2019\u00e9changes avec plusieurs m\u00e9dias britanniques, que Keir Starmer se d\u00e9fendrait en cas de tentative pour le renverser. Le chef du gouvernement \u00ab\u00a0sait qu\u2019il est engag\u00e9 dans une bataille pour la direction du parti. Quand elle arrivera, il ne d\u00e9missionnera pas. Il se battra\u00a0\u00bb, a ainsi d\u00e9clar\u00e9 un de ses proches au <a href=\"https:\/\/www.thetimes.com\/uk\/politics\/article\/keir-starmer-prime-minister-leadership-challenge-labour-fvztrvcz6\" target=\"_self\" rel=\"nofollow noopener\" title=\"https:\/\/www.thetimes.com\/uk\/politics\/article\/keir-starmer-prime-minister-leadership-challenge-labour-fvztrvcz6\">Times<\/a>.<\/p>\n<p>Crise du Labour<\/p>\n<p class=\"paragraph article-body-paragraph article__item   \">Des propos imm\u00e9diatement d\u00e9mentis par le Premier ministre. \u00ab\u00a0Toute attaque contre un membre de mon cabinet est totalement inacceptable\u00a0\u00bb, a dit Keir Starmer devant les d\u00e9put\u00e9s, apportant son soutien \u00e0 Wes Streeting. \u00ab\u00a0Il fait un excellent travail\u00a0\u00bb, a-t-il ajout\u00e9.<\/p>\n<p class=\"paragraph article-body-paragraph article__item   \">Alors, pourquoi autant de contre-d\u00e9clarations ? \u00ab\u00a0Les observateurs notent qu\u2019en voulant allumer des contre-feux, les proches de Starmer ont surtout gratt\u00e9 l\u2019allumette. Ils donnent une f\u00e2cheuse impression de fragilit\u00e9. Et des d\u00e9put\u00e9s qui n\u2019imaginaient pas un putsch possible \u00e0 court terme pourraient \u00eatre tent\u00e9s de basculer\u2026\u00a0\u00bb analyse <a href=\"https:\/\/www.lefigaro.fr\/international\/le-gouvernement-est-en-pleine-guerre-civile-au-royaume-uni-keir-starmer-sous-la-menace-d-un-putsch-interne-20251112\" target=\"_self\" rel=\"nofollow noopener\" title=\"https:\/\/www.lefigaro.fr\/international\/le-gouvernement-est-en-pleine-guerre-civile-au-royaume-uni-keir-starmer-sous-la-menace-d-un-putsch-interne-20251112\">Le Figaro<\/a>.<\/p>\n<p><strong class=\"article-body-link-list__item text-gray-800 article-body-link-list__item--one-item\">LIRE AUSSI : <a class=\"article-body-link-list__item-link\" href=\"https:\/\/www.lexpress.fr\/monde\/royaume-uni-la-strategie-risquee-de-keir-starmer-pour-contrer-la-montee-de-lextreme-droite-KL2W65A6RZCBLD2DHW3VO4TRLI\/\" rel=\"nofollow noopener\" target=\"_blank\">Royaume-Uni : la strat\u00e9gie risqu\u00e9e de Keir Starmer pour contrer la mont\u00e9e de l\u2019extr\u00eame droite<\/a><\/strong><\/p>\n<p class=\"paragraph article-body-paragraph article__item   \">Finalement, c\u2019est un Premier ministre \u00ab\u00a0sous pression\u00a0\u00bb que d\u00e9crit le <a href=\"https:\/\/www.theguardian.com\/politics\/2025\/nov\/12\/keir-starmer-no-10-briefings-ministers-unacceptable-pmqs\" target=\"_self\" rel=\"nofollow noopener\" title=\"https:\/\/www.theguardian.com\/politics\/2025\/nov\/12\/keir-starmer-no-10-briefings-ministers-unacceptable-pmqs\">Guardian<\/a>, et qui, pour ne pas exposer les failles de son parti, a d\u00fb prendre la d\u00e9fense inconditionnelle de celui accus\u00e9 de le trahir. Tout en \u00e9tant bien emb\u00eat\u00e9 quant \u00e0 l\u2019avenir de ce potentiel frondeur au sein de son groupe. Mais Keir Starmer &#8211; l\u2019un des rares \u00e0 avoir gagn\u00e9 des \u00e9lections pour le Labour ces derni\u00e8res ann\u00e9es &#8211; le sait : \u00ab\u00a0une course \u00e0 la direction plongerait le parti dans le chaos qui a marqu\u00e9 les derni\u00e8res ann\u00e9es du pr\u00e9c\u00e9dent gouvernement conservateur\u00a0\u00bb, analyse la <a href=\"https:\/\/www.bbc.com\/news\/articles\/c3vnyg1q503o\" target=\"_self\" rel=\"nofollow noopener\" title=\"https:\/\/www.bbc.com\/news\/articles\/c3vnyg1q503o\">BBC<\/a>.<\/p>\n<p class=\"paragraph article-body-paragraph article__item    article__text__endpicto\">Emp\u00eatr\u00e9 dans une crise politique, le travailliste de 63 ans n\u2019en est pas au bout de ses peines. Il doit encore survivre au vote du budget le 26 novembre, qui comprendra certainement des nouvelles taxes, apr\u00e8s des hausses d\u2019imp\u00f4ts cet \u00e9t\u00e9, trahissant l\u2019une de ses promesses de campagne. Puis, son parti affrontera les \u00e9lections locales de mai 2026, contest\u00e9 par la mont\u00e9e de l\u2019extr\u00eame droite de \u00ab\u00a0Reform UK\u00a0\u00bb, en t\u00eate des intentions de vote depuis plusieurs mois.<\/p>\n","protected":false},"excerpt":{"rendered":"Les jours de Keir Starmer \u00e0 la t\u00eate du 10 Downing Street sont-ils compt\u00e9s ? Selon des rumeurs&hellip;\n","protected":false},"author":2,"featured_media":529697,"comment_status":"","ping_status":"","sticky":false,"template":"","format":"standard","meta":{"footnotes":""},"categories":[1588],"tags":[11,1777,674,74,12,473,1853,1851,1850,1852],"class_list":{"0":"post-529696","1":"post","2":"type-post","3":"status-publish","4":"format-standard","5":"has-post-thumbnail","7":"category-royaume-uni","8":"tag-actualites","9":"tag-eu","10":"tag-europe","11":"tag-monde","12":"tag-news","13":"tag-royaume-uni","14":"tag-royaume-uni-de-grande-bretagne-et-dirlande-du-nord","15":"tag-uk","16":"tag-united-kingdom","17":"tag-united-kingdom-of-great-britain-and-northern-ireland"},"share_on_mastodon":{"url":"https:\/\/pubeurope.com\/@fr\/115538460929334655","error":""},"_links":{"self":[{"href":"https:\/\/www.europesays.com\/fr\/wp-json\/wp\/v2\/posts\/529696","targetHints":{"allow":["GET"]}}],"collection":[{"href":"https:\/\/www.europesays.com\/fr\/wp-json\/wp\/v2\/posts"}],"about":[{"href":"https:\/\/www.europesays.com\/fr\/wp-json\/wp\/v2\/types\/post"}],"author":[{"embeddable":true,"href":"https:\/\/www.europesays.com\/fr\/wp-json\/wp\/v2\/users\/2"}],"replies":[{"embeddable":true,"href":"https:\/\/www.europesays.com\/fr\/wp-json\/wp\/v2\/comments?post=529696"}],"version-history":[{"count":0,"href":"https:\/\/www.europesays.com\/fr\/wp-json\/wp\/v2\/posts\/529696\/revisions"}],"wp:featuredmedia":[{"embeddable":true,"href":"https:\/\/www.europesays.com\/fr\/wp-json\/wp\/v2\/media\/529697"}],"wp:attachment":[{"href":"https:\/\/www.europesays.com\/fr\/wp-json\/wp\/v2\/media?parent=529696"}],"wp:term":[{"taxonomy":"category","embeddable":true,"href":"https:\/\/www.europesays.com\/fr\/wp-json\/wp\/v2\/categories?post=529696"},{"taxonomy":"post_tag","embeddable":true,"href":"https:\/\/www.europesays.com\/fr\/wp-json\/wp\/v2\/tags?post=529696"}],"curies":[{"name":"wp","href":"https:\/\/api.w.org\/{rel}","templated":true}]}}