{"id":529698,"date":"2025-11-12T19:49:18","date_gmt":"2025-11-12T19:49:18","guid":{"rendered":"https:\/\/www.europesays.com\/fr\/529698\/"},"modified":"2025-11-12T19:49:18","modified_gmt":"2025-11-12T19:49:18","slug":"france-allemagne-et-espagne-reprennent-les-discussions-sur-le-projet-davion-de-combat-selon-des-sources","status":"publish","type":"post","link":"https:\/\/www.europesays.com\/fr\/529698\/","title":{"rendered":"France, Allemagne et Espagne reprennent les discussions sur le projet d&rsquo;avion de combat, selon des sources"},"content":{"rendered":"<p>La France, l&rsquo;Allemagne et l&rsquo;Espagne s&rsquo;appr\u00eatent \u00e0 relancer des discussions de haut niveau sur la prochaine phase d&rsquo;un important programme d&rsquo;avion de combat, apr\u00e8s des retards caus\u00e9s par la r\u00e9cente crise politique en France, ont indiqu\u00e9 mercredi trois sources proches du dossier.<\/p>\n<p>Une r\u00e9union minist\u00e9rielle est pr\u00e9vue pour la semaine du 24 novembre, alors que les trois pays tentent de surmonter leurs divergences concernant la prochaine \u00e9tape du Syst\u00e8me de combat a\u00e9rien du futur (SCAF, ou FCAS en anglais), qui pr\u00e9voit la r\u00e9alisation d&rsquo;un mod\u00e8le de d\u00e9monstrateur en vol, ont pr\u00e9cis\u00e9 deux des sources.<\/p>\n<p>Une troisi\u00e8me source a confirm\u00e9 qu&rsquo;une r\u00e9union \u00e9tait bien envisag\u00e9e, sans qu&rsquo;une date pr\u00e9cise n&rsquo;ait encore \u00e9t\u00e9 annonc\u00e9e.<\/p>\n<p>Le ministre allemand de la D\u00e9fense, Boris Pistorius, doit par ailleurs rencontrer sa nouvelle homologue fran\u00e7aise, Catherine Vautrin, \u00e0 Paris lundi prochain, ont ajout\u00e9 deux des sources.<\/p>\n<p>Aucun commentaire n&rsquo;a \u00e9t\u00e9 imm\u00e9diatement obtenu de la part des trois minist\u00e8res de la D\u00e9fense impliqu\u00e9s dans ce projet de 100\u00a0milliards d&rsquo;euros, qui vise \u00e0 d\u00e9velopper un syst\u00e8me associant avions de chasse furtifs pilot\u00e9s et essaims de drones arm\u00e9s.<\/p>\n<p>Pistorius a d\u00e9clar\u00e9 aux journalistes la semaine derni\u00e8re qu&rsquo;aucune nouvelle date n&rsquo;avait encore \u00e9t\u00e9 fix\u00e9e pour une r\u00e9union minist\u00e9rielle trilat\u00e9rale, mais il a r\u00e9affirm\u00e9 l&rsquo;exigence allemande d&rsquo;une d\u00e9cision sur la prochaine phase d&rsquo;ici la fin de l&rsquo;ann\u00e9e.<\/p>\n<p>Berlin a imput\u00e9 \u00e0 l&rsquo;industrie fran\u00e7aise le blocage de la progression du programme, en raison de sa volont\u00e9 d&rsquo;obtenir la direction exclusive du projet, une allusion \u00e0 peine voil\u00e9e \u00e0 Dassault Aviation.<\/p>\n<p>Dassault, qui assure la participation industrielle fran\u00e7aise au projet, tandis qu&rsquo;Airbus repr\u00e9sente l&rsquo;Allemagne et l&rsquo;Espagne, a d\u00e9menti vouloir contr\u00f4ler 80\u00a0% du programme.<\/p>\n<p>Pistorius a pr\u00e9cis\u00e9 la semaine derni\u00e8re avoir discut\u00e9 du sujet avec Catherine Vautrin, qui lui a r\u00e9affirm\u00e9 son intention de poursuivre le projet, largement connu sous l&rsquo;acronyme FCAS ou SCAF.<\/p>\n<p>Avant une r\u00e9cente rencontre avec la ministre espagnole de la D\u00e9fense, Margarita Robles, Catherine Vautrin avait soulign\u00e9 l&rsquo;urgence d&rsquo;avancer, la flotte actuelle de Rafale devant \u00eatre remplac\u00e9e \u00e0 l&rsquo;horizon 2040.<\/p>\n<p>(Reportage de Sabine Siebold, Tim Hepher, Inti Landauro ; \u00e9dition par Leslie Adler)<\/p>\n<p><\/p>\n","protected":false},"excerpt":{"rendered":"La France, l&rsquo;Allemagne et l&rsquo;Espagne s&rsquo;appr\u00eatent \u00e0 relancer des discussions de haut niveau sur la prochaine phase d&rsquo;un&hellip;\n","protected":false},"author":2,"featured_media":529699,"comment_status":"","ping_status":"","sticky":false,"template":"","format":"standard","meta":{"footnotes":""},"categories":[1587],"tags":[11,672,340,1804,1805,1803,1777,674,1801,12,1802],"class_list":{"0":"post-529698","1":"post","2":"type-post","3":"status-publish","4":"format-standard","5":"has-post-thumbnail","7":"category-allemagne","8":"tag-actualites","9":"tag-allemagne","10":"tag-bourse","11":"tag-bundesrepublik-deutschland","12":"tag-de","13":"tag-deutschland","14":"tag-eu","15":"tag-europe","16":"tag-germany","17":"tag-news","18":"tag-republique-federale-dallemagne"},"share_on_mastodon":{"url":"https:\/\/pubeurope.com\/@fr\/115538464893314172","error":""},"_links":{"self":[{"href":"https:\/\/www.europesays.com\/fr\/wp-json\/wp\/v2\/posts\/529698","targetHints":{"allow":["GET"]}}],"collection":[{"href":"https:\/\/www.europesays.com\/fr\/wp-json\/wp\/v2\/posts"}],"about":[{"href":"https:\/\/www.europesays.com\/fr\/wp-json\/wp\/v2\/types\/post"}],"author":[{"embeddable":true,"href":"https:\/\/www.europesays.com\/fr\/wp-json\/wp\/v2\/users\/2"}],"replies":[{"embeddable":true,"href":"https:\/\/www.europesays.com\/fr\/wp-json\/wp\/v2\/comments?post=529698"}],"version-history":[{"count":0,"href":"https:\/\/www.europesays.com\/fr\/wp-json\/wp\/v2\/posts\/529698\/revisions"}],"wp:featuredmedia":[{"embeddable":true,"href":"https:\/\/www.europesays.com\/fr\/wp-json\/wp\/v2\/media\/529699"}],"wp:attachment":[{"href":"https:\/\/www.europesays.com\/fr\/wp-json\/wp\/v2\/media?parent=529698"}],"wp:term":[{"taxonomy":"category","embeddable":true,"href":"https:\/\/www.europesays.com\/fr\/wp-json\/wp\/v2\/categories?post=529698"},{"taxonomy":"post_tag","embeddable":true,"href":"https:\/\/www.europesays.com\/fr\/wp-json\/wp\/v2\/tags?post=529698"}],"curies":[{"name":"wp","href":"https:\/\/api.w.org\/{rel}","templated":true}]}}