{"id":529706,"date":"2025-11-12T19:53:16","date_gmt":"2025-11-12T19:53:16","guid":{"rendered":"https:\/\/www.europesays.com\/fr\/529706\/"},"modified":"2025-11-12T19:53:16","modified_gmt":"2025-11-12T19:53:16","slug":"des-aurores-boreales-attendues-en-bretagne-ce-mercredi-soir-voici-ou-et-quand-observer-le-phenomene","status":"publish","type":"post","link":"https:\/\/www.europesays.com\/fr\/529706\/","title":{"rendered":"Des aurores bor\u00e9ales attendues en Bretagne ce mercredi soir\u00a0: voici o\u00f9 et quand observer le ph\u00e9nom\u00e8ne"},"content":{"rendered":"<p>Un ciel lumineux aux couleurs parfois vert, orange ou violet, voici ce qu\u2019il sera possible de voir en Bretagne ce mercredi soir. <a href=\"https:\/\/www.letelegramme.fr\/culture-loisirs\/voyage\/qu-est-ce-qu-une-aurore-boreale-4075124.php\" target=\"_blank\" rel=\"noopener\">Ces aurores bor\u00e9ales sont souvent spectaculaires<\/a> mais pour assister \u00e0 ce spectacle dans le ciel il est n\u00e9cessaire de remplir certaines conditions.<\/p>\n<p>\u00ab Cette temp\u00eate g\u00e9omagn\u00e9tique elle se produit au-dessus de l\u2019atmosph\u00e8re donc nous, en fait, tous les nuages qui nous s\u00e9parent des aurores bor\u00e9ales viennent perturber le ph\u00e9nom\u00e8ne, explique Steven Tual, m\u00e9t\u00e9orologue pour Temps Breton. Pour cette nuit, ce qui va nous permettre de les observer, c\u2019est s\u2019il y a une couverture nuageuse ou non. Sur l\u2019ouest de la Bretagne, la couverture nuageuse sera quasiment totale, donc il y a tr\u00e8s peu de chances de les apercevoir. \u00c0 l\u00a0inverse, pour l\u2019est de la Bretagne, donc en Ille-et-Vilaine, en Loire-Atlantique, peut-\u00eatre<a href=\"https:\/\/www.letelegramme.fr\/cotes-d-armor\/saint-brieuc-22000\/dans-le-pays-de-saint-brieuc-des-aurores-boreales-pourraient-etre-partiellement-visibles-cette-nuit-6926814.php\" target=\"_blank\" rel=\"noopener\"> un peu sur les C\u00f4tes d\u2019Armor<\/a>, on aura un ciel plus d\u00e9gag\u00e9, donc probablement plus de possibilit\u00e9 d\u2019avoir une nuit claire. \u00bb<\/p>\n<p>La nuit derni\u00e8re entre 3 h et 5 h du matin, les pr\u00e9mices de ce ph\u00e9nom\u00e8ne ont \u00e9t\u00e9 observ\u00e9es <a href=\"https:\/\/www.letelegramme.fr\/cotes-d-armor\/lannion-22300\/ils-se-sont-leves-cette-nuit-pour-les-aurores-boreales-pres-de-lannion-et-guingamp-cela-reste-magique-6926833.php\" target=\"_blank\" rel=\"noopener\">pr\u00e8s de Lannion et Guingamp<\/a>. \u00ab Les conditions restent favorables pour observer \u00e0 nouveau des aurores bor\u00e9ales en d\u00e9but de nuit prochaine. Le pic est attendu entre 19 h et 22 h selon la Noaa (National Oceanic and Atmospheric Administration) \u00bb, pr\u00e9cise Steven Tual.<\/p>\n<p>Visible en direction du nord<\/p>\n<p>Cependant, il ne faut pas s\u2019y prendre n\u2019importe comment pour<a href=\"https:\/\/www.letelegramme.fr\/bretagne\/a-chaque-fois-la-magie-opere-il-chasse-des-aurores-boreales-en-bretagne-et-nous-livre-ses-secrets-6680641.php\" target=\"_blank\" rel=\"noopener\"> avoir la chance d\u2019immortaliser le moment.<\/a> \u00ab Le deuxi\u00e8me param\u00e8tre qu\u2019il faut bien prendre en compte c\u2019est que ces aurores bor\u00e9ales sont visibles seulement en direction du nord \u00bb, indique le m\u00e9t\u00e9orologue breton.<\/p>\n<p>En plus de bien positionner sa boussole, il faut \u00ab \u00e9viter les pollutions lumineuses parce qu\u2019il ne sera d\u00e9j\u00e0 pas simple de les observer \u00e0 l\u2019\u0153il nu. Un appareil photo a tendance \u00e0 beaucoup mieux capter cette lumi\u00e8re. \u00bb La capitale bretonne ne sera donc pas l\u2019endroit idoine. Il est conseill\u00e9 de privil\u00e9gier une hauteur, un lieu d\u00e9gag\u00e9, <a href=\"https:\/\/www.letelegramme.fr\/ille-et-vilaine\/comme-un-reve-des-aurores-boreales-ont-illumine-lille-et-vilaine-la-nuit-derniere-6678110.php\" target=\"_blank\" rel=\"noopener\">pour augmenter la possibilit\u00e9 de voir l\u2019horizon<\/a>.<\/p>\n<p>Ce ph\u00e9nom\u00e8ne class\u00e9 G4 par la Noaa est plut\u00f4t rare. \u00ab Ces ph\u00e9nom\u00e8nes qui peuvent \u00eatre visibles \u00e0 nos latitudes, ce n\u2019est pas non plus si fr\u00e9quent \u00bb, pr\u00e9cise Steven Tual. Une temp\u00eate g\u00e9omagn\u00e9tique de niveau G5, la classification maximale,<a href=\"https:\/\/www.letelegramme.fr\/finistere\/brest-29200\/vos-photos-les-plus-spectaculaires-des-aurores-boreales-dans-le-pays-de-brest-6680140.php\" target=\"_blank\" rel=\"noopener\"> avait eu lieu en octobre 2024 en Bretagne.<\/a><\/p>\n","protected":false},"excerpt":{"rendered":"Un ciel lumineux aux couleurs parfois vert, orange ou violet, voici ce qu\u2019il sera possible de voir en&hellip;\n","protected":false},"author":2,"featured_media":529707,"comment_status":"","ping_status":"","sticky":false,"template":"","format":"standard","meta":{"footnotes":""},"categories":[2],"tags":[11,829,765,1011,27,848,12,50972,584,25],"class_list":{"0":"post-529706","1":"post","2":"type-post","3":"status-publish","4":"format-standard","5":"has-post-thumbnail","7":"category-actualites","8":"tag-actualites","9":"tag-bretagne","10":"tag-en-continu","11":"tag-fr","12":"tag-france","13":"tag-ille-et-vilaine","14":"tag-news","15":"tag-newsletter-la-rennes-quotidienne","16":"tag-rennes","17":"tag-republique-francaise"},"share_on_mastodon":{"url":"https:\/\/pubeurope.com\/@fr\/115538480629767002","error":""},"_links":{"self":[{"href":"https:\/\/www.europesays.com\/fr\/wp-json\/wp\/v2\/posts\/529706","targetHints":{"allow":["GET"]}}],"collection":[{"href":"https:\/\/www.europesays.com\/fr\/wp-json\/wp\/v2\/posts"}],"about":[{"href":"https:\/\/www.europesays.com\/fr\/wp-json\/wp\/v2\/types\/post"}],"author":[{"embeddable":true,"href":"https:\/\/www.europesays.com\/fr\/wp-json\/wp\/v2\/users\/2"}],"replies":[{"embeddable":true,"href":"https:\/\/www.europesays.com\/fr\/wp-json\/wp\/v2\/comments?post=529706"}],"version-history":[{"count":0,"href":"https:\/\/www.europesays.com\/fr\/wp-json\/wp\/v2\/posts\/529706\/revisions"}],"wp:featuredmedia":[{"embeddable":true,"href":"https:\/\/www.europesays.com\/fr\/wp-json\/wp\/v2\/media\/529707"}],"wp:attachment":[{"href":"https:\/\/www.europesays.com\/fr\/wp-json\/wp\/v2\/media?parent=529706"}],"wp:term":[{"taxonomy":"category","embeddable":true,"href":"https:\/\/www.europesays.com\/fr\/wp-json\/wp\/v2\/categories?post=529706"},{"taxonomy":"post_tag","embeddable":true,"href":"https:\/\/www.europesays.com\/fr\/wp-json\/wp\/v2\/tags?post=529706"}],"curies":[{"name":"wp","href":"https:\/\/api.w.org\/{rel}","templated":true}]}}