{"id":529710,"date":"2025-11-12T19:55:28","date_gmt":"2025-11-12T19:55:28","guid":{"rendered":"https:\/\/www.europesays.com\/fr\/529710\/"},"modified":"2025-11-12T19:55:28","modified_gmt":"2025-11-12T19:55:28","slug":"lespagne-terrain-de-jeu-ideal-pour-les-golfeurs-francais","status":"publish","type":"post","link":"https:\/\/www.europesays.com\/fr\/529710\/","title":{"rendered":"L\u2019Espagne, terrain de jeu id\u00e9al pour les golfeurs fran\u00e7ais"},"content":{"rendered":"<p>\t\t\t\t\t\t<img width=\"770\" height=\"556\" src=\"https:\/\/www.europesays.com\/fr\/wp-content\/uploads\/2025\/11\/espagne-golf-terre-golfeurs-770x556.jpg\" class=\"img-responsive wp-post-image\" alt=\"\" decoding=\"async\" fetchpriority=\"high\"  \/>\t\t\t\t\t<\/p>\n<p>\t\t\t\t\t\t Partager cet article <\/p>\n<p class=\"screen-reader-text juiz_sps_maybe_hidden_text\">Partager la publication \u00ab\u00a0L\u2019Espagne, terrain de jeu id\u00e9al pour les golfeurs fran\u00e7ais\u00a0\u00bb<\/p>\n<p><strong>Avec pr\u00e8s de 300 jours d\u2019ensoleillement par an, l\u2019Espagne s\u2019impose comme l\u2019un des paradis du golf en Europe. Des c\u00f4tes m\u00e9diterran\u00e9ennes aux \u00eeles atlantiques, le pays offre un \u00e9ventail de parcours exceptionnels, accessibles toute l\u2019ann\u00e9e.<\/strong><\/p>\n<p>Sous le ciel bleu de l\u2019Andalousie, la Costa del Sol \u2014 v\u00e9ritable capitale europ\u00e9enne du golf \u2014 concentre quelques-uns des clubs les plus r\u00e9put\u00e9s, comme <strong>Valderrama<\/strong> ou <strong>Finca Cortes\u00edn<\/strong>.<\/p>\n<p>Plus au nord, la Catalogne s\u00e9duit avec le <strong>PGA Catalunya Resort<\/strong>, tandis que les Bal\u00e9ares, les Canaries ou encore la Costa Brava conjuguent paysages spectaculaires et ambiance d\u00e9tendue.<\/p>\n<p>\t\t\t\t\t<a id=\"190593\" href=\"https:\/\/leclub-golf.sumupstore.com\/\" target=\"_blank\" rel=\"sponsorised nofollow noopener\"><img decoding=\"async\" src=\"data:image\/svg+xml,%3Csvg%20xmlns=\" http:=\"\" class=\"img-responsive\" alt=\"\" data-lazy-src=\"https:\/\/www.europesays.com\/fr\/wp-content\/uploads\/2025\/11\/leclubgolf-e13-coffrets-cadeaux-1170x275-1.png\"\/><\/a><\/p>\n<p><img loading=\"lazy\" decoding=\"async\" class=\"size-image-largeur-770 wp-image-191474\" src=\"data:image\/svg+xml,%3Csvg%20xmlns=\" http:=\"\" alt=\"\" width=\"770\" height=\"379\" data-lazy- data-lazy- data-lazy-src=\"https:\/\/www.europesays.com\/fr\/wp-content\/uploads\/2025\/11\/sotogrande_lareservaclub-770x379.jpg\"\/><\/p>\n<p style=\"text-align:left;\" class=\"wp-caption-text\">La Reserva Sotogrande<\/p>\n<p>\t\t\t\t<img loading=\"lazy\" decoding=\"async\" src=\"data:image\/svg+xml,%3Csvg%20xmlns=\" http:=\"\" attributionsrc=\"\" border=\"0\" height=\"1\" width=\"1\" alt=\"Advertisement\" data-lazy-src=\"https:\/\/www.europesays.com\/fr\/wp-content\/uploads\/2025\/10\/B33047934.424844126;dc_trk_aid=615928068;dc_trk_cid=236605808;ord=[timestamp];dc_lat=;dc_rdid=;tag_f.gif\"\/><\/p>\n<p>\t\t\t\t\t<a id=\"179412\" href=\"https:\/\/ad.doubleclick.net\/ddm\/trackclk\/N1153799.3770024GOLFPLANATE\/B33047934.424844126;dc_trk_aid=615928068;dc_trk_cid=236605808;dc_lat=;dc_rdid=;tag_for_child_directed_treatment=;tfua=;gdpr=${GDPR};gdpr_consent=${GDPR_CONSENT_755};ltd=;dc_tdv=1\" target=\"_blank\" rel=\"sponsorised nofollow noopener\"><img fetchpriority=\"high\" decoding=\"async\" src=\"https:\/\/www.europesays.com\/fr\/wp-content\/uploads\/2025\/07\/callaway-e01-apex-v1-1170x275-1.jpg\" class=\"img-responsive\" alt=\"\"\/><\/a><\/p>\n<p>La facilit\u00e9 d\u2019acc\u00e8s renforce l\u2019attrait : Malaga, Alicante, Barcelone ou Madrid relient directement la plupart des grandes villes fran\u00e7aises \u00e0 quelques minutes seulement des parcours.<\/p>\n<p><img loading=\"lazy\" decoding=\"async\" class=\"size-image-largeur-770 wp-image-191443\" src=\"data:image\/svg+xml,%3Csvg%20xmlns=\" http:=\"\" alt=\"\" width=\"770\" height=\"277\" data-lazy- data-lazy- data-lazy-src=\"https:\/\/www.europesays.com\/fr\/wp-content\/uploads\/2025\/11\/2016-la-sella-resort_cedida-real-federaci\u00ben-espa\u00b1ola-de-golf_20200521093145_1714_20251105154042-770x.jpeg\"\/><\/p>\n<p style=\"text-align:left;\" class=\"wp-caption-text\">La Sella Resort<\/p>\n<p>Le golf et bien plus<\/p>\n<p>Chaque r\u00e9gion d\u00e9voile un cadre unique : terrains dominant la mer, circuits au c\u0153ur de la campagne andalouse ou espaces verdoyants au pied des montagnes. Et pour prolonger le plaisir, gastronomie, culture et bien-\u00eatre compl\u00e8tent \u00e0 merveille une journ\u00e9e de jeu.<\/p>\n<p>Des restaurants \u00e9toil\u00e9s aux stations thermales, tout invite \u00e0 la d\u00e9tente apr\u00e8s le 18e trou.<\/p>\n<p>L\u2019Espagne pense aussi aux familles. De nombreux clubs proposent des formules d\u2019initiation, des stages pour enfants ou des cours collectifs permettant de d\u00e9couvrir le golf dans une ambiance conviviale. Une belle fa\u00e7on de partager ce sport entre g\u00e9n\u00e9rations, sous un soleil g\u00e9n\u00e9reux.<\/p>\n<p>Con\u00e7us par les plus grands architectes de golf, les parcours espagnols s\u2019adressent \u00e0 tous les niveaux. Des d\u00e9butants curieux aux professionnels en qu\u00eate de performance, chacun trouve ici son rythme, port\u00e9 par un climat bienveillant et une hospitalit\u00e9 l\u00e9gendaire.<\/p>\n<p>En Espagne, le golf se vit comme un art de vivre.<\/p>\n","protected":false},"excerpt":{"rendered":"Partager cet article Partager la publication \u00ab\u00a0L\u2019Espagne, terrain de jeu id\u00e9al pour les golfeurs fran\u00e7ais\u00a0\u00bb Avec pr\u00e8s de&hellip;\n","protected":false},"author":2,"featured_media":529711,"comment_status":"","ping_status":"","sticky":false,"template":"","format":"standard","meta":{"footnotes":""},"categories":[1418],"tags":[1011,27,1472,60],"class_list":{"0":"post-529710","1":"post","2":"type-post","3":"status-publish","4":"format-standard","5":"has-post-thumbnail","7":"category-golf","8":"tag-fr","9":"tag-france","10":"tag-golf","11":"tag-sports"},"share_on_mastodon":{"url":"https:\/\/pubeurope.com\/@fr\/115538489226656866","error":""},"_links":{"self":[{"href":"https:\/\/www.europesays.com\/fr\/wp-json\/wp\/v2\/posts\/529710","targetHints":{"allow":["GET"]}}],"collection":[{"href":"https:\/\/www.europesays.com\/fr\/wp-json\/wp\/v2\/posts"}],"about":[{"href":"https:\/\/www.europesays.com\/fr\/wp-json\/wp\/v2\/types\/post"}],"author":[{"embeddable":true,"href":"https:\/\/www.europesays.com\/fr\/wp-json\/wp\/v2\/users\/2"}],"replies":[{"embeddable":true,"href":"https:\/\/www.europesays.com\/fr\/wp-json\/wp\/v2\/comments?post=529710"}],"version-history":[{"count":0,"href":"https:\/\/www.europesays.com\/fr\/wp-json\/wp\/v2\/posts\/529710\/revisions"}],"wp:featuredmedia":[{"embeddable":true,"href":"https:\/\/www.europesays.com\/fr\/wp-json\/wp\/v2\/media\/529711"}],"wp:attachment":[{"href":"https:\/\/www.europesays.com\/fr\/wp-json\/wp\/v2\/media?parent=529710"}],"wp:term":[{"taxonomy":"category","embeddable":true,"href":"https:\/\/www.europesays.com\/fr\/wp-json\/wp\/v2\/categories?post=529710"},{"taxonomy":"post_tag","embeddable":true,"href":"https:\/\/www.europesays.com\/fr\/wp-json\/wp\/v2\/tags?post=529710"}],"curies":[{"name":"wp","href":"https:\/\/api.w.org\/{rel}","templated":true}]}}