{"id":529714,"date":"2025-11-12T19:58:16","date_gmt":"2025-11-12T19:58:16","guid":{"rendered":"https:\/\/www.europesays.com\/fr\/529714\/"},"modified":"2025-11-12T19:58:16","modified_gmt":"2025-11-12T19:58:16","slug":"linterview-amusante-dalcaraz-et-sinner","status":"publish","type":"post","link":"https:\/\/www.europesays.com\/fr\/529714\/","title":{"rendered":"l&rsquo;interview amusante d&rsquo;Alcaraz et Sinner"},"content":{"rendered":"<p>                <img decoding=\"async\" src=\"https:\/\/www.europesays.com\/fr\/wp-content\/uploads\/2025\/11\/N2dZ.jpg\" fetchpriority=\"high\" alt=\"\u00ab Jannik, que pensez-vous de sa coiffure ? \u00bb : l'interview amusante d'Alcaraz et Sinner\"\/><\/p>\n<p><strong>Carlos Alcaraz et Jannik Sinner n\u2019en finissent plus de rigoler entre eux.<\/strong><\/p>\n<p>Dans une interview accord\u00e9e \u00e0 CNN en marge des ATP Finals de Turin, les deux prodiges du tennis mondial ont offert un moment de complicit\u00e9 amusant.<\/p>\n<p><strong>Interrog\u00e9 sur ses folies capillaires de l\u2019ann\u00e9e, l\u2019Espagnol a d\u00e9clar\u00e9 ceci :<\/strong><\/p>\n<p>\u00ab J\u2019ai fait trois coupes diff\u00e9rentes. Mon \u00e9quipe a peur pour l\u2019ann\u00e9e prochaine (rires). Cette ann\u00e9e \u00e9tait vraiment bien avec ces changements. Mais si quelque chose a fonctionn\u00e9, pourquoi changer ? \u00bb<\/p>\n<p>La journaliste, amus\u00e9e, encha\u00eena en s\u2019adressant directement \u00e0 son rival italien pour lui demander ce qu\u2019il pensait de ces choix capillaires. Mais \u00e9galement si cela lui donnait des inspirations pour l\u2019avenir.<\/p>\n<p>\u00ab Incroyable, inattendu, mais c\u2019est bien (rires). Quant \u00e0 moi, honn\u00eatement je suis bien avec mes cheveux en d\u00e9sordre. Cependant j\u2019aime bien comme \u00e7a, nous sommes \u00e0 Turin, cela fait penser aux couleurs de la Juventus (rires). \u00bb<\/p>\n<p>Un bel \u00e9change entre les deux qui illustre parfaitement la relation qu\u2019ils entretiennent en dehors des courts. Et ce, en d\u00e9pit de leur rivalit\u00e9 sportive d\u00e9j\u00e0 exceptionnelle.<\/p>\n","protected":false},"excerpt":{"rendered":"Carlos Alcaraz et Jannik Sinner n\u2019en finissent plus de rigoler entre eux. Dans une interview accord\u00e9e \u00e0 CNN&hellip;\n","protected":false},"author":2,"featured_media":529715,"comment_status":"","ping_status":"","sticky":false,"template":"","format":"standard","meta":{"footnotes":""},"categories":[1415],"tags":[1011,27,60,1467],"class_list":{"0":"post-529714","1":"post","2":"type-post","3":"status-publish","4":"format-standard","5":"has-post-thumbnail","7":"category-tennis","8":"tag-fr","9":"tag-france","10":"tag-sports","11":"tag-tennis"},"share_on_mastodon":{"url":"https:\/\/pubeurope.com\/@fr\/115538500289194998","error":""},"_links":{"self":[{"href":"https:\/\/www.europesays.com\/fr\/wp-json\/wp\/v2\/posts\/529714","targetHints":{"allow":["GET"]}}],"collection":[{"href":"https:\/\/www.europesays.com\/fr\/wp-json\/wp\/v2\/posts"}],"about":[{"href":"https:\/\/www.europesays.com\/fr\/wp-json\/wp\/v2\/types\/post"}],"author":[{"embeddable":true,"href":"https:\/\/www.europesays.com\/fr\/wp-json\/wp\/v2\/users\/2"}],"replies":[{"embeddable":true,"href":"https:\/\/www.europesays.com\/fr\/wp-json\/wp\/v2\/comments?post=529714"}],"version-history":[{"count":0,"href":"https:\/\/www.europesays.com\/fr\/wp-json\/wp\/v2\/posts\/529714\/revisions"}],"wp:featuredmedia":[{"embeddable":true,"href":"https:\/\/www.europesays.com\/fr\/wp-json\/wp\/v2\/media\/529715"}],"wp:attachment":[{"href":"https:\/\/www.europesays.com\/fr\/wp-json\/wp\/v2\/media?parent=529714"}],"wp:term":[{"taxonomy":"category","embeddable":true,"href":"https:\/\/www.europesays.com\/fr\/wp-json\/wp\/v2\/categories?post=529714"},{"taxonomy":"post_tag","embeddable":true,"href":"https:\/\/www.europesays.com\/fr\/wp-json\/wp\/v2\/tags?post=529714"}],"curies":[{"name":"wp","href":"https:\/\/api.w.org\/{rel}","templated":true}]}}