{"id":529726,"date":"2025-11-12T20:08:12","date_gmt":"2025-11-12T20:08:12","guid":{"rendered":"https:\/\/www.europesays.com\/fr\/529726\/"},"modified":"2025-11-12T20:08:12","modified_gmt":"2025-11-12T20:08:12","slug":"deux-jurassiens-ont-signe-une-chanson-de-miyeon-artiste-k-pop","status":"publish","type":"post","link":"https:\/\/www.europesays.com\/fr\/529726\/","title":{"rendered":"deux Jurassiens ont sign\u00e9 une chanson de Miyeon, artiste K-Pop"},"content":{"rendered":"<p>Il y a six ans, Guillaume Banet (alias Aslove) envoie<a href=\"https:\/\/www.leprogres.fr\/jura\/2014\/08\/30\/jean-rigo-toujours-fidele-a-la-musique-et-a-ses-differents-groupes\" target=\"_blank\" rel=\"noopener\"> une piste musicale \u00e0 Jean Rigo<\/a>, le guitariste des Infid\u00e8les avec lequel il a l\u2019habitude de travailler, afin qu\u2019il place une partie de guitare dessus. Il voulait une guitare avec un son en tr\u00e9molo, un peu surf, sur cette ambiance blues folk assez classique. Le r\u00e9sultat est satisfaisant mais finit, comme beaucoup d\u2019\u00e9bauches, au fond d\u2019un tiroir, ou plut\u00f4t d\u2019un dossier sur l\u2019ordinateur de Guillaume.<\/p>\n<p>Enregistr\u00e9 par l\u2019un des plus gros labels mondiaux<\/p>\n<p>Six ans plus tard, \u00e9tant retomb\u00e9 sur cette chanson et persuad\u00e9 de son potentiel, <a href=\"https:\/\/www.leprogres.fr\/jura\/2017\/01\/29\/aslove-la-nouvelle-star-des-platines-est-ledonienne\" target=\"_blank\" rel=\"noopener\">il profite d\u2019un s\u00e9jour professionnel<\/a> au Qu\u00e9bec pour demander \u00e0 la chanteuse Gabriella Laberge d\u2019\u00e9crire un texte. Elle en pose rapidement un, tr\u00e8s inspir\u00e9 par le  Folsom Prison Blues  de Johnny Cash, et \u00e9crire des chansons \u00e9tant une grande&#8230;<\/p>\n","protected":false},"excerpt":{"rendered":"Il y a six ans, Guillaume Banet (alias Aslove) envoie une piste musicale \u00e0 Jean Rigo, le guitariste&hellip;\n","protected":false},"author":2,"featured_media":529727,"comment_status":"","ping_status":"","sticky":false,"template":"","format":"standard","meta":{"footnotes":""},"categories":[1355],"tags":[1687,58,2274,59,107,1011,27,1757,1826,3352,7874,1361,873,4604,273],"class_list":{"0":"post-529726","1":"post","2":"type-post","3":"status-publish","4":"format-standard","5":"has-post-thumbnail","7":"category-musique","8":"tag-culture-loisirs","9":"tag-divertissement","10":"tag-edition-jura-sud","11":"tag-entertainment","12":"tag-fil-info","13":"tag-fr","14":"tag-france","15":"tag-insolite","16":"tag-jura","17":"tag-lons-le-saunier","18":"tag-lons-le-saunier-ville","19":"tag-music","20":"tag-musique","21":"tag-selection-abonne","22":"tag-selection-de-la-redaction"},"share_on_mastodon":{"url":"https:\/\/pubeurope.com\/@fr\/115538539659975410","error":""},"_links":{"self":[{"href":"https:\/\/www.europesays.com\/fr\/wp-json\/wp\/v2\/posts\/529726","targetHints":{"allow":["GET"]}}],"collection":[{"href":"https:\/\/www.europesays.com\/fr\/wp-json\/wp\/v2\/posts"}],"about":[{"href":"https:\/\/www.europesays.com\/fr\/wp-json\/wp\/v2\/types\/post"}],"author":[{"embeddable":true,"href":"https:\/\/www.europesays.com\/fr\/wp-json\/wp\/v2\/users\/2"}],"replies":[{"embeddable":true,"href":"https:\/\/www.europesays.com\/fr\/wp-json\/wp\/v2\/comments?post=529726"}],"version-history":[{"count":0,"href":"https:\/\/www.europesays.com\/fr\/wp-json\/wp\/v2\/posts\/529726\/revisions"}],"wp:featuredmedia":[{"embeddable":true,"href":"https:\/\/www.europesays.com\/fr\/wp-json\/wp\/v2\/media\/529727"}],"wp:attachment":[{"href":"https:\/\/www.europesays.com\/fr\/wp-json\/wp\/v2\/media?parent=529726"}],"wp:term":[{"taxonomy":"category","embeddable":true,"href":"https:\/\/www.europesays.com\/fr\/wp-json\/wp\/v2\/categories?post=529726"},{"taxonomy":"post_tag","embeddable":true,"href":"https:\/\/www.europesays.com\/fr\/wp-json\/wp\/v2\/tags?post=529726"}],"curies":[{"name":"wp","href":"https:\/\/api.w.org\/{rel}","templated":true}]}}