{"id":529728,"date":"2025-11-12T20:09:14","date_gmt":"2025-11-12T20:09:14","guid":{"rendered":"https:\/\/www.europesays.com\/fr\/529728\/"},"modified":"2025-11-12T20:09:14","modified_gmt":"2025-11-12T20:09:14","slug":"que-ce-film-passe-a-moissac-justifie-ma-presence-un-cineaste-se-deplace-specialement-pour-diffuser-un-documentaire-sur-les-derives-de-lextreme-droite","status":"publish","type":"post","link":"https:\/\/www.europesays.com\/fr\/529728\/","title":{"rendered":"\u00ab\u00a0Que ce film passe \u00e0 Moissac justifie ma pr\u00e9sence\u00a0\u00bb\u00a0: un cin\u00e9aste se d\u00e9place sp\u00e9cialement pour diffuser un documentaire sur les d\u00e9rives de l\u2019extr\u00eame droite"},"content":{"rendered":"<p>\n                                                                    l&rsquo;essentiel<br \/>\n                                                                Une projection documentaire tr\u00e8s attendue concerne les d\u00e9rives du pouvoir municipal de B\u00e9ziers, ce mardi 18\u00a0novembre 2025 au cin\u00e9ma Concorde. Le film de Daniel Kupferstein pointe la gestion autoritaire du maire Robert M\u00e9nard. Un d\u00e9bat sensible qui fait sens \u00e0 Moissac (Tarn-et-Garonne).\n                            <\/p>\n<p>\u00ab\u00a0Que ce film passe \u00e0 Moissac justifie ma pr\u00e9sence \u00e0 sa projection\u00a0\u00bb, livre le r\u00e9alisateur Daniel Kupferstein, actuellement \u00e0 l\u2019\u0153uvre sur un projet de documentaire sur d\u2019admirables r\u00e9sistants allemands et autrichiens contre l\u2019occupant nazi durant la Seconde Guerre mondiale dans les maquis c\u00e9venols.<\/p>\n<p class=\"std-elt__inline\">\n        <strong>\u00c0 lire aussi :<\/strong><br \/>\n        <a href=\"https:\/\/www.ladepeche.fr\/2025\/08\/14\/la-feria-cest-un-bras-dhonneur-a-tous-ces-emmerdeurs-robert-menard-sen-prend-aux-defenseurs-de-lenvironnement-au-debut-des-fetes-de-beziers-12876415.php\" rel=\"nofollow noopener\" target=\"_blank\">\u00ab\u00a0La Feria c\u2019est un bras d\u2019honneur \u00e0 tous ces emmerdeurs\u00a0\u00bb\u00a0: Robert M\u00e9nard s\u2019en prend aux d\u00e9fenseurs de l\u2019environnement au d\u00e9but des f\u00eates de B\u00e9ziers<\/a>\n    <\/p>\n<p>Du cin\u00e9ma, certes, engag\u00e9 mais qui fait sens pour tous. La projection moissagaise, <a href=\"https:\/\/www.concordecinema.com\/events\/55617-beziers-lenvers-du-decors\/\" target=\"_self\" rel=\"nofollow noopener\">programm\u00e9e mardi 18\u00a0novembre \u00e0 20\u00a0h\u00a015, au cin\u00e9ma Concorde<\/a>, concerne une de ses r\u00e9alisations pr\u00e9c\u00e9dentes (2022), qui a d\u00e9fray\u00e9 la chronique lors de sa sortie, sur les d\u00e9rives du pouvoir municipal de la ville de B\u00e9ziers depuis l\u2019\u00e9lection \u00e0 sa t\u00eate, en 2014, du sulfureux Robert M\u00e9nard.<\/p>\n<p>Ce dernier, au parcours \u00e9quivoque (il fut l\u2019un des membres fondateurs de Reporters sans fronti\u00e8res, milita \u00e0 la Ligue communiste r\u00e9volutionnaire et au Parti socialiste dans sa jeunesse, avant de mettre le cap \u00e0 l\u2019extr\u00eame droite), a conquis la m\u00e9tropole h\u00e9raultaise avec le soutien affirm\u00e9 du Front national (devenu depuis Rassemblement national) et de Debout la R\u00e9publique.<\/p>\n<p>Autopsie d\u2019une d\u00e9rive<\/p>\n<p>Le film de Kupferstein tente de percer, \u00e0 travers l\u2019\u00e9volution du journal municipal local, JDB (\u00ab\u00a0Journal du Biterrois\u00a0\u00bb), ce glissement vers une forme d\u2019autosatisfecit teint\u00e9 de d\u00e9sinformation qui, si elle est l\u2019apanage de bien des \u00e9quipes municipales, est pouss\u00e9e, \u00e0 B\u00e9ziers, \u00e0 l\u2019extr\u00eame (sans jeu de mots), avec une option autoritariste assum\u00e9e et souvent d\u00e9complex\u00e9e.<\/p>\n<p class=\"std-elt__inline\">\n        <strong>\u00c0 lire aussi :<\/strong><br \/>\n        <a href=\"https:\/\/www.ladepeche.fr\/2024\/06\/04\/hall-dentree-equipements-sonores-augmentation-des-seances-comment-les-nouveaux-proprietaires-du-concorde-de-moissac-comptent-faire-leur-cinema-11993928.php\" rel=\"nofollow noopener\" target=\"_blank\">Hall d\u2019entr\u00e9e, \u00e9quipements sonores, augmentation des s\u00e9ances\u2026 comment les nouveaux propri\u00e9taires du Concorde de Moissac comptent faire leur cin\u00e9ma<\/a>\n    <\/p>\n<p>On doit la projection de ce documentaire malicieusement titr\u00e9 \u00ab\u00a0B\u00e9ziers\u00a0: l\u2019envers du d\u00e9cor\u00a0\u00bb \u00e0 Bruno Pravin, un citoyen moissagais \u00e0 l\u2019\u00e9coute du destin de sa ville (1). \u00ab\u00a0J\u2019ai assist\u00e9, au mois de f\u00e9vrier, \u00e0 la projection du film \u00e0 Agen. J\u2019ai trouv\u00e9 que cela ferait sens \u00e0 Moissac. Il se trouve que ma cousine, \u00e9lue dans une petite commune gardoise, a pu me mettre en relation avec Daniel Kupferstein\u00a0\u00bb, note Bruno Pravin, qui a propos\u00e9 ensuite au cin\u00e9ma Concorde, \u00e0 Moissac, l\u2019organisation de l\u2019\u00e9v\u00e9nement.<\/p>\n<p>        <img decoding=\"async\" class=\"std-img__img responsive-img\" src=\"https:\/\/www.europesays.com\/fr\/wp-content\/uploads\/2025\/11\/1762978154_268_image.jpg\" alt=\"\u00ab\u00a0B\u00e9ziers\u00a0\u00bb, un journal municipal pas comme les autres, faisait l\u2019objet d\u2019un documentaire.\/Photo Daniel Kupferstein\"\/><\/p>\n<p>                \u00ab\u00a0B\u00e9ziers\u00a0\u00bb, un journal municipal pas comme les autres, faisait l\u2019objet d\u2019un documentaire.\/Photo Daniel Kupferstein<\/p>\n<p>Un d\u00e9bat sensible<\/p>\n<p>L\u2019\u00e9quipe de ce dernier est connue pour son ouverture aux th\u00e9matiques sociales et soci\u00e9tales, avec r\u00e9guli\u00e8rement des projections, des rencontres et autres d\u00e9bats, en collaboration notamment avec les Assembl\u00e9es Cin\u00e9-toyennes, une association moissagaise qui y programme tous les mois. Elle a donc suivi Bruno pour ce projet, au sujet pourtant sensible dans cette ville aux mains de l\u2019extr\u00eame droite. Le cin\u00e9ma Concorde, royaume du divertissement, se veut \u00e9galement un lieu de culture et d\u2019\u00e9changes ouvert, participant \u00e0 la vie de la cit\u00e9.<\/p>\n<blockquote>\n<p>\u00ab\u00a0Int\u00e9ress\u00e9 pour venir d\u00e9couvrir la r\u00e9alit\u00e9 moissagaise\u00a0\u00bb<\/p>\n<\/blockquote>\n<p>\u00ab\u00a0Si Moissac n\u2019est pas B\u00e9ziers, ne serait-ce que par la dimension, on pourra faire un parall\u00e8le, voir ce qui diff\u00e8re et ce qui se ressemble\u00a0\u00bb, ajoute Bruno, qui appelle \u00e0 \u00ab\u00a0un d\u00e9bat respectueux entre Moissagais responsables\u00a0\u00bb, conscient du caract\u00e8re \u00e9pidermique et sensible d\u2019un tel \u00e9v\u00e9nement. Pour finir, rendons la parole au r\u00e9alisateur Daniel Kupferstein qui d\u00e9nonce avec son film \u00ab\u00a0un v\u00e9ritable danger de d\u00e9rive autoritaire d\u00e8s l\u2019\u00e9chelon municipal\u00a0\u00bb et qui se dit \u00ab\u00a0int\u00e9ress\u00e9 pour venir d\u00e9couvrir la r\u00e9alit\u00e9 moissagaise\u00a0\u00bb.<\/p>\n<p class=\"std-elt__inline\">\n        <strong>\u00c0 lire aussi :<\/strong><br \/>\n        <a href=\"https:\/\/www.ladepeche.fr\/2025\/08\/22\/info-la-depeche-la-ville-de-moissac-garde-le-label-les-plus-belles-fetes-de-france-malgre-la-polemique-autour-de-son-fondateur-pierre-edouard-sterin-12888167.php\" rel=\"nofollow noopener\" target=\"_blank\">INFO LA DEPECHE. La ville de Moissac garde le label \u00ab\u00a0Les plus belles f\u00eates de France\u00a0\u00bb malgr\u00e9 la pol\u00e9mique autour de son fondateur, Pierre-Edouard St\u00e9rin<\/a>\n    <\/p>\n<p>Pour assister \u00e0 la projection (au tarif unique de 5\u00a0euros), puis \u00e0 la discussion-d\u00e9bat en pr\u00e9sence du r\u00e9alisateur, il est recommand\u00e9 de r\u00e9server sur le site Internet du cin\u00e9ma Concorde (boulevard Pierre-Delbrel).<\/p>\n<p>(1) Bruno Pravin milite \u00e9galement au sein de l\u2019Union citoyenne moissagaise, dont la t\u00eate de file n\u2019est autre que S\u00e9verine Laurent, candidate d\u00e9clar\u00e9e pour les prochaines \u00e9lections municipales, et opposante affirm\u00e9e face \u00e0 l\u2019actuelle municipalit\u00e9. Il nous assure pourtant que l\u2019organisation de la diffusion du documentaire \u00ab\u00a0n\u2019a rien \u00e0 voir\u00a0\u00bb avec ses activit\u00e9s militantes.<\/p>\n","protected":false},"excerpt":{"rendered":"l&rsquo;essentiel Une projection documentaire tr\u00e8s attendue concerne les d\u00e9rives du pouvoir municipal de B\u00e9ziers, ce mardi 18\u00a0novembre 2025&hellip;\n","protected":false},"author":2,"featured_media":529729,"comment_status":"","ping_status":"","sticky":false,"template":"","format":"standard","meta":{"footnotes":""},"categories":[1354],"tags":[58,59,1346,1011,27,1360],"class_list":{"0":"post-529728","1":"post","2":"type-post","3":"status-publish","4":"format-standard","5":"has-post-thumbnail","7":"category-films","8":"tag-divertissement","9":"tag-entertainment","10":"tag-films","11":"tag-fr","12":"tag-france","13":"tag-movies"},"share_on_mastodon":{"url":"https:\/\/pubeurope.com\/@fr\/115538544290953095","error":""},"_links":{"self":[{"href":"https:\/\/www.europesays.com\/fr\/wp-json\/wp\/v2\/posts\/529728","targetHints":{"allow":["GET"]}}],"collection":[{"href":"https:\/\/www.europesays.com\/fr\/wp-json\/wp\/v2\/posts"}],"about":[{"href":"https:\/\/www.europesays.com\/fr\/wp-json\/wp\/v2\/types\/post"}],"author":[{"embeddable":true,"href":"https:\/\/www.europesays.com\/fr\/wp-json\/wp\/v2\/users\/2"}],"replies":[{"embeddable":true,"href":"https:\/\/www.europesays.com\/fr\/wp-json\/wp\/v2\/comments?post=529728"}],"version-history":[{"count":0,"href":"https:\/\/www.europesays.com\/fr\/wp-json\/wp\/v2\/posts\/529728\/revisions"}],"wp:featuredmedia":[{"embeddable":true,"href":"https:\/\/www.europesays.com\/fr\/wp-json\/wp\/v2\/media\/529729"}],"wp:attachment":[{"href":"https:\/\/www.europesays.com\/fr\/wp-json\/wp\/v2\/media?parent=529728"}],"wp:term":[{"taxonomy":"category","embeddable":true,"href":"https:\/\/www.europesays.com\/fr\/wp-json\/wp\/v2\/categories?post=529728"},{"taxonomy":"post_tag","embeddable":true,"href":"https:\/\/www.europesays.com\/fr\/wp-json\/wp\/v2\/tags?post=529728"}],"curies":[{"name":"wp","href":"https:\/\/api.w.org\/{rel}","templated":true}]}}