{"id":529730,"date":"2025-11-12T20:10:11","date_gmt":"2025-11-12T20:10:11","guid":{"rendered":"https:\/\/www.europesays.com\/fr\/529730\/"},"modified":"2025-11-12T20:10:11","modified_gmt":"2025-11-12T20:10:11","slug":"la-forme-sauvage-de-la-polio-decouverte-en-allemagne-dans-des-eaux-usees","status":"publish","type":"post","link":"https:\/\/www.europesays.com\/fr\/529730\/","title":{"rendered":"La forme sauvage de la polio d\u00e9couverte en Allemagne dans des eaux us\u00e9es"},"content":{"rendered":"<p>                             Par Le Figaro avec Reuters<\/p>\n<p>                Le 12 novembre 2025 \u00e0 18h43<\/p>\n<p>    Le sch\u00e9ma vaccinal contre la poliomy\u00e9lite contient trois injections chez les nourrissons, suivies de rappels dans l\u2019enfance et \u00e0 l\u2019\u00e2ge adulte. Il n\u2019existe pas de traitement contre cette maladie.<br \/>\n                Bernard Chantal &#8211; stock.adobe.com<\/p>\n<p>\n    Cette forme de la poliomy\u00e9lite ne circule plus depuis plus de trente ans dans le pays. Les autorit\u00e9s estiment que le risque pour la population est \u00ab\u00a0tr\u00e8s faible\u00a0\u00bb, gr\u00e2ce \u00e0 une couverture vaccinale \u00e9lev\u00e9e.<\/p>\n<p class=\"fig-paragraph\">La forme sauvage du virus responsable de la\u00a0<a href=\"https:\/\/sante.lefigaro.fr\/sante\/maladie\/poliomyelite\/quel-traitement-0\" target=\"_blank\" data-fig-type=\"Keyword\" rel=\"sponsored noopener\" data-gtm-custom-categorie=\"navigation\" data-gtm-custom-action=\"crossclick\" data-gtm-custom-label=\"Contextuel\" data-gtm-event=\"customEventSPE\" data-fig-domain=\"SANTE\">poliomy\u00e9lite<\/a>\u00a0a \u00e9t\u00e9 d\u00e9tect\u00e9e dans des \u00e9chantillons d\u2019eaux us\u00e9es en Allemagne, a d\u00e9clar\u00e9 mercredi \u00e0 Reuters l\u2019Institut Robert Koch, principal organisme de sant\u00e9 publique du pays. Un revers pour les efforts visant \u00e0 \u00e9radiquer cette maladie mortelle dans le monde. Ces r\u00e9sultats interviennent plus de trente ans apr\u00e8s les derniers cas d\u2019infection par le virus sauvage de la poliomy\u00e9lite chez l\u2019homme enregistr\u00e9s en Allemagne et marquent la premi\u00e8re d\u00e9tection du virus sauvage dans des \u00e9chantillons environnementaux dans le pays depuis le d\u00e9but de ce type de surveillance syst\u00e9matique en 2021.<\/p>\n<p class=\"fig-paragraph\">\u00ab\u00a0Le poliovirus sauvage de type 1 (WPV1) a \u00e9t\u00e9 d\u00e9tect\u00e9 dans un \u00e9chantillon d\u2019eaux us\u00e9es en Allemagne\u00a0\u00bb, a d\u00e9clar\u00e9 l\u2019Institut Robert Koch dans un communiqu\u00e9 \u00e0 Reuters, ajoutant qu\u2019aucune infection chez l\u2019homme n\u2019avait \u00e9t\u00e9 signal\u00e9e. La polio, abr\u00e9viation de poliomy\u00e9lite, est une infection virale qui peut entra\u00eener la mort ou la paralysie, mais qui peut \u00eatre pr\u00e9venue par la vaccination.<\/p>\n<p class=\"fig-body-link\">\n            \u00c0 lire aussi<br \/>\n        <a class=\"fig-body-link__link fig-premium-mark\" href=\"http:\/\/www.lefigaro.fr\/sciences\/deux-vaccins-innovants-ravivent-l-espoir-d-une-eradication-totale-de-la-polio-20230614\" data-fig-type=\"Article\" data-gtm-custom-categorie=\"navigation\" data-gtm-custom-action=\"crossclick\" data-gtm-custom-label=\"Contextuel\" data-gtm-event=\"customEventSPE\" data-fig-domain=\"LEFIGARO\" target=\"_blank\" rel=\"noopener\"><\/p>\n<p>        Deux vaccins innovants ravivent l\u2019espoir d\u2019une \u00e9radication totale de la polio<br \/>\n    <\/a>\n<\/p>\n<p>                                    <a class=\"fig-a11y-skip a11y-hidden\" href=\"#fig-a11y-skip-main-inarticle\"><br \/>\n        Passer la publicit\u00e9<br \/>\n    <\/a><\/p>\n<p>Deux formes de polio<\/p>\n<p class=\"fig-paragraph\">Deux formes de polio circulent dans le monde. La polio sauvage est rare et n\u2019est pr\u00e9sente qu\u2019en Afghanistan et au Pakistan. L\u2019autre forme, d\u00e9riv\u00e9e du vaccin, circule dans un plus grand nombre de pays et provient de rares cas o\u00f9 des virus vivants affaiblis utilis\u00e9s pour la vaccination mutent et se propagent. L\u2019Institut Robert Koch pr\u00e9cise que le risque pour la population allemande de contracter l\u2019une ou l\u2019autre forme de poliovirus est \u00ab\u00a0tr\u00e8s faible\u00a0\u00bb en raison de la couverture vaccinale \u00e9lev\u00e9e et du fait que les cas de d\u00e9tection du virus dans les eaux us\u00e9es sont \u00ab\u00a0isol\u00e9s\u00a0\u00bb.<\/p>\n<p class=\"fig-paragraph\">L\u2019analyse des eaux us\u00e9es \u00e0 la recherche du virus est une technique utilis\u00e9e dans le monde entier pour suivre la propagation de la poliomy\u00e9lite. L\u2019Institut Robert Koch a signal\u00e9 la pr\u00e9sence de poliovirus d\u00e9riv\u00e9s de vaccins dans plusieurs \u00e9chantillons d\u2019eaux us\u00e9es pr\u00e9lev\u00e9s dans toute l\u2019Allemagne depuis la fin de l\u2019ann\u00e9e 2024. Le dernier cas d\u2019infection par le poliovirus sauvage en Allemagne a \u00e9t\u00e9 signal\u00e9 en 1990. Les cas import\u00e9s les plus r\u00e9cents, provenant d\u2019\u00c9gypte et d\u2019Inde, ont \u00e9t\u00e9 enregistr\u00e9s en 1992.<\/p>\n","protected":false},"excerpt":{"rendered":"Par Le Figaro avec Reuters Le 12 novembre 2025 \u00e0 18h43 Le sch\u00e9ma vaccinal contre la poliomy\u00e9lite contient&hellip;\n","protected":false},"author":2,"featured_media":529731,"comment_status":"","ping_status":"","sticky":false,"template":"","format":"standard","meta":{"footnotes":""},"categories":[10],"tags":[1011,27,72,61417,71,61805],"class_list":{"0":"post-529730","1":"post","2":"type-post","3":"status-publish","4":"format-standard","5":"has-post-thumbnail","7":"category-sante","8":"tag-fr","9":"tag-france","10":"tag-health","11":"tag-poliomyelite","12":"tag-sante","13":"tag-vaccination-contre-la-poliomyelite"},"share_on_mastodon":{"url":"https:\/\/pubeurope.com\/@fr\/115538547602939830","error":""},"_links":{"self":[{"href":"https:\/\/www.europesays.com\/fr\/wp-json\/wp\/v2\/posts\/529730","targetHints":{"allow":["GET"]}}],"collection":[{"href":"https:\/\/www.europesays.com\/fr\/wp-json\/wp\/v2\/posts"}],"about":[{"href":"https:\/\/www.europesays.com\/fr\/wp-json\/wp\/v2\/types\/post"}],"author":[{"embeddable":true,"href":"https:\/\/www.europesays.com\/fr\/wp-json\/wp\/v2\/users\/2"}],"replies":[{"embeddable":true,"href":"https:\/\/www.europesays.com\/fr\/wp-json\/wp\/v2\/comments?post=529730"}],"version-history":[{"count":0,"href":"https:\/\/www.europesays.com\/fr\/wp-json\/wp\/v2\/posts\/529730\/revisions"}],"wp:featuredmedia":[{"embeddable":true,"href":"https:\/\/www.europesays.com\/fr\/wp-json\/wp\/v2\/media\/529731"}],"wp:attachment":[{"href":"https:\/\/www.europesays.com\/fr\/wp-json\/wp\/v2\/media?parent=529730"}],"wp:term":[{"taxonomy":"category","embeddable":true,"href":"https:\/\/www.europesays.com\/fr\/wp-json\/wp\/v2\/categories?post=529730"},{"taxonomy":"post_tag","embeddable":true,"href":"https:\/\/www.europesays.com\/fr\/wp-json\/wp\/v2\/tags?post=529730"}],"curies":[{"name":"wp","href":"https:\/\/api.w.org\/{rel}","templated":true}]}}