{"id":529740,"date":"2025-11-12T20:15:22","date_gmt":"2025-11-12T20:15:22","guid":{"rendered":"https:\/\/www.europesays.com\/fr\/529740\/"},"modified":"2025-11-12T20:15:22","modified_gmt":"2025-11-12T20:15:22","slug":"les-ossements-dun-alpiniste-disparu-depuis-31-ans-retrouves-dans-un-glacier","status":"publish","type":"post","link":"https:\/\/www.europesays.com\/fr\/529740\/","title":{"rendered":"Les ossements d\u2019un alpiniste disparu depuis 31 ans retrouv\u00e9s dans un glacier"},"content":{"rendered":"<p>La nature finit souvent par rendre ce qu\u2019elle a pris. Des <a href=\"https:\/\/www.20minutes.fr\/dossier\/alpiniste\" class=\"c-link c-link--is-underlined\" target=\"_blank\" rel=\"noopener\">alpinistes <\/a>ont d\u00e9couvert mi-octobre les ossements d\u2019un <a href=\"https:\/\/www.20minutes.fr\/dossier\/suisse\" class=\"c-link c-link--is-underlined\" target=\"_blank\" rel=\"noopener\">Suisse<\/a> disparu plus de trente ans plus t\u00f4t dans le massif de l\u2019Obergabelhorn, pr\u00e8s de Zermatt (Valais), a annonc\u00e9 mercredi le minist\u00e8re public du canton. \u00ab\u00a0Le 15 octobre\u00a02025, des ossements ont \u00e9t\u00e9 d\u00e9couverts par des <a href=\"https:\/\/www.20minutes.fr\/dossier\/alpinisme\" class=\"c-link c-link--is-underlined\" target=\"_blank\" rel=\"noopener\">alpinistes <\/a>sur le glacier de l\u2019Obergabelhorn au-dessus de Zinal\u00a0\u00bb, ont rappel\u00e9 les autorit\u00e9s judiciaires dans un communiqu\u00e9.<\/p>\n<p>Les agents de la police cantonale valaisanne ont \u00e9t\u00e9 h\u00e9liport\u00e9s sur les lieux afin de proc\u00e9der \u00e0 la prise en charge des ossements et des effets personnels et une instruction avait \u00e9t\u00e9 ouverte \u00e0 des fins d\u2019identification.<\/p>\n<p>Le bin\u00f4me d\u2019alpinistes enfin reconstitu\u00e9<\/p>\n<p>Et les investigations ont permis de lever le myst\u00e8re sur ces ossements\u00a0: ce sont ceux d\u2019un Suisse n\u00e9 en\u00a01969 qui avait disparu dans le secteur le 4\u00a0novembre 1994. Il se trouvait alors avec un autre alpiniste dont le corps a lui \u00e9t\u00e9 d\u00e9couvert en\u00a02000, a pr\u00e9cis\u00e9 le minist\u00e8re public.<\/p>\n<p>La fonte des glaciers suisses peut faire resurgir des objets enfouis sous la glace depuis des ann\u00e9es, voire des d\u00e9cennies. En\u00a02022, l\u2019\u00e9pave d\u2019un avion qui s\u2019\u00e9tait \u00e9cras\u00e9 dans les <a href=\"https:\/\/www.20minutes.fr\/dossier\/alpes\" class=\"c-link c-link--is-underlined\" target=\"_blank\" rel=\"noopener\">Alpes <\/a>en\u00a01968 a \u00e9t\u00e9 d\u00e9couverte sur le glacier d\u2019Aletsch. Les corps des trois passagers avaient aussi \u00e9t\u00e9 retrouv\u00e9s \u00e0 l\u2019\u00e9poque.<\/p>\n<\/p>\n<p>L\u2019Obergabelhorn (litt\u00e9ralement \u00ab\u00a0Corne de la fourchette sup\u00e9rieure\u00a0\u00bb), culminant \u00e0 4.063 m\u00e8tres, est l\u2019un des cinq sommets de plus de 4.000\u00a0m d\u2019altitude qui forment une ceinture appel\u00e9e la \u00ab\u00a0couronne imp\u00e9riale\u00a0\u00bb qui surplombe le Val d\u2019Anniviers dans le Valais, au sud du pays. Son ascension est tr\u00e8s pris\u00e9e des alpinistes chevronn\u00e9s.<\/p>\n","protected":false},"excerpt":{"rendered":"La nature finit souvent par rendre ce qu\u2019elle a pris. Des alpinistes ont d\u00e9couvert mi-octobre les ossements d\u2019un&hellip;\n","protected":false},"author":2,"featured_media":529741,"comment_status":"","ping_status":"","sticky":false,"template":"","format":"standard","meta":{"footnotes":""},"categories":[5],"tags":[47,11,7733,4974,4975,30197,1011,27,14,74,12,3067,28],"class_list":{"0":"post-529740","1":"post","2":"type-post","3":"status-publish","4":"format-standard","5":"has-post-thumbnail","7":"category-international","8":"tag-actualite","9":"tag-actualites","10":"tag-alpes","11":"tag-alpinisme","12":"tag-alpiniste","13":"tag-cadavre","14":"tag-fr","15":"tag-france","16":"tag-international","17":"tag-monde","18":"tag-news","19":"tag-suisse","20":"tag-world"},"share_on_mastodon":{"url":"https:\/\/pubeurope.com\/@fr\/115538567105097879","error":""},"_links":{"self":[{"href":"https:\/\/www.europesays.com\/fr\/wp-json\/wp\/v2\/posts\/529740","targetHints":{"allow":["GET"]}}],"collection":[{"href":"https:\/\/www.europesays.com\/fr\/wp-json\/wp\/v2\/posts"}],"about":[{"href":"https:\/\/www.europesays.com\/fr\/wp-json\/wp\/v2\/types\/post"}],"author":[{"embeddable":true,"href":"https:\/\/www.europesays.com\/fr\/wp-json\/wp\/v2\/users\/2"}],"replies":[{"embeddable":true,"href":"https:\/\/www.europesays.com\/fr\/wp-json\/wp\/v2\/comments?post=529740"}],"version-history":[{"count":0,"href":"https:\/\/www.europesays.com\/fr\/wp-json\/wp\/v2\/posts\/529740\/revisions"}],"wp:featuredmedia":[{"embeddable":true,"href":"https:\/\/www.europesays.com\/fr\/wp-json\/wp\/v2\/media\/529741"}],"wp:attachment":[{"href":"https:\/\/www.europesays.com\/fr\/wp-json\/wp\/v2\/media?parent=529740"}],"wp:term":[{"taxonomy":"category","embeddable":true,"href":"https:\/\/www.europesays.com\/fr\/wp-json\/wp\/v2\/categories?post=529740"},{"taxonomy":"post_tag","embeddable":true,"href":"https:\/\/www.europesays.com\/fr\/wp-json\/wp\/v2\/tags?post=529740"}],"curies":[{"name":"wp","href":"https:\/\/api.w.org\/{rel}","templated":true}]}}