{"id":529746,"date":"2025-11-12T20:18:29","date_gmt":"2025-11-12T20:18:29","guid":{"rendered":"https:\/\/www.europesays.com\/fr\/529746\/"},"modified":"2025-11-12T20:18:29","modified_gmt":"2025-11-12T20:18:29","slug":"terrorisme-saint-etienne-roanne-montbrison-retour-sur-lemotion-dans-la-loire-au-lendemain-des-attentats-du-13-novembre","status":"publish","type":"post","link":"https:\/\/www.europesays.com\/fr\/529746\/","title":{"rendered":"Terrorisme. Saint-\u00c9tienne, Roanne, Montbrison&#8230; Retour sur l&rsquo;\u00e9motion dans la Loire au lendemain des attentats du 13-Novembre"},"content":{"rendered":"<p>La Nation attaqu\u00e9e, c\u2019est \u00e9videmment place du Peuple, \u00e0 Saint-\u00c9tienne, que les premiers messages de paix ont fleuri. D\u00e8s le samedi 14\u00a0novembre, des mots manuscrits, mais aussi dessins et po\u00e8mes, ont commenc\u00e9 \u00e0 appara\u00eetre. Accroch\u00e9s avec des pinces \u00e0 linge sur un fil, les passants ont pu exprimer leur soutien avec les victimes de l\u2019attentat de la veille.<\/p>\n<p>Au pied des marches de l\u2019h\u00f4tel-de-ville st\u00e9phanois, un second m\u00e9morial a surgi. Ici, les mots \u00e9taient \u00e9clair\u00e9s par des bougies. Leur gardien <a href=\"https:\/\/www.leprogres.fr\/loire\/2015\/11\/20\/il-veille-sur-les-petites-bougies-de-l-hotel-de-ville\" target=\"_blank\" rel=\"noopener\">se nommait Marius<\/a>. \u00c0 58 ans, l\u2019homme proposait des bougies gratuites aux passants et veillait sur le lieu. Les archives municipales ont <a href=\"https:\/\/www.leprogres.fr\/loire\/2016\/11\/12\/attentats-du-13-novembre-2015-une-expo-hommage-sur-le-site-des-archives\" target=\"_blank\" rel=\"noopener\">num\u00e9ris\u00e9 et rendu accessible tous ces messages<\/a> sur son site.<\/p>\n<p>  Une minute de silence dans le d\u00e9partement<\/p>\n<p>Le lundi 16\u00a0novembre, second jour de deuil national, une minute de silence est organis\u00e9e \u00e0 midi dans les communes.<\/p>\n<p>La Loire ne manque pas \u00e0 l\u2019appel et <a href=\"https:\/\/www.leprogres.fr\/loire\/2015\/11\/17\/une-minute-de-silence-et-des-stephanois-abasourdis\" target=\"_blank\" rel=\"noopener\">plus de 2\u00a0000 personnes se recueillent sur la place de l\u2019H\u00f4tel-de-Ville<\/a>. \u00c0 Roanne, ils sont 2\u00a0500 \u00e0 r\u00e9pondre \u00e0 l\u2019appel, 600 \u00e0 Firminy et 300 \u00e0 Saint-Chamond.<\/p>\n<p>Les autres communes du d\u00e9partement ne sont pas en reste et des rassemblements ont aussi lieu \u00e0 Montbrison, Saint-Paul-en-Cornillon, Fraisses, Bourg-Argental, Rive-de-Gier, La Grand-Croix ou encore Saint-Pierre-de-B\u0153uf. Derri\u00e8re une banderole noire \u00ab\u00a0Pray for Paris\u00a0\u00bb, <a href=\"https:\/\/www.leprogres.fr\/sports\/2015\/11\/17\/l-asse-unie-dans-la-douleur-xcqy\" target=\"_blank\" rel=\"noopener\">l\u2019ASSE s\u2019est, elle aussi, recueillie<\/a> lors d\u2019une minute de silence avant d\u2019entonner une Marseillaise.<\/p>\n<p>La veille, <a href=\"https:\/\/www.leprogres.fr\/loire\/2015\/11\/16\/nous-musulmans-meurtris-au-plus-profond-de-notre-chair\" target=\"_blank\" rel=\"noopener\">une c\u00e9r\u00e9monie \u0153cum\u00e9nique<\/a> avait eu lieu dans La Grande Mosqu\u00e9e Mohammed VI st\u00e9phanoise, o\u00f9 des citoyens musulmans avaient t\u00e9moign\u00e9 de leur \u00ab\u00a0compassion pour les victimes\u00a0\u00bb et leur \u00ab\u00a0solidarit\u00e9 contre le terrorisme aveugle.\u00a0\u00bb. Et si les drapeaux tricolores ont fleuri aux fen\u00eatres durant cette p\u00e9riode, l\u2019un a flott\u00e9 plus haut que les autres. Un habitant st\u00e9phanois a vu les choses en grand en allant planter un drapeau bleu blanc rouge au sommet d\u2019un crassier.<\/p>\n","protected":false},"excerpt":{"rendered":"La Nation attaqu\u00e9e, c\u2019est \u00e9videmment place du Peuple, \u00e0 Saint-\u00c9tienne, que les premiers messages de paix ont fleuri.&hellip;\n","protected":false},"author":2,"featured_media":529747,"comment_status":"","ping_status":"","sticky":false,"template":"","format":"standard","meta":{"footnotes":""},"categories":[9653],"tags":[1111,11,63704,2430,7539,1777,674,274,107,1011,27,3367,12,25,4001,7538,104,1254],"class_list":{"0":"post-529746","1":"post","2":"type-post","3":"status-publish","4":"format-standard","5":"has-post-thumbnail","7":"category-saint-etienne","8":"tag-actu","9":"tag-actualites","10":"tag-attentats-du-13-novembre-2015","11":"tag-auvergne-rhone-alpes","12":"tag-edition-loire-sud","13":"tag-eu","14":"tag-europe","15":"tag-faits-divers-justice","16":"tag-fil-info","17":"tag-fr","18":"tag-france","19":"tag-loire","20":"tag-news","21":"tag-republique-francaise","22":"tag-saint-etienne","23":"tag-saint-etienne-ville","24":"tag-societe","25":"tag-terrorisme"},"share_on_mastodon":{"url":"https:\/\/pubeurope.com\/@fr\/115538578950368950","error":""},"_links":{"self":[{"href":"https:\/\/www.europesays.com\/fr\/wp-json\/wp\/v2\/posts\/529746","targetHints":{"allow":["GET"]}}],"collection":[{"href":"https:\/\/www.europesays.com\/fr\/wp-json\/wp\/v2\/posts"}],"about":[{"href":"https:\/\/www.europesays.com\/fr\/wp-json\/wp\/v2\/types\/post"}],"author":[{"embeddable":true,"href":"https:\/\/www.europesays.com\/fr\/wp-json\/wp\/v2\/users\/2"}],"replies":[{"embeddable":true,"href":"https:\/\/www.europesays.com\/fr\/wp-json\/wp\/v2\/comments?post=529746"}],"version-history":[{"count":0,"href":"https:\/\/www.europesays.com\/fr\/wp-json\/wp\/v2\/posts\/529746\/revisions"}],"wp:featuredmedia":[{"embeddable":true,"href":"https:\/\/www.europesays.com\/fr\/wp-json\/wp\/v2\/media\/529747"}],"wp:attachment":[{"href":"https:\/\/www.europesays.com\/fr\/wp-json\/wp\/v2\/media?parent=529746"}],"wp:term":[{"taxonomy":"category","embeddable":true,"href":"https:\/\/www.europesays.com\/fr\/wp-json\/wp\/v2\/categories?post=529746"},{"taxonomy":"post_tag","embeddable":true,"href":"https:\/\/www.europesays.com\/fr\/wp-json\/wp\/v2\/tags?post=529746"}],"curies":[{"name":"wp","href":"https:\/\/api.w.org\/{rel}","templated":true}]}}