{"id":529762,"date":"2025-11-12T20:28:09","date_gmt":"2025-11-12T20:28:09","guid":{"rendered":"https:\/\/www.europesays.com\/fr\/529762\/"},"modified":"2025-11-12T20:28:09","modified_gmt":"2025-11-12T20:28:09","slug":"tout-tombe-a-leau","status":"publish","type":"post","link":"https:\/\/www.europesays.com\/fr\/529762\/","title":{"rendered":"\u00ab Tout tombe \u00e0 l&rsquo;eau \u00bb"},"content":{"rendered":"<p>                    Par<br \/>\n        <strong><br \/>\n            <a href=\"https:\/\/actu.fr\/auteur\/adrien-filoche\" title=\"Consulter tous les articles de Adrien Filoche\" target=\"_blank\" rel=\"noopener\">Adrien Filoche<\/a><br \/>\n                    <\/strong><\/p>\n<p>        Publi\u00e9 le<\/p>\n<p>            12 nov. 2025 \u00e0 20h38        <\/p>\n<p><strong>L\u2019annonce avait fait grand bruit sur les r\u00e9seaux sociaux.<\/strong> L\u2019association rouennaise Hors-Club, tenue par cinq amis, promettait deux jours de soir\u00e9e \u00e9lectro les vendredi\u00a021 et samedi 22\u00a0novembre 2025 dans un lieu totalement insolite\u2009: <a href=\"https:\/\/actu.fr\/normandie\/boos_76116\/hangars-de-laeroport-la-mise-au-point-de-sealar-gestionnaire-du-site_63136754.html\" target=\"_blank\" rel=\"noopener\">le hall de l\u2019a\u00e9roport de Rouen-Vall\u00e9e de Seine<\/a>, \u00e0 <a href=\"https:\/\/actu.fr\/normandie\/boos_76116\" target=\"_blank\" rel=\"noopener\">Boos.<\/a> Finalement, la grande f\u00eate n\u2019aura pas lieu. <strong>On vous explique.<\/strong><\/p>\n<p>Conflit avec la mairie<\/p>\n<p class=\" wall-content\">\u00ab\u2009Tout \u00e9tait pr\u00eat. Mais tout tombe \u00e0 l\u2019eau\u2009\u00bb, d\u00e9plore Nicolas, l\u2019un des fondateurs de l\u2019association. Lundi 10\u00a0novembre, lui et les autres organisateurs se sont rendus \u00e0 la mairie de Boos pour pr\u00e9senter l\u2019\u00e9v\u00e8nement et d\u00e9poser une demande afin d\u2019installer une buvette lors de la soir\u00e9e. \u00ab\u2009Le maire a refus\u00e9 et nous a indiqu\u00e9 qu\u2019il n\u2019\u00e9tait pas pour ce genre d\u2019\u00e9v\u00e8nement\u2009\u00bb, explique Nicolas.<\/p>\n<p class=\" wall-content\">Il poursuit\u2009: \u00ab\u2009D\u00e8s que l\u2019on a su que le maire ne voulait pas, on a essay\u00e9 de trouver des solutions en parall\u00e8le.\u2009\u00bb \u00c0 c\u00f4t\u00e9 de cela, les organisateurs ont partag\u00e9 un communiqu\u00e9 expliquant que la soir\u00e9e n\u2019allait pas se transformer en rave party dans une volont\u00e9 de rassurer\u2009: \u00ab\u2009Il s\u2019agit d\u2019une soir\u00e9e culturelle et musicale organis\u00e9e dans un lieu insolite.\u2009\u00bb<\/p>\n<blockquote class=\"ac-article-quote wall-content\">\n<p>Nous sommes une association, c&rsquo;\u00e9taient nos finances qui \u00e9taient engag\u00e9es. Les artistes \u00e9taient d\u00e9j\u00e0 r\u00e9serv\u00e9s. L\u00e0, on a d\u00fb tout stopper.<\/p>\n<p>    <strong>Nicolas,<\/strong><br \/>\n        co-fondateur de Hors-Club.    <\/p><\/blockquote>\n<p class=\" wall-content\"><strong>Finalement, aucun accord.<\/strong> Dans un second communiqu\u00e9 partag\u00e9 le 12\u00a0novembre, l\u2019association s\u2019explique\u2009: \u00ab\u2009Malgr\u00e9 nos d\u00e9marches et notre volont\u00e9 de trouver un terrain d\u2019entente avec la mairie, aucune solution satisfaisante n\u2019a pu \u00eatre trouv\u00e9e.\u2009\u00bb<\/p>\n<p>Vid\u00e9os : en ce moment sur Actu\u00ab\u2009Un risque pour la s\u00e9curit\u00e9\u2009\u00bb<\/p>\n<p class=\" wall-content\">Interrog\u00e9 par 76actu, Bruno Grisel, le maire de Boos r\u00e9pond que \u00ab\u2009les organisateurs n\u2019ont pas respect\u00e9 les d\u00e9marches n\u00e9cessaires pour bien organiser cette manifestation\u2009\u00bb.<\/p>\n<blockquote class=\"ac-article-quote wall-content\">\n<p>La premi\u00e8re chose, c&rsquo;est que pour pouvoir faire une manifestation \u00e0 l\u2019int\u00e9rieur de l&rsquo;a\u00e9roport, les organisateurs auraient d\u00fb d\u00e9poser deux mois avant la date une demande aux pompiers pour un changement de destination du b\u00e2timent. Deuxi\u00e8me chose, nous avons appris cette manifestation par les r\u00e9seaux sociaux dimanche dernier. Il aurait fallu pr\u00e9venir la mairie et la gendarmerie en amont. Il aurait fallu \u00e9galement formuler une demande aupr\u00e8s de l\u2019aviation civile.\n <\/p>\n<p>    <strong>Bruno Grisel,<\/strong><br \/>\n        maire de Boos.    <\/p><\/blockquote>\n<p>Votre r\u00e9gion, votre actu !<\/p>\n<p>Recevez chaque jour les infos qui comptent pour vous.<\/p>\n<p>\t<a href=\"https:\/\/actu.fr\/newsletter\" class=\"ac-btn ac-btn--corner ac-btn--medium ac-btn--blue800\" target=\"_blank\" rel=\"noopener\">S&rsquo;incrire<\/a><\/p>\n<p class=\" wall-content\">L\u2019\u00e9lu l\u2019assure, \u00ab\u2009je ne suis pas contre des manifestations culturelles et festives, au contraire. Mais l\u00e0, ils n\u2019ont pas fait les choses en r\u00e8gle. Il y avait clairement un risque pour la s\u00e9curit\u00e9\u2009\u00bb.<\/p>\n<p class=\" wall-content\">Il justifie sa d\u00e9cision en affirmant qu\u2019en cas de probl\u00e8me, \u00ab\u2009le seul responsable dans cette histoire, c\u2019est le maire. C\u2019est un risque que je ne veux pas prendre. R\u00e9unir 800\u00a0personnes dans un hall d\u2019a\u00e9roport avec de la musique et de l\u2019alcool, on ne savait pas o\u00f9 \u00e7a allait. Je n\u2019ai pas voulu prendre ce risque\u2009\u00bb.<\/p>\n<p>C\u2019est la fin pour l\u2019association<\/p>\n<p class=\" wall-content\">Pour l\u2019association, c\u2019est la goutte de trop.\u00a0En effet, <a href=\"https:\/\/actu.fr\/normandie\/rouen_76540\/a-rouen-ils-creent-des-soirees-dans-des-lieux-insolites-la-prochaine-se-fera-au-milieu-des-wagons_63306505.html\" target=\"_blank\" rel=\"noopener\">la pr\u00e9c\u00e9dente soir\u00e9e de l\u2019\u00e9quipe du Hors-Club qui devait se tenir le 24\u00a0octobre au beau milieu de wagons anciens \u00e0 Sotteville-l\u00e8s-Rouen<\/a>, avait d\u00e9j\u00e0 \u00e9t\u00e9 annul\u00e9e, cette fois-ci en raison de la m\u00e9t\u00e9o.<\/p>\n<p class=\" wall-content\">Suite \u00e0 ce nouveau revers et compte tenu des pertes financi\u00e8res, l\u2019association a \u00e9t\u00e9 contrainte de mettre<strong> la cl\u00e9 sous la porte.<\/strong> \u00ab\u2009Cette d\u00e9cision est un cr\u00e8ve-c\u0153ur pour l\u2019\u00e9quipe qui s\u2019est investie sans compter pour proposer un \u00e9v\u00e8nement festif, culturel et s\u00e9curis\u00e9 sur le territoire\u2009\u00bb, expliquent les organisateurs dans leur communiqu\u00e9.<\/p>\n<p class=\" wall-content\">Toujours dans ce m\u00eame communiqu\u00e9, ils promettent que \u00ab\u2009tous les billets achet\u00e9s seront rembours\u00e9s\u2009\u00bb.<\/p>\n<p>Suivez l\u2019actualit\u00e9 de Rouen sur <a href=\"https:\/\/www.whatsapp.com\/channel\/0029VaKfnf99hXF2ddApFB1D\" target=\"_blank\" rel=\"noopener\">notre cha\u00eene WhatsApp<\/a> et sur <a href=\"https:\/\/www.tiktok.com\/@76actu.fr?lang=fr\" target=\"_blank\" rel=\"noopener\">notre compte TikTok<\/a><\/p>\n<p class=\" wall-content\">Personnalisez votre actualit\u00e9 en ajoutant vos villes et m\u00e9dias en favori avec <a href=\"https:\/\/moncompte.actu.fr\" title=\"D\u00e9couvez Mon Actu\" rel=\"nofollow noopener\" data-trk=\"{&quot;cta&quot;:{&quot;action&quot;:&quot;https:\\\/\\\/moncompte.actu.fr&quot;,&quot;category&quot;:&quot;mon compte&quot;,&quot;from&quot;:&quot;article footer&quot;,&quot;name&quot;:&quot;Mon actu&quot;,&quot;type&quot;:&quot;cta&quot;}}\" target=\"_blank\">Mon Actu<\/a>.<\/p>\n<p>                    <script async src=\"\/\/www.tiktok.com\/embed.js\"><\/script><\/p>\n","protected":false},"excerpt":{"rendered":"Par Adrien Filoche Publi\u00e9 le 12 nov. 2025 \u00e0 20h38 L\u2019annonce avait fait grand bruit sur les r\u00e9seaux&hellip;\n","protected":false},"author":2,"featured_media":529763,"comment_status":"","ping_status":"","sticky":false,"template":"","format":"standard","meta":{"footnotes":""},"categories":[9587],"tags":[1111,11,5702,1777,674,849,1011,27,1757,1652,12,5161,25,9590],"class_list":{"0":"post-529762","1":"post","2":"type-post","3":"status-publish","4":"format-standard","5":"has-post-thumbnail","7":"category-rouen","8":"tag-actu","9":"tag-actualites","10":"tag-alcool","11":"tag-eu","12":"tag-europe","13":"tag-festival","14":"tag-fr","15":"tag-france","16":"tag-insolite","17":"tag-loisirs-culture","18":"tag-news","19":"tag-normandie","20":"tag-republique-francaise","21":"tag-rouen"},"share_on_mastodon":{"url":"https:\/\/pubeurope.com\/@fr\/115538618324889572","error":""},"_links":{"self":[{"href":"https:\/\/www.europesays.com\/fr\/wp-json\/wp\/v2\/posts\/529762","targetHints":{"allow":["GET"]}}],"collection":[{"href":"https:\/\/www.europesays.com\/fr\/wp-json\/wp\/v2\/posts"}],"about":[{"href":"https:\/\/www.europesays.com\/fr\/wp-json\/wp\/v2\/types\/post"}],"author":[{"embeddable":true,"href":"https:\/\/www.europesays.com\/fr\/wp-json\/wp\/v2\/users\/2"}],"replies":[{"embeddable":true,"href":"https:\/\/www.europesays.com\/fr\/wp-json\/wp\/v2\/comments?post=529762"}],"version-history":[{"count":0,"href":"https:\/\/www.europesays.com\/fr\/wp-json\/wp\/v2\/posts\/529762\/revisions"}],"wp:featuredmedia":[{"embeddable":true,"href":"https:\/\/www.europesays.com\/fr\/wp-json\/wp\/v2\/media\/529763"}],"wp:attachment":[{"href":"https:\/\/www.europesays.com\/fr\/wp-json\/wp\/v2\/media?parent=529762"}],"wp:term":[{"taxonomy":"category","embeddable":true,"href":"https:\/\/www.europesays.com\/fr\/wp-json\/wp\/v2\/categories?post=529762"},{"taxonomy":"post_tag","embeddable":true,"href":"https:\/\/www.europesays.com\/fr\/wp-json\/wp\/v2\/tags?post=529762"}],"curies":[{"name":"wp","href":"https:\/\/api.w.org\/{rel}","templated":true}]}}