{"id":529767,"date":"2025-11-12T20:31:16","date_gmt":"2025-11-12T20:31:16","guid":{"rendered":"https:\/\/www.europesays.com\/fr\/529767\/"},"modified":"2025-11-12T20:31:16","modified_gmt":"2025-11-12T20:31:16","slug":"une-nouvelle-methode-pour-distribuer-des-pv-pres-de-rennes-cette-commune-va-capitaliser-sur-son-systeme-de-videosurveillance","status":"publish","type":"post","link":"https:\/\/www.europesays.com\/fr\/529767\/","title":{"rendered":"Une nouvelle m\u00e9thode pour distribuer des PV : pr\u00e8s de Rennes, cette commune va capitaliser sur son syst\u00e8me de vid\u00e9osurveillance"},"content":{"rendered":"<p>Si vous grillez un feu rouge ou que vous t\u00e9l\u00e9phonez au volant \u00e0 Cesson-S\u00e9vign\u00e9, attention \u00e0 vous, vous risquez une amende\u2026 m\u00eame si vous ne vous faites pas arr\u00eater par les forces de l\u2019ordre. Car ce mercredi 12 novembre 2025, la municipalit\u00e9 de la commune situ\u00e9e \u00e0 l\u2019est de Rennes a vot\u00e9 la mise en place d\u2019un nouveau dispositif, la vid\u00e9overbalisation.<\/p>\n<p>Le principe ? En s\u2019appuyant sur les cam\u00e9ras de vid\u00e9osurveillance de la commune, un policier asserment\u00e9 pourra, \u00e0 distance, mettre une contravention \u00e0 un usager de la route pour une infraction depuis le centre de supervision de la commune, dans le <a href=\"https:\/\/www.letelegramme.fr\/ille-et-vilaine\/rennes-35000\/a-cesson-sevigne-lhotel-des-polices-inaugure-et-en-attente-deffectifs-nationaux-6877420.php\" target=\"_blank\" rel=\"nofollow noopener\">nouvel h\u00f4tel des polices<\/a> qui regroupe les services de police municipale et nationale. \u00ab Les travaux du centre de surveillance urbain seront termin\u00e9s en d\u00e9cembre. Il disposera d\u2019un mur de huit \u00e9crans sur lesquelles seront diffus\u00e9es les images des 67 cam\u00e9ras de surveillance de la commune \u00bb, explique Jean-Pierre Savignac, maire de Cesson-S\u00e9vign\u00e9.<\/p>\n<p>Infractions au code de la route, mais pas seulement<\/p>\n<p>Usage du t\u00e9l\u00e9phone au volant, circulation sur les voies de bus, non-respect d\u2019une priorit\u00e9, chevauchement d\u2019une ligne blanche\u2026 autant d\u2019infractions de la route qui pourront \u00eatre sanctionn\u00e9es \u00e0 distance, sans avoir \u00e0 intercepter le fautif. \u00ab Et si l\u2019agent, devant le mur d\u2019\u00e9cran, constate quelque chose, il pourra envoyer une patrouille sur place \u00bb.<\/p>\n<p>Avec des effectifs de neuf policiers municipaux et trois agents de Police nationale, il ne sera toutefois pas possible de contr\u00f4ler en permanence les cam\u00e9ras de la commune. \u00ab En revanche, il y a des moments dans la journ\u00e9e o\u00f9 l\u2019on sait que des choses se passent, on pourra mettre des agents \u00e0 ces heures-l\u00e0 \u00bb, argue l\u2019\u00e9dile.<\/p>\n<p>Lanc\u00e9e en 2008, la vid\u00e9overbalisation est utilis\u00e9e par une centaine de communes en France, notamment <a href=\"https:\/\/www.letelegramme.fr\/morbihan\/vannes-56000\/spanstationnement-genantspan-vannes-passe-a-la-video-verbalisation-3152705.php\" target=\"_blank\" rel=\"nofollow noopener\">\u00e0 Vannes depuis 2018<\/a>, ou Nantes depuis 2024.<\/p>\n","protected":false},"excerpt":{"rendered":"Si vous grillez un feu rouge ou que vous t\u00e9l\u00e9phonez au volant \u00e0 Cesson-S\u00e9vign\u00e9, attention \u00e0 vous, vous&hellip;\n","protected":false},"author":2,"featured_media":529768,"comment_status":"","ping_status":"","sticky":false,"template":"","format":"standard","meta":{"footnotes":""},"categories":[2821],"tags":[1111,11,829,1777,674,1011,27,848,12,584,25],"class_list":{"0":"post-529767","1":"post","2":"type-post","3":"status-publish","4":"format-standard","5":"has-post-thumbnail","7":"category-rennes","8":"tag-actu","9":"tag-actualites","10":"tag-bretagne","11":"tag-eu","12":"tag-europe","13":"tag-fr","14":"tag-france","15":"tag-ille-et-vilaine","16":"tag-news","17":"tag-rennes","18":"tag-republique-francaise"},"share_on_mastodon":{"url":"https:\/\/pubeurope.com\/@fr\/115538630116233931","error":""},"_links":{"self":[{"href":"https:\/\/www.europesays.com\/fr\/wp-json\/wp\/v2\/posts\/529767","targetHints":{"allow":["GET"]}}],"collection":[{"href":"https:\/\/www.europesays.com\/fr\/wp-json\/wp\/v2\/posts"}],"about":[{"href":"https:\/\/www.europesays.com\/fr\/wp-json\/wp\/v2\/types\/post"}],"author":[{"embeddable":true,"href":"https:\/\/www.europesays.com\/fr\/wp-json\/wp\/v2\/users\/2"}],"replies":[{"embeddable":true,"href":"https:\/\/www.europesays.com\/fr\/wp-json\/wp\/v2\/comments?post=529767"}],"version-history":[{"count":0,"href":"https:\/\/www.europesays.com\/fr\/wp-json\/wp\/v2\/posts\/529767\/revisions"}],"wp:featuredmedia":[{"embeddable":true,"href":"https:\/\/www.europesays.com\/fr\/wp-json\/wp\/v2\/media\/529768"}],"wp:attachment":[{"href":"https:\/\/www.europesays.com\/fr\/wp-json\/wp\/v2\/media?parent=529767"}],"wp:term":[{"taxonomy":"category","embeddable":true,"href":"https:\/\/www.europesays.com\/fr\/wp-json\/wp\/v2\/categories?post=529767"},{"taxonomy":"post_tag","embeddable":true,"href":"https:\/\/www.europesays.com\/fr\/wp-json\/wp\/v2\/tags?post=529767"}],"curies":[{"name":"wp","href":"https:\/\/api.w.org\/{rel}","templated":true}]}}