{"id":52977,"date":"2025-04-25T23:41:09","date_gmt":"2025-04-25T23:41:09","guid":{"rendered":"https:\/\/www.europesays.com\/fr\/52977\/"},"modified":"2025-04-25T23:41:09","modified_gmt":"2025-04-25T23:41:09","slug":"les-espoirs-de-leurovision-du-royaume-uni-se-souviennent-de-lundi-partagez-la-couverture-de-the-story-of-fire-saga-song-song-husavik-my-hometown","status":"publish","type":"post","link":"https:\/\/www.europesays.com\/fr\/52977\/","title":{"rendered":"Les espoirs de l&rsquo;Eurovision du Royaume-Uni se souviennent de lundi, partagez la couverture de \u00abThe Story of Fire Saga\u00bb Song Song \u00abHusavik (My Hometown)\u00bb"},"content":{"rendered":"<p>Les espoirs de l&rsquo;Eurovision du Royaume-Uni se souviennent que lundi a partag\u00e9 une couverture de L&rsquo;histoire de la saga de feu Song Spoof &lsquo;Husavik (My Homet Vown)&rsquo;.<\/p>\n<p>Le trio country-pop \u2013 Lauren Byrne, Holly-Anne Hull et Charlotte Steele \u2013 sont le premier groupe de filles \u00e0 repr\u00e9senter le Royaume-Uni depuis que Precious a termin\u00e9 12e en 1999. Depuis lors, le Royaume-Uni n&rsquo;a fait que le top 10 \u00e0 trois reprises, plus r\u00e9cemment lorsque Sam Ryder est arriv\u00e9 deuxi\u00e8me il y a trois ans.<\/p>\n<p>En mars dernier, le groupe a sorti \u00abWhat the Hell Hight It With\u00bb, qui est devenu plus tard leur premi\u00e8re chanson \u00e0 amasser plus d&rsquo;un million de flux sur Spotify.<\/p>\n<p>Plus t\u00f4t dans la journ\u00e9e (25 avril), ils ont publi\u00e9 une couverture de \u00ab\u00a0 Husavik (My Hometown) \u00a0\u00bb, une chanson compos\u00e9e du film de com\u00e9die 2020, interpr\u00e9t\u00e9 par sa star Will Ferrell et Molly Sand\u00e9n, qui a chant\u00e9 les parties du personnage jou\u00e9 par Rachel McAdams. Comme le film, le clip de \u00abHusavik (My Hometown)\u00bb a \u00e9t\u00e9 tourn\u00e9 dans la ville islandaise.<\/p>\n<p>\u00ab\u00a0Nous n&rsquo;avons jamais vu nulle part aussi beau avec nos propres yeux! C&rsquo;\u00e9tait le plus \u00e9motionnel que nous ayons jamais eu de la seconde o\u00f9 nous avons d\u00e9coll\u00e9 au moment o\u00f9 nous sommes partis\u00a0\u00bb, a partag\u00e9 le groupe dans un communiqu\u00e9 de presse. \u00abNous pleurons parce que ce n&rsquo;\u00e9tait que l&rsquo;exp\u00e9rience la plus incroyable.\u00bb<\/p>\n<p>La couverture \u00abest sp\u00e9ciale pour nous\u00bb, ont-ils poursuivi, \u00abcomme cela nous fait r\u00e9fl\u00e9chir \u00e0 notre ville natale et au fait que nous sommes amis depuis si longtemps. La chanson se sent assez nostalgique et c&rsquo;est ainsi que nous ressentons la plupart du temps pour notre amiti\u00e9.\u00bb Regardez-le ci-dessous.<\/p>\n<p><a href=\"https:\/\/www.youtube.com\/watch?v=brtylrshdvu\" target=\"_blank\" rel=\"noopener\">https:\/\/www.youtube.com\/watch?v=brtylrshdvu<\/a><\/p>\n<p>Le trio chante ensemble depuis qu&rsquo;ils se sont rencontr\u00e9s au Sixth Form College en 2012. Ils ont concouru sur The Voice UK En 2019, a construit un Tiktok important apr\u00e8s la pand\u00e9mie et s&rsquo;est lanc\u00e9 dans une tourn\u00e9e britannique \u00e0 guichets ferm\u00e9s l&rsquo;ann\u00e9e derni\u00e8re.<\/p>\n<p>\u00abQu&rsquo;est-ce qui vient de se passer? Comprend des guitares de rock glamour influenc\u00e9es par la reine et des tambours de power-pop ainsi que leurs harmonies vocales de marque \u2013 il voit le trio s&rsquo;\u00e9loigner des c\u00e9libataires pr\u00e9c\u00e9dents \u00e0 la country tels que \u00abLaugh About\u00bb de l&rsquo;ann\u00e9e derni\u00e8re et \u00ab\u00a0 What the Girls \u00ab\u00a0 La salle de bain est pour \u00a0\u00bb.<\/p>\n<p>N&rsquo;oubliez pas que lundi devrait participer \u00e0 la grande finale du concours Eurovision Song, qui sera diffus\u00e9 en direct sur BBC One et BBC iPlayer le 17 mai.<\/p>\n<p>Sur les objectifs du concours du groupe, Byrne a r\u00e9v\u00e9l\u00e9 \u00e0 ZikNation Qu&rsquo;ils \u00abont un accord avec toute notre \u00e9quipe \u2013 comme 30 personnes ont secou\u00e9 cet accord \u2013 que si nous terminons dans le top cinq, tout le monde obtient un\u00ab wthjh \u00bb. tatouage.\u00a0\u00bb<\/p>\n","protected":false},"excerpt":{"rendered":"Les espoirs de l&rsquo;Eurovision du Royaume-Uni se souviennent que lundi a partag\u00e9 une couverture de L&rsquo;histoire de la&hellip;\n","protected":false},"author":2,"featured_media":6228,"comment_status":"","ping_status":"","sticky":false,"template":"","format":"standard","meta":{"footnotes":""},"categories":[1588],"tags":[11,11104,10940,1777,674,1220,14663,14664,14665,151,9865,12,14666,473,1853,1873,10600,14667,14668,4581,1851,1850,1852],"class_list":{"0":"post-52977","1":"post","2":"type-post","3":"status-publish","4":"format-standard","5":"has-post-thumbnail","7":"category-royaume-uni","8":"tag-actualites","9":"tag-couverture","10":"tag-espoirs","11":"tag-eu","12":"tag-europe","13":"tag-fire","14":"tag-hometown","15":"tag-husavik","16":"tag-l39eurovision","17":"tag-les","18":"tag-lundi","19":"tag-news","20":"tag-partagez","21":"tag-royaume-uni","22":"tag-royaume-uni-de-grande-bretagne-et-dirlande-du-nord","23":"tag-royaumeuni","24":"tag-saga","25":"tag-song","26":"tag-souviennent","27":"tag-story","28":"tag-uk","29":"tag-united-kingdom","30":"tag-united-kingdom-of-great-britain-and-northern-ireland"},"share_on_mastodon":{"url":"https:\/\/pubeurope.com\/@fr\/114401252731804296","error":""},"_links":{"self":[{"href":"https:\/\/www.europesays.com\/fr\/wp-json\/wp\/v2\/posts\/52977","targetHints":{"allow":["GET"]}}],"collection":[{"href":"https:\/\/www.europesays.com\/fr\/wp-json\/wp\/v2\/posts"}],"about":[{"href":"https:\/\/www.europesays.com\/fr\/wp-json\/wp\/v2\/types\/post"}],"author":[{"embeddable":true,"href":"https:\/\/www.europesays.com\/fr\/wp-json\/wp\/v2\/users\/2"}],"replies":[{"embeddable":true,"href":"https:\/\/www.europesays.com\/fr\/wp-json\/wp\/v2\/comments?post=52977"}],"version-history":[{"count":0,"href":"https:\/\/www.europesays.com\/fr\/wp-json\/wp\/v2\/posts\/52977\/revisions"}],"wp:featuredmedia":[{"embeddable":true,"href":"https:\/\/www.europesays.com\/fr\/wp-json\/wp\/v2\/media\/6228"}],"wp:attachment":[{"href":"https:\/\/www.europesays.com\/fr\/wp-json\/wp\/v2\/media?parent=52977"}],"wp:term":[{"taxonomy":"category","embeddable":true,"href":"https:\/\/www.europesays.com\/fr\/wp-json\/wp\/v2\/categories?post=52977"},{"taxonomy":"post_tag","embeddable":true,"href":"https:\/\/www.europesays.com\/fr\/wp-json\/wp\/v2\/tags?post=52977"}],"curies":[{"name":"wp","href":"https:\/\/api.w.org\/{rel}","templated":true}]}}