{"id":529771,"date":"2025-11-12T20:33:11","date_gmt":"2025-11-12T20:33:11","guid":{"rendered":"https:\/\/www.europesays.com\/fr\/529771\/"},"modified":"2025-11-12T20:33:11","modified_gmt":"2025-11-12T20:33:11","slug":"louverture-du-nouveau-bowling-du-parc-de-lorangerie-retardee-voici-pourquoi","status":"publish","type":"post","link":"https:\/\/www.europesays.com\/fr\/529771\/","title":{"rendered":"l&rsquo;ouverture du nouveau bowling du parc de l&rsquo;Orangerie retard\u00e9e,\u00a0voici\u00a0pourquoi"},"content":{"rendered":"<p>                    Par<br \/>\n        <strong><br \/>\n            <a href=\"https:\/\/actu.fr\/auteur\/thomas-blanc\" title=\"Consulter tous les articles de Thomas Blanc\" target=\"_blank\" rel=\"noopener\">Thomas Blanc<\/a><br \/>\n                    <\/strong><\/p>\n<p>        Publi\u00e9 le<\/p>\n<p>            12 nov. 2025 \u00e0 19h12        <\/p>\n<p>Les travaux du <a href=\"https:\/\/actu.fr\/grand-est\/strasbourg_67482\/parc-de-l-orangerie-a-strasbourg-decouvrez-le-nouveau-bowling-en-images_62322034.html\" target=\"_blank\" rel=\"noopener\">nouveau bowling de l\u2019Orangerie<\/a>, \u00e0 <strong>Strasbourg<\/strong>, touchent \u00e0 leur fin. D\u00e9marr\u00e9 au <strong>printemps 2023<\/strong>, le chantier devait, \u00e0 l\u2019origine, se terminer au mois de juin\u00a02025.<br \/>Toutefois, repouss\u00e9e une premi\u00e8re fois au 2\u00a0d\u00e9cembre, la <strong>r\u00e9ouverture<\/strong> du complexe est <strong>de nouveau remise \u00e0 plus tard<\/strong>, comme l\u2019a appris <a href=\"https:\/\/actu.fr\/strasbourg\/\" target=\"_blank\" rel=\"noopener\">Actu Strasbourg<\/a> ce mercredi 12\u00a0d\u00e9cembre.<\/p>\n<p>L\u2019ouverture du nouveau bowling de l\u2019Orangerie n\u2019aura finalement pas lieu avant le 8\u00a0d\u00e9cembre<\/p>\n<p class=\" wall-content\">Le projet \u00e0 <strong>8\u00a0millions d\u2019euros<\/strong> prend du retard. Les clients \u00e9taient attendus dans ce bowling <strong>d\u00e9moli puis reconstruit<\/strong> au sein du plus grand parc de Strasbourg, celui de l\u2019<a href=\"https:\/\/actu.fr\/tag\/parc-de-l-orangerie\" target=\"_blank\" rel=\"noopener\">Orangerie<\/a>, d\u00e8s <a href=\"https:\/\/actu.fr\/grand-est\/strasbourg_67482\/bowling-de-l-orangerie-a-strasbourg-on-connait-la-date-d-ouverture-precise_62687701.html\" target=\"_blank\" rel=\"noopener\">le 2\u00a0d\u00e9cembre prochain, comme l\u2019annon\u00e7ait la soci\u00e9t\u00e9 Rimea<\/a>, l\u2019entreprise derri\u00e8re le projet, plus t\u00f4t dans l\u2019ann\u00e9e.<\/p>\n<p class=\" wall-content\">Pauline George, la directrice du restaurant, confie finalement ne pas viser une ouverture avant le 8 et s\u2019avance sur la date du<strong> 10\u00a0d\u00e9cembre<\/strong>. Elle pr\u00e9f\u00e8re retarder un petit peu l\u2019ouverture pour \u00ab\u2009prendre le temps de bien <strong>mettre en place la cuisine<\/strong> apr\u00e8s la fin des travaux\u2009\u00bb.<\/p>\n<p>32 pistes de bowling, un restaurant, \u2026<\/p>\n<p class=\" wall-content\">Elle n\u2019exclut cependant pas que le bowling, en meilleur \u00e9tat d\u2019avancement, <strong>puisse ouvrir un jour ou deux avant le restaurant<\/strong>.<\/p>\n<p class=\" wall-content\">Pour rappel, le projet final comptera<strong>\u00a032 pistes<\/strong> de bowling, contre 24 pr\u00e9c\u00e9demment. On y trouvera \u00e9galement une brasserie, un restaurant de <strong>180 places<\/strong> et <strong>trois salles de s\u00e9minaire<\/strong>.<\/p>\n<p class=\" wall-content\">Personnalisez votre actualit\u00e9 en ajoutant vos villes et m\u00e9dias en favori avec <a href=\"https:\/\/moncompte.actu.fr\" title=\"D\u00e9couvez Mon Actu\" rel=\"nofollow noopener\" data-trk=\"{&quot;cta&quot;:{&quot;action&quot;:&quot;https:\\\/\\\/moncompte.actu.fr&quot;,&quot;category&quot;:&quot;mon compte&quot;,&quot;from&quot;:&quot;article footer&quot;,&quot;name&quot;:&quot;Mon actu&quot;,&quot;type&quot;:&quot;cta&quot;}}\" target=\"_blank\">Mon Actu<\/a>.<\/p>\n","protected":false},"excerpt":{"rendered":"Par Thomas Blanc Publi\u00e9 le 12 nov. 2025 \u00e0 19h12 Les travaux du nouveau bowling de l\u2019Orangerie, \u00e0&hellip;\n","protected":false},"author":2,"featured_media":529772,"comment_status":"","ping_status":"","sticky":false,"template":"","format":"standard","meta":{"footnotes":""},"categories":[2820],"tags":[1111,11,1777,674,1011,27,775,12,25967,25,104,640],"class_list":{"0":"post-529771","1":"post","2":"type-post","3":"status-publish","4":"format-standard","5":"has-post-thumbnail","7":"category-strasbourg","8":"tag-actu","9":"tag-actualites","10":"tag-eu","11":"tag-europe","12":"tag-fr","13":"tag-france","14":"tag-grand-est","15":"tag-news","16":"tag-parc-de-lorangerie","17":"tag-republique-francaise","18":"tag-societe","19":"tag-strasbourg"},"share_on_mastodon":{"url":"https:\/\/pubeurope.com\/@fr\/115538637969272657","error":""},"_links":{"self":[{"href":"https:\/\/www.europesays.com\/fr\/wp-json\/wp\/v2\/posts\/529771","targetHints":{"allow":["GET"]}}],"collection":[{"href":"https:\/\/www.europesays.com\/fr\/wp-json\/wp\/v2\/posts"}],"about":[{"href":"https:\/\/www.europesays.com\/fr\/wp-json\/wp\/v2\/types\/post"}],"author":[{"embeddable":true,"href":"https:\/\/www.europesays.com\/fr\/wp-json\/wp\/v2\/users\/2"}],"replies":[{"embeddable":true,"href":"https:\/\/www.europesays.com\/fr\/wp-json\/wp\/v2\/comments?post=529771"}],"version-history":[{"count":0,"href":"https:\/\/www.europesays.com\/fr\/wp-json\/wp\/v2\/posts\/529771\/revisions"}],"wp:featuredmedia":[{"embeddable":true,"href":"https:\/\/www.europesays.com\/fr\/wp-json\/wp\/v2\/media\/529772"}],"wp:attachment":[{"href":"https:\/\/www.europesays.com\/fr\/wp-json\/wp\/v2\/media?parent=529771"}],"wp:term":[{"taxonomy":"category","embeddable":true,"href":"https:\/\/www.europesays.com\/fr\/wp-json\/wp\/v2\/categories?post=529771"},{"taxonomy":"post_tag","embeddable":true,"href":"https:\/\/www.europesays.com\/fr\/wp-json\/wp\/v2\/tags?post=529771"}],"curies":[{"name":"wp","href":"https:\/\/api.w.org\/{rel}","templated":true}]}}