{"id":529773,"date":"2025-11-12T20:34:23","date_gmt":"2025-11-12T20:34:23","guid":{"rendered":"https:\/\/www.europesays.com\/fr\/529773\/"},"modified":"2025-11-12T20:34:23","modified_gmt":"2025-11-12T20:34:23","slug":"strasbourg-les-galeries-lafayette-donnent-le-coup-denvoi-des-illuminations-de-noel","status":"publish","type":"post","link":"https:\/\/www.europesays.com\/fr\/529773\/","title":{"rendered":"Strasbourg. Les Galeries Lafayette donnent le coup d\u2019envoi des illuminations de No\u00ebl"},"content":{"rendered":"<p>Spectacle attendu par les amateurs et amatrices de shopping, le show inaugural des illuminations de No\u00ebl <a href=\"https:\/\/www.dna.fr\/videos\/les-fondateurs-des-galeries-lafayette-etaient-alsaciens-3qrfqur\" target=\"_blank\" rel=\"noopener\">des Galeries Lafayette<\/a> a tenu ses promesses \u00e0 la tomb\u00e9e de la nuit, ce mercredi 12 novembre, dans ce secteur tr\u00e8s passant au croisement de la place Kl\u00e9ber, de la rue du 22-Novembre et de la rue des Francs-Bourgeois. Plac\u00e9s devant l\u2019entr\u00e9e principale, le DJ et son saxophoniste ont ambianc\u00e9, apr\u00e8s 17\u00a0h, les Strasbourgeois qui se baladaient au centre-ville \u00e0 ce moment-l\u00e0.<\/p>\n<p>  Vitrines anim\u00e9es et dispositif de s\u00e9curit\u00e9<\/p>\n<p>Pr\u00e8s d\u2019une quinzaine de vitrines ont mis leurs habits de No\u00ebl, ainsi, pour les festivit\u00e9s de fin d\u2019ann\u00e9e et la saison des cadeaux qui se pr\u00e9pare. Une petite moiti\u00e9 d\u2019entre elles sont anim\u00e9es et font le bonheur des petits et grands enfants.<\/p>\n<p>\u00c0 noter qu\u2019un important dispositif de s\u00e9curit\u00e9 a \u00e9t\u00e9 mis en place le long des deux voies de tram pour \u00e9viter les accidents durant la c\u00e9r\u00e9monie qui a dur\u00e9 jusqu\u2019\u00e0 18\u00a0h. Les coups de sifflet, fa\u00e7on chef de gare, de la police municipale et du service d\u2019ordre de la CTS ont permis que les nombreuses rames en cette heure de pointe puissent passer sans encombre pendant le spectacle, suivi par plusieurs centaines de personnes.<\/p>\n","protected":false},"excerpt":{"rendered":"Spectacle attendu par les amateurs et amatrices de shopping, le show inaugural des illuminations de No\u00ebl des Galeries&hellip;\n","protected":false},"author":2,"featured_media":529774,"comment_status":"","ping_status":"","sticky":false,"template":"","format":"standard","meta":{"footnotes":""},"categories":[2820],"tags":[1111,11,4406,130,1687,33,2880,1777,674,107,1011,27,775,12,15830,2661,25,640,2879],"class_list":{"0":"post-529773","1":"post","2":"type-post","3":"status-publish","4":"format-standard","5":"has-post-thumbnail","7":"category-strasbourg","8":"tag-actu","9":"tag-actualites","10":"tag-commerce-et-services","11":"tag-consommation","12":"tag-culture-loisirs","13":"tag-economie","14":"tag-edition-strasbourg","15":"tag-eu","16":"tag-europe","17":"tag-fil-info","18":"tag-fr","19":"tag-france","20":"tag-grand-est","21":"tag-news","22":"tag-noel","23":"tag-patrimoine-culturel","24":"tag-republique-francaise","25":"tag-strasbourg","26":"tag-strasbourg-ville"},"share_on_mastodon":{"url":"https:\/\/pubeurope.com\/@fr\/115538642051248029","error":""},"_links":{"self":[{"href":"https:\/\/www.europesays.com\/fr\/wp-json\/wp\/v2\/posts\/529773","targetHints":{"allow":["GET"]}}],"collection":[{"href":"https:\/\/www.europesays.com\/fr\/wp-json\/wp\/v2\/posts"}],"about":[{"href":"https:\/\/www.europesays.com\/fr\/wp-json\/wp\/v2\/types\/post"}],"author":[{"embeddable":true,"href":"https:\/\/www.europesays.com\/fr\/wp-json\/wp\/v2\/users\/2"}],"replies":[{"embeddable":true,"href":"https:\/\/www.europesays.com\/fr\/wp-json\/wp\/v2\/comments?post=529773"}],"version-history":[{"count":0,"href":"https:\/\/www.europesays.com\/fr\/wp-json\/wp\/v2\/posts\/529773\/revisions"}],"wp:featuredmedia":[{"embeddable":true,"href":"https:\/\/www.europesays.com\/fr\/wp-json\/wp\/v2\/media\/529774"}],"wp:attachment":[{"href":"https:\/\/www.europesays.com\/fr\/wp-json\/wp\/v2\/media?parent=529773"}],"wp:term":[{"taxonomy":"category","embeddable":true,"href":"https:\/\/www.europesays.com\/fr\/wp-json\/wp\/v2\/categories?post=529773"},{"taxonomy":"post_tag","embeddable":true,"href":"https:\/\/www.europesays.com\/fr\/wp-json\/wp\/v2\/tags?post=529773"}],"curies":[{"name":"wp","href":"https:\/\/api.w.org\/{rel}","templated":true}]}}