{"id":529779,"date":"2025-11-12T20:38:19","date_gmt":"2025-11-12T20:38:19","guid":{"rendered":"https:\/\/www.europesays.com\/fr\/529779\/"},"modified":"2025-11-12T20:38:19","modified_gmt":"2025-11-12T20:38:19","slug":"tres-connus-ou-a-decouvrir-tous-ces-produits-sont-fabriques-en-loire-atlantique","status":"publish","type":"post","link":"https:\/\/www.europesays.com\/fr\/529779\/","title":{"rendered":"Tr\u00e8s connus ou \u00e0 d\u00e9couvrir, tous ces produits sont fabriqu\u00e9s en Loire-Atlantique"},"content":{"rendered":"<p>La concurrence chinoise au top de son emprise, la fin des bo\u00eetes aux lettres jaunes\u2026 L\u2019actualit\u00e9 des derniers jours a r\u00e9sonn\u00e9 dans les salons de la pr\u00e9fecture de Loire-Atlantique, qui organisait, pour la deuxi\u00e8me ann\u00e9e, son \u00e9v\u00e9nement\u00a0: fabriqu\u00e9 en Loire-Atlantique. Une d\u00e9clinaison locale du Salon fabriqu\u00e9 en France, qui se tiendra, dimanche 16\u00a0novembre, \u00e0 l\u2019Elys\u00e9e.<\/p>\n<p>\u00c0 Nantes, dix-sept entreprises, certaines historiques, d\u2019autres nouvelles, ont expos\u00e9 leur production et leur mod\u00e8le \u00e9conomique, qui tient ou s\u2019efforce de progresser malgr\u00e9 le souffle ravageur des usines chinoises. Oui, on produit encore des cartes \u00e9lectroniques dans ce d\u00e9partement.<\/p>\n<p>Lire aussi\u00a0: <a href=\"https:\/\/nantes.maville.com\/actu\/actudet_-temoignages.-on-peut-en-etre-fier-ils-racontent-leur-manufacture-francaise-du-cycle-a-machecoul-_8-6745291_actu.Htm\" target=\"_blank\" rel=\"noopener\">T\u00c9MOIGNAGES. \u00ab\u00a0On peut en \u00eatre fier\u00a0\u00bb\u00a0: ils racontent leur Manufacture fran\u00e7aise du cycle, \u00e0 Machecoul<\/a> <\/p>\n<p>Si les composants viennent in\u00e9vitablement d\u2019Asie, le groupe Cofidur a install\u00e9, \u00e0 Malville, son site de production d\u2019assemblage de pi\u00e8ces, de c\u00e2blage, de faisceau et dont l\u2019application se trouve dans le radar p\u00e9dagogique \u00c9lan cit\u00e9. Parmi les industries mises en avant, la manufacture Cycleurope de Machecoul, qui perp\u00e9tue le v\u00e9lo assembl\u00e9 \u00e0 la fran\u00e7aise.<\/p>\n<p>\t<img decoding=\"async\" src=\"https:\/\/www.europesays.com\/fr\/wp-content\/uploads\/2025\/11\/P35576879D7060802G_px_640_.jpg\" alt=\"photo thibault longueville a expos\u00e9 les plats en coquillage de la soci\u00e9t\u00e9 malakio, qui a grandi et d\u00e9velopp\u00e9 ses march\u00e9s chez les restaurateurs ou dans les entreprises.  \u00a9  ouest-france\" width=\"640\" title=\" Thibault Longueville a expos\u00e9 les plats en coquillage de la soci\u00e9t\u00e9 Malakio, qui a grandi et d\u00e9velopp\u00e9 ses march\u00e9s chez les restaurateurs ou dans les entreprises.   Ouest-France \"\/><\/p>\n<p class=\"elmt-legende\"> Thibault Longueville a expos\u00e9 les plats en coquillage de la soci\u00e9t\u00e9 Malakio, qui a grandi et d\u00e9velopp\u00e9 ses march\u00e9s chez les restaurateurs ou dans les entreprises.   Ouest-France <\/p>\n<p>Dans le tableau, il y avait surtout ces objets de notre quotidien. Le saviez-vous, le num\u00e9ro\u00a01 du savon de Marseille en France, c\u2019est la savonnerie de l\u2019Atlantique, install\u00e9e \u00e0 Rez\u00e9\u00a0? Les petits plombs de p\u00eache vendus dans les grandes enseignes viennent de chez Lemer, l\u2019expert du plomb et de l\u2019alliage bas\u00e9 \u00e0 Carquefou.<\/p>\n<p>Et donc cette bo\u00eete postale jaune en aluminium, dont on constate r\u00e9cemment qu\u2019elle va dispara\u00eetre des villes et des campagnes. <a href=\"https:\/\/www.ouest-france.fr\/economie\/industries\/nantes-dejoie-la-petite-fonderie-qui-usine-les-boites-jaunes-de-la-poste-4475527\" target=\"_blank\" rel=\"noopener\">C\u2019est la soci\u00e9t\u00e9 Dejoie du m\u00eame groupe qui les fabrique encore.<\/a> <strong>\u00ab\u00a0C\u2019est un produit embl\u00e9matique, m\u00eame si la production avait d\u00e9j\u00e0 baiss\u00e9\u00a0\u00bb<\/strong>, conc\u00e8de Pierre Moulin, qui s\u2019occupe d\u2019une autre activit\u00e9 plus lucrative\u00a0: l\u2019aluminium pour les activit\u00e9s nucl\u00e9aires.<\/p>\n<p>La d\u00e9carbonation et le r\u00e9emploi ont tenu une place de choix de l\u2019exposition. Avec l\u2019ing\u00e9niosit\u00e9 en plus, lorsqu\u2019il s\u2019agit de pr\u00e9senter Malakio qui r\u00e9alise des tables, des plats ou des couteaux avec des coquillages recycl\u00e9s ou Compo plume et son mobilier en volants de badminton.<\/p>\n<p>\u00a0<\/p>\n","protected":false},"excerpt":{"rendered":"La concurrence chinoise au top de son emprise, la fin des bo\u00eetes aux lettres jaunes\u2026 L\u2019actualit\u00e9 des derniers&hellip;\n","protected":false},"author":2,"featured_media":529780,"comment_status":"","ping_status":"","sticky":false,"template":"","format":"standard","meta":{"footnotes":""},"categories":[2818],"tags":[1111,11,64858,3979,1777,674,51682,1011,27,3047,766,12,2636,13365,25,933],"class_list":{"0":"post-529779","1":"post","2":"type-post","3":"status-publish","4":"format-standard","5":"has-post-thumbnail","7":"category-nantes","8":"tag-actu","9":"tag-actualites","10":"tag-connus","11":"tag-decouvrir","12":"tag-eu","13":"tag-europe","14":"tag-fabriques","15":"tag-fr","16":"tag-france","17":"tag-loire-atlantique","18":"tag-nantes","19":"tag-news","20":"tag-pays-de-la-loire","21":"tag-produits","22":"tag-republique-francaise","23":"tag-tres"},"share_on_mastodon":{"url":"https:\/\/pubeurope.com\/@fr\/115538658648626123","error":""},"_links":{"self":[{"href":"https:\/\/www.europesays.com\/fr\/wp-json\/wp\/v2\/posts\/529779","targetHints":{"allow":["GET"]}}],"collection":[{"href":"https:\/\/www.europesays.com\/fr\/wp-json\/wp\/v2\/posts"}],"about":[{"href":"https:\/\/www.europesays.com\/fr\/wp-json\/wp\/v2\/types\/post"}],"author":[{"embeddable":true,"href":"https:\/\/www.europesays.com\/fr\/wp-json\/wp\/v2\/users\/2"}],"replies":[{"embeddable":true,"href":"https:\/\/www.europesays.com\/fr\/wp-json\/wp\/v2\/comments?post=529779"}],"version-history":[{"count":0,"href":"https:\/\/www.europesays.com\/fr\/wp-json\/wp\/v2\/posts\/529779\/revisions"}],"wp:featuredmedia":[{"embeddable":true,"href":"https:\/\/www.europesays.com\/fr\/wp-json\/wp\/v2\/media\/529780"}],"wp:attachment":[{"href":"https:\/\/www.europesays.com\/fr\/wp-json\/wp\/v2\/media?parent=529779"}],"wp:term":[{"taxonomy":"category","embeddable":true,"href":"https:\/\/www.europesays.com\/fr\/wp-json\/wp\/v2\/categories?post=529779"},{"taxonomy":"post_tag","embeddable":true,"href":"https:\/\/www.europesays.com\/fr\/wp-json\/wp\/v2\/tags?post=529779"}],"curies":[{"name":"wp","href":"https:\/\/api.w.org\/{rel}","templated":true}]}}