{"id":529781,"date":"2025-11-12T20:39:18","date_gmt":"2025-11-12T20:39:18","guid":{"rendered":"https:\/\/www.europesays.com\/fr\/529781\/"},"modified":"2025-11-12T20:39:18","modified_gmt":"2025-11-12T20:39:18","slug":"municipales-a-nantes-lapres-rejoint-la-liste-menee-par-la-maire-sortante-ps-johanna-rolland","status":"publish","type":"post","link":"https:\/\/www.europesays.com\/fr\/529781\/","title":{"rendered":"Municipales \u00e0 Nantes. L\u2019Apr\u00e8s rejoint la liste men\u00e9e par la maire sortante PS Johanna Rolland"},"content":{"rendered":"<p><a href=\"https:\/\/nantes.maville.com\/actu\/actudet_--faire-vivre-l-esprit-du-nfp-l-apres-nouvelle-formation-politique-en-loire-atlantique-_52716-6715672_actu.Htm\" target=\"_self\" rel=\"noopener\">L\u2019Apr\u00e8s, association pour\u00a0une r\u00e9publique \u00e9cologique et sociale,<\/a> rejoint elle aussi la liste men\u00e9e par la maire sortante PS, Johanna Rolland. <strong>\u00ab\u00a0Ce rassemblement large et pluriel de la gauche sociale et \u00e9cologique offre les conditions d\u2019un d\u00e9bat d\u00e9mocratique, entre forces de gauche, \u00e0 m\u00eame de trouver des solutions concr\u00e8tes aux besoins de la population\u00a0\u00bb,<\/strong> estime l\u2019Apr\u00e8s, dans un communiqu\u00e9. Qui rappelle sa m\u00e9thode\u00a0: <strong>\u00ab\u00a0s\u2019appuyer sur l\u2019initiative citoyenne et associative, donner toute leur place aux services publics, prot\u00e9ger les secteurs essentiels de la marchandisation grandissante\u00a0\u00bb.<\/strong><\/p>\n<p><strong>Lire aussi\u00a0:<\/strong> <a href=\"https:\/\/nantes.maville.com\/actu\/actudet_-municipales-a-nantes.-aziliz-gouez-et-ronan-dantec-de-territoires-44-sur-la-liste-d-union-de-johanna-rolland-_52716-7060672_actu.Htm\" target=\"_blank\" rel=\"noopener\">Municipales \u00e0 Nantes. Aziliz Gouez et Ronan Dantec, de Territoires 44, sur la liste d\u2019union de Johanna Rolland<\/a><\/p>\n<p>Parmi ses propositions\u00a0: la mise en place, pour les \u00e9l\u00e8ves de primaire, d\u2019un kit gratuit de fournitures scolaires et le travail autour de l\u2019augmentation du nombre de salles disponibles pour c\u00e9l\u00e9brer les obs\u00e8ques civiles.<\/p>\n<p>Pour la gratuit\u00e9 des transports en commun<\/p>\n<p>L\u2019Apr\u00e8s int\u00e8gre aussi au projet une proposition relative \u00e0 l\u2019\u00e9valuation citoyenne directe, <strong>\u00ab\u00a0par le biais d\u2019un observatoire du programme, qui sera de nature \u00e0 favoriser la participation d\u2019habitants\u00a0\u00bb.<\/strong> Et soutiendra, assure-t-elle, toutes les mesures allant dans le sens de la gratuit\u00e9 des transports en commun.<\/p>\n<p>\u00a0<\/p>\n","protected":false},"excerpt":{"rendered":"L\u2019Apr\u00e8s, association pour\u00a0une r\u00e9publique \u00e9cologique et sociale, rejoint elle aussi la liste men\u00e9e par la maire sortante PS,&hellip;\n","protected":false},"author":2,"featured_media":529782,"comment_status":"","ping_status":"","sticky":false,"template":"","format":"standard","meta":{"footnotes":""},"categories":[2818],"tags":[1111,11,1777,674,1011,27,36294,5110,5107,38006,3554,766,12,2636,429,17939,25,36295,59838],"class_list":{"0":"post-529781","1":"post","2":"type-post","3":"status-publish","4":"format-standard","5":"has-post-thumbnail","7":"category-nantes","8":"tag-actu","9":"tag-actualites","10":"tag-eu","11":"tag-europe","12":"tag-fr","13":"tag-france","14":"tag-johanna","15":"tag-liste","16":"tag-maire","17":"tag-menee","18":"tag-municipales","19":"tag-nantes","20":"tag-news","21":"tag-pays-de-la-loire","22":"tag-ps","23":"tag-rejoint","24":"tag-republique-francaise","25":"tag-rolland","26":"tag-sortante"},"share_on_mastodon":{"url":"https:\/\/pubeurope.com\/@fr\/115538661556731047","error":""},"_links":{"self":[{"href":"https:\/\/www.europesays.com\/fr\/wp-json\/wp\/v2\/posts\/529781","targetHints":{"allow":["GET"]}}],"collection":[{"href":"https:\/\/www.europesays.com\/fr\/wp-json\/wp\/v2\/posts"}],"about":[{"href":"https:\/\/www.europesays.com\/fr\/wp-json\/wp\/v2\/types\/post"}],"author":[{"embeddable":true,"href":"https:\/\/www.europesays.com\/fr\/wp-json\/wp\/v2\/users\/2"}],"replies":[{"embeddable":true,"href":"https:\/\/www.europesays.com\/fr\/wp-json\/wp\/v2\/comments?post=529781"}],"version-history":[{"count":0,"href":"https:\/\/www.europesays.com\/fr\/wp-json\/wp\/v2\/posts\/529781\/revisions"}],"wp:featuredmedia":[{"embeddable":true,"href":"https:\/\/www.europesays.com\/fr\/wp-json\/wp\/v2\/media\/529782"}],"wp:attachment":[{"href":"https:\/\/www.europesays.com\/fr\/wp-json\/wp\/v2\/media?parent=529781"}],"wp:term":[{"taxonomy":"category","embeddable":true,"href":"https:\/\/www.europesays.com\/fr\/wp-json\/wp\/v2\/categories?post=529781"},{"taxonomy":"post_tag","embeddable":true,"href":"https:\/\/www.europesays.com\/fr\/wp-json\/wp\/v2\/tags?post=529781"}],"curies":[{"name":"wp","href":"https:\/\/api.w.org\/{rel}","templated":true}]}}