{"id":529787,"date":"2025-11-12T20:42:14","date_gmt":"2025-11-12T20:42:14","guid":{"rendered":"https:\/\/www.europesays.com\/fr\/529787\/"},"modified":"2025-11-12T20:42:14","modified_gmt":"2025-11-12T20:42:14","slug":"une-nouvelle-rue-fermee-a-la-circulation-durant-plusieurs-jours","status":"publish","type":"post","link":"https:\/\/www.europesays.com\/fr\/529787\/","title":{"rendered":"une nouvelle rue ferm\u00e9e \u00e0 la circulation durant plusieurs jours"},"content":{"rendered":"<p>                    Par<br \/>\n        <strong><br \/>\n            <a href=\"https:\/\/actu.fr\/auteur\/lea-afonso\" title=\"Consulter tous les articles de L\u00e9a Afonso\" target=\"_blank\" rel=\"noopener\">L\u00e9a Afonso<\/a><br \/>\n                    <\/strong><\/p>\n<p>        Publi\u00e9 le<\/p>\n<p>            12 nov. 2025 \u00e0 20h00        <\/p>\n<p>Alors que les <strong>travaux du vaste projet <a href=\"https:\/\/actu.fr\/occitanie\/toulouse_31555\/toulouse-ce-nouvel-immeuble-emblematique-du-grand-matabiau-va-bientot-accueillir-ses-premiers-pensionnaires_62278410.html\" target=\"_blank\" rel=\"noopener\">Grand Matabiau Quais d\u2019Oc<\/a><\/strong> \u2014 destin\u00e9 \u00e0 transformer tout un quartier de <a href=\"https:\/\/actu.fr\/toulouse\/\" target=\"_blank\" rel=\"noopener\">Toulouse<\/a> d\u2019ici 2030 \u2014 se poursuivent \u00e0 un rythme soutenu, un nouvel \u00e9pisode risque de compliquer encore un peu plus la vie des automobilistes. En cette fin novembre, une <strong>nouvelle rue<\/strong> va \u00eatre compl\u00e8tement <strong>ferm\u00e9e \u00e0 la circulation<\/strong> pendant plusieurs jours.<\/p>\n<p>La rue du Maroc ferm\u00e9e en novembre<\/p>\n<p class=\" wall-content\">La <strong>rue du Maroc<\/strong>, situ\u00e9e dans le <strong>secteur Bonnefoy<\/strong>, sera ferm\u00e9e \u00e0 toute circulation <strong>du 12 au 21\u00a0novembre 2025,<\/strong> annonce la mairie de Toulouse. Le motif\u2009: des <strong>travaux sur les r\u00e9seaux d\u2019eaux pluviales<\/strong> dans le cadre de l\u2019avancement du projet urbain.<\/p>\n<p>    <a href=\"https:\/\/www.google.com\/maps\/embed?pb=!1m18!1m12!1m3!1d2888.590639861291!2d1.4489179116679896!3d43.615064354776095!2m3!1f0!2f0!3f0!3m2!1i1024!2i768!4f13.1!3m3!1m2!1s0x12aebca4939a7f51%3A0xe075229b6711af72!2sRue%20du%20Maroc%2C%2031200%20Toulouse!5e0!3m2!1sen!2sfr!4v1762969321885!5m2!1sen!2sfr\" title=\"Ouvrie le lien\" target=\"_blank\" rel=\"noopener\">Cliquez ici pour visualiser le contenu<\/a><\/p>\n<p class=\" wall-content\">Parall\u00e8le \u00e0 l\u2019avenue de Lyon, cette petite voie est souvent utilis\u00e9e comme itin\u00e9raire de d\u00e9lestage par les automobilistes venant du Faubourg Bonnefoy pour rejoindre le centre-ville. Sa fermeture risque donc d\u2019ajouter un peu plus de pression sur les axes d\u00e9j\u00e0 congestionn\u00e9s du secteur.<\/p>\n<p>Des travaux de jour\u2026 et quelques nuits bruyantes<\/p>\n<p class=\" wall-content\">Selon la mairie, la majorit\u00e9 des <strong>travaux<\/strong> auront lieu de jour, <strong>\u00ab\u2009entre 7h30 et 18h\u2009\u00bb<\/strong>. Cependant, <strong>\u00ab\u2009quelques interventions nocturnes, de 22h \u00e0 6h\u2009\u00bb,<\/strong> seront n\u00e9cessaires \u00ab\u2009afin de limiter les impacts sur la circulation\u2009\u00bb.<\/p>\n<p>Vid\u00e9os : en ce moment sur ActuUn secteur d\u00e9j\u00e0 sous tension<\/p>\n<p class=\" wall-content\">Si la rue du Maroc n\u2019est pas une art\u00e8re majeure de la Ville rose, elle se trouve n\u00e9anmoins au c\u0153ur d\u2019un<strong> secteur d\u00e9j\u00e0 satur\u00e9<\/strong>. Depuis plusieurs semaines, <a href=\"https:\/\/actu.fr\/occitanie\/toulouse_31555\/en-images-circulation-au-ralenti-sur-cette-avenue-de-toulouse-en-travaux-les-usagers-s-agacent_62976598.html\" target=\"_blank\" rel=\"noopener\"><strong>l\u2019avenue de Lyon<\/strong> subit de <strong>lourds travaux de r\u00e9seaux souterrains<\/strong><\/a>, provoquant de fr\u00e9quents embouteillages.<\/p>\n<p>    <img   decoding=\"async\" loading=\"lazy\" src=\"https:\/\/www.europesays.com\/fr\/wp-content\/uploads\/2025\/11\/img-6821-960x640.jpeg\" alt=\"L'avenue de Lyon est toujours en travaux, ne laissant la place que pour une voie de ciculation dans chaque sens. \" width=\"960\" height=\"640\"\/><br \/>\n    L\u2019avenue de Lyon est toujours en travaux, ne laissant la place que pour une voie de circulation dans chaque sens. (\u00a9L\u00e9a Afonso \/ Actu Toulouse)<\/p>\n<p>Votre r\u00e9gion, votre actu !<\/p>\n<p>Recevez chaque jour les infos qui comptent pour vous.<\/p>\n<p>\t<a href=\"https:\/\/actu.fr\/newsletter\" class=\"ac-btn ac-btn--corner ac-btn--medium ac-btn--blue800\" target=\"_blank\" rel=\"noopener\">S&rsquo;incrire<\/a><\/p>\n<p class=\" wall-content\">De plus, la rue du Maroc <strong>d\u00e9bouche sur le <a href=\"https:\/\/actu.fr\/occitanie\/toulouse_31555\/toulouse-la-nouvelle-piste-cyclable-du-boulevard-des-minimes-bientot-terminee-le-point-sur-le-projet_63403438.html#:~:text=Toulouse.-,La%20nouvelle%20piste%20cyclable%20du%20boulevard%20des%20Minimes%20bient%C3%B4t%20termin%C3%A9e,Le%20point%20sur%20le%20chantier.\" target=\"_blank\" rel=\"noopener\">boulevard des Minimes<\/a><\/strong>, lui-m\u00eame touch\u00e9 ces derniers mois par des perturbations li\u00e9es \u00e0 la cr\u00e9ation d\u2019une piste cyclable et \u00e0 la r\u00e9duction temporaire du nombre de voies de circulation.<\/p>\n<p>    <img   decoding=\"async\" loading=\"lazy\" src=\"https:\/\/www.europesays.com\/fr\/wp-content\/uploads\/2025\/11\/img-6811-960x640.jpeg\" alt=\"La rue du Maroc d\u00e9bouche sur le tr\u00e8s fr\u00e9quent\u00e9 boulevard des Minimes.\" width=\"960\" height=\"640\"\/><br \/>\n    La rue du Maroc d\u00e9bouche sur le tr\u00e8s fr\u00e9quent\u00e9 boulevard des Minimes. (\u00a9L\u00e9a Afonso \/ Actu Toulouse)<\/p>\n<p class=\" wall-content\">Autant d\u2019\u00e9l\u00e9ments qui laissent pr\u00e9sager une circulation encore plus compliqu\u00e9e dans ce quartier en pleine mutation.<\/p>\n<p class=\" wall-content\">Personnalisez votre actualit\u00e9 en ajoutant vos villes et m\u00e9dias en favori avec <a href=\"https:\/\/moncompte.actu.fr\" title=\"D\u00e9couvez Mon Actu\" rel=\"nofollow noopener\" data-trk=\"{&quot;cta&quot;:{&quot;action&quot;:&quot;https:\\\/\\\/moncompte.actu.fr&quot;,&quot;category&quot;:&quot;mon compte&quot;,&quot;from&quot;:&quot;article footer&quot;,&quot;name&quot;:&quot;Mon actu&quot;,&quot;type&quot;:&quot;cta&quot;}}\" target=\"_blank\">Mon Actu<\/a>.<\/p>\n","protected":false},"excerpt":{"rendered":"Par L\u00e9a Afonso Publi\u00e9 le 12 nov. 2025 \u00e0 20h00 Alors que les travaux du vaste projet Grand&hellip;\n","protected":false},"author":2,"featured_media":529788,"comment_status":"","ping_status":"","sticky":false,"template":"","format":"standard","meta":{"footnotes":""},"categories":[2816],"tags":[1111,11,1777,674,1011,27,12,2680,25,104,2312,2086,1352],"class_list":{"0":"post-529787","1":"post","2":"type-post","3":"status-publish","4":"format-standard","5":"has-post-thumbnail","7":"category-toulouse","8":"tag-actu","9":"tag-actualites","10":"tag-eu","11":"tag-europe","12":"tag-fr","13":"tag-france","14":"tag-news","15":"tag-occitanie","16":"tag-republique-francaise","17":"tag-societe","18":"tag-toulouse","19":"tag-travaux","20":"tag-urbanisme"},"share_on_mastodon":{"url":"https:\/\/pubeurope.com\/@fr\/115538673566828946","error":""},"_links":{"self":[{"href":"https:\/\/www.europesays.com\/fr\/wp-json\/wp\/v2\/posts\/529787","targetHints":{"allow":["GET"]}}],"collection":[{"href":"https:\/\/www.europesays.com\/fr\/wp-json\/wp\/v2\/posts"}],"about":[{"href":"https:\/\/www.europesays.com\/fr\/wp-json\/wp\/v2\/types\/post"}],"author":[{"embeddable":true,"href":"https:\/\/www.europesays.com\/fr\/wp-json\/wp\/v2\/users\/2"}],"replies":[{"embeddable":true,"href":"https:\/\/www.europesays.com\/fr\/wp-json\/wp\/v2\/comments?post=529787"}],"version-history":[{"count":0,"href":"https:\/\/www.europesays.com\/fr\/wp-json\/wp\/v2\/posts\/529787\/revisions"}],"wp:featuredmedia":[{"embeddable":true,"href":"https:\/\/www.europesays.com\/fr\/wp-json\/wp\/v2\/media\/529788"}],"wp:attachment":[{"href":"https:\/\/www.europesays.com\/fr\/wp-json\/wp\/v2\/media?parent=529787"}],"wp:term":[{"taxonomy":"category","embeddable":true,"href":"https:\/\/www.europesays.com\/fr\/wp-json\/wp\/v2\/categories?post=529787"},{"taxonomy":"post_tag","embeddable":true,"href":"https:\/\/www.europesays.com\/fr\/wp-json\/wp\/v2\/tags?post=529787"}],"curies":[{"name":"wp","href":"https:\/\/api.w.org\/{rel}","templated":true}]}}