{"id":529789,"date":"2025-11-12T20:43:13","date_gmt":"2025-11-12T20:43:13","guid":{"rendered":"https:\/\/www.europesays.com\/fr\/529789\/"},"modified":"2025-11-12T20:43:13","modified_gmt":"2025-11-12T20:43:13","slug":"face-a-la-brutalisation-en-orbite-macron-inaugure-a-toulouse-le-commandement-de-lespace","status":"publish","type":"post","link":"https:\/\/www.europesays.com\/fr\/529789\/","title":{"rendered":"Face \u00e0 la \u00ab\u2009brutalisation\u2009\u00bb en orbite, Macron inaugure \u00e0 Toulouse le commandement de l&rsquo;espace"},"content":{"rendered":"<p>C&rsquo;est un fait devenu induscutable, la menace dans l&rsquo;espace est d\u00e9sormais omnipr\u00e9sente. \u00ab\u2009L&rsquo;espace n&rsquo;est plus un sanctuaire, c&rsquo;est devenu un champ de bataille. Notre \u00e9poque est bien celle de la brutalisation de ce nouveau domaine entre l&rsquo;espionnage par la Russie de nos satellites par des vaisseaux patrouilleurs, des brouillages massifs des signaux GPS, des attaques cyber, des essais de missiles antisatellites, ou encore la menace russe, particuli\u00e8rement choquante, d&rsquo;armes nucl\u00e9aires dans l&rsquo;espace, dont les effets seraient d\u00e9sastreux pour le monde entier\u2009\u00bb, a confirm\u00e9 Emmanuel Macron mercredi devant l&rsquo;ensemble de l&rsquo;\u00e9cosyst\u00e8me spatial fran\u00e7ais r\u00e9uni dans les nouveaux locaux du Commandement de l&rsquo;espace (CDE) \u00e0 Toulouse. C&rsquo;est le lieu choisi par le pr\u00e9sident de la R\u00e9publique pour pr\u00e9senter la<a href=\"https:\/\/www.latribune.fr\/article\/defense-aerospatiale\/spatial\/1502896390039714\/emmanuel-macron-devoile-la-premiere-strategie-spatiale-francaise\" target=\"_blank\" rel=\"noopener\"> premi\u00e8re strat\u00e9gie spatiale fran\u00e7aise<\/a> cens\u00e9e donner un cap et une vision \u00e0 l&rsquo;\u00e9cosyst\u00e8me industriel et op\u00e9rationnel fran\u00e7ais jusqu\u2019en 2040.<\/p>\n","protected":false},"excerpt":{"rendered":"C&rsquo;est un fait devenu induscutable, la menace dans l&rsquo;espace est d\u00e9sormais omnipr\u00e9sente. \u00ab\u2009L&rsquo;espace n&rsquo;est plus un sanctuaire, c&rsquo;est&hellip;\n","protected":false},"author":2,"featured_media":529790,"comment_status":"","ping_status":"","sticky":false,"template":"","format":"standard","meta":{"footnotes":""},"categories":[2816],"tags":[64859,17,1111,11,54925,56827,1777,674,2823,1011,27,20822,30993,11514,12,2680,4515,25,2312],"class_list":{"0":"post-529789","1":"post","2":"type-post","3":"status-publish","4":"format-standard","5":"has-post-thumbnail","7":"category-toulouse","8":"tag-brutalisation","9":"tag-17","10":"tag-actu","11":"tag-actualites","12":"tag-commandement","13":"tag-defense-et-aerospatiale","14":"tag-eu","15":"tag-europe","16":"tag-face","17":"tag-fr","18":"tag-france","19":"tag-inaugure","20":"tag-lespace","21":"tag-macron","22":"tag-news","23":"tag-occitanie","24":"tag-orbite","25":"tag-republique-francaise","26":"tag-toulouse"},"share_on_mastodon":{"url":"https:\/\/pubeurope.com\/@fr\/115538677260098054","error":""},"_links":{"self":[{"href":"https:\/\/www.europesays.com\/fr\/wp-json\/wp\/v2\/posts\/529789","targetHints":{"allow":["GET"]}}],"collection":[{"href":"https:\/\/www.europesays.com\/fr\/wp-json\/wp\/v2\/posts"}],"about":[{"href":"https:\/\/www.europesays.com\/fr\/wp-json\/wp\/v2\/types\/post"}],"author":[{"embeddable":true,"href":"https:\/\/www.europesays.com\/fr\/wp-json\/wp\/v2\/users\/2"}],"replies":[{"embeddable":true,"href":"https:\/\/www.europesays.com\/fr\/wp-json\/wp\/v2\/comments?post=529789"}],"version-history":[{"count":0,"href":"https:\/\/www.europesays.com\/fr\/wp-json\/wp\/v2\/posts\/529789\/revisions"}],"wp:featuredmedia":[{"embeddable":true,"href":"https:\/\/www.europesays.com\/fr\/wp-json\/wp\/v2\/media\/529790"}],"wp:attachment":[{"href":"https:\/\/www.europesays.com\/fr\/wp-json\/wp\/v2\/media?parent=529789"}],"wp:term":[{"taxonomy":"category","embeddable":true,"href":"https:\/\/www.europesays.com\/fr\/wp-json\/wp\/v2\/categories?post=529789"},{"taxonomy":"post_tag","embeddable":true,"href":"https:\/\/www.europesays.com\/fr\/wp-json\/wp\/v2\/tags?post=529789"}],"curies":[{"name":"wp","href":"https:\/\/api.w.org\/{rel}","templated":true}]}}