{"id":529797,"date":"2025-11-12T20:47:18","date_gmt":"2025-11-12T20:47:18","guid":{"rendered":"https:\/\/www.europesays.com\/fr\/529797\/"},"modified":"2025-11-12T20:47:18","modified_gmt":"2025-11-12T20:47:18","slug":"martine-vassal-dvd-obtient-le-soutien-du-parti-presidentiel","status":"publish","type":"post","link":"https:\/\/www.europesays.com\/fr\/529797\/","title":{"rendered":"Martine Vassal (DVD) obtient le soutien du parti pr\u00e9sidentiel"},"content":{"rendered":"<p>\u00ab\u00a0C\u2019est mon calendrier, c\u2019est moi qui d\u00e9cide\u00a0!\u00a0\u00bb, s\u2019irritait, mi-octobre, Renaud Muselier, alors que des journalistes l\u2019aiguillonnaient sur d\u2019\u00e9ventuelles r\u00e9ticences de l\u2019\u00e9tat-major parisien \u00e0 soutenir la candidate, eu \u00e9gard \u00e0 <a href=\"https:\/\/www.laprovence.com\/article\/politique\/1176171508450215\/martine-vassal-face-a-son-accusateur-premier-round-judiciaire-au-tribunal-correctionnel-de-marseille\" target=\"_blank\" rel=\"noopener\">l\u2019enqu\u00eate judiciaire ouverte pour d\u00e9tournement de fonds et trafic d\u2019influence<\/a> ou \u00e0 ses prises de position tr\u00e8s droiti\u00e8res. \u00ab\u00a0Je suis le plus cap\u00e9, le plus exp\u00e9riment\u00e9, c\u2019est moi qui ai le plus gros mandat. Je suis membre du bureau ex\u00e9cutif de &#8230;<\/p>\n","protected":false},"excerpt":{"rendered":"\u00ab\u00a0C\u2019est mon calendrier, c\u2019est moi qui d\u00e9cide\u00a0!\u00a0\u00bb, s\u2019irritait, mi-octobre, Renaud Muselier, alors que des journalistes l\u2019aiguillonnaient sur d\u2019\u00e9ventuelles&hellip;\n","protected":false},"author":2,"featured_media":529798,"comment_status":"","ping_status":"","sticky":false,"template":"","format":"standard","meta":{"footnotes":""},"categories":[2814],"tags":[17,5734,1111,11,1102,2933,1777,674,1011,27,884,10203,3554,12,32684,882,16,25,14243],"class_list":{"0":"post-529797","1":"post","2":"type-post","3":"status-publish","4":"format-standard","5":"has-post-thumbnail","7":"category-marseille","8":"tag-17","9":"tag-5734","10":"tag-actu","11":"tag-actualites","12":"tag-breakingnews","13":"tag-dvd","14":"tag-eu","15":"tag-europe","16":"tag-fr","17":"tag-france","18":"tag-marseille","19":"tag-martine","20":"tag-municipales","21":"tag-news","22":"tag-obtient","23":"tag-provence-alpes-cote-dazur","24":"tag-region","25":"tag-republique-francaise","26":"tag-vassal"},"share_on_mastodon":{"url":"https:\/\/pubeurope.com\/@fr\/115538693045125041","error":""},"_links":{"self":[{"href":"https:\/\/www.europesays.com\/fr\/wp-json\/wp\/v2\/posts\/529797","targetHints":{"allow":["GET"]}}],"collection":[{"href":"https:\/\/www.europesays.com\/fr\/wp-json\/wp\/v2\/posts"}],"about":[{"href":"https:\/\/www.europesays.com\/fr\/wp-json\/wp\/v2\/types\/post"}],"author":[{"embeddable":true,"href":"https:\/\/www.europesays.com\/fr\/wp-json\/wp\/v2\/users\/2"}],"replies":[{"embeddable":true,"href":"https:\/\/www.europesays.com\/fr\/wp-json\/wp\/v2\/comments?post=529797"}],"version-history":[{"count":0,"href":"https:\/\/www.europesays.com\/fr\/wp-json\/wp\/v2\/posts\/529797\/revisions"}],"wp:featuredmedia":[{"embeddable":true,"href":"https:\/\/www.europesays.com\/fr\/wp-json\/wp\/v2\/media\/529798"}],"wp:attachment":[{"href":"https:\/\/www.europesays.com\/fr\/wp-json\/wp\/v2\/media?parent=529797"}],"wp:term":[{"taxonomy":"category","embeddable":true,"href":"https:\/\/www.europesays.com\/fr\/wp-json\/wp\/v2\/categories?post=529797"},{"taxonomy":"post_tag","embeddable":true,"href":"https:\/\/www.europesays.com\/fr\/wp-json\/wp\/v2\/tags?post=529797"}],"curies":[{"name":"wp","href":"https:\/\/api.w.org\/{rel}","templated":true}]}}