{"id":529815,"date":"2025-11-12T20:59:18","date_gmt":"2025-11-12T20:59:18","guid":{"rendered":"https:\/\/www.europesays.com\/fr\/529815\/"},"modified":"2025-11-12T20:59:18","modified_gmt":"2025-11-12T20:59:18","slug":"assurance-sante-aux-usa-pour-expatries-francais-et-canadiens-ce-qui-pourrait-changer-en-2026","status":"publish","type":"post","link":"https:\/\/www.europesays.com\/fr\/529815\/","title":{"rendered":"Assurance sant\u00e9 aux USA pour expatri\u00e9s fran\u00e7ais et canadiens : ce qui pourrait changer en 2026"},"content":{"rendered":"\n<p style=\"text-align: justify;\"><strong>Si vous \u00eates Fran\u00e7ais ou Canadien install\u00e9 aux \u00c9tats-Unis, vous avez probablement d\u00e9j\u00e0 v\u00e9cu ce moment de stupeur en d\u00e9couvrant votre premi\u00e8re facture m\u00e9dicale am\u00e9ricaine.<\/strong> Le syst\u00e8me de sant\u00e9 am\u00e9ricain reste l\u2019un des plus complexes et co\u00fbteux au monde, et 2026 s\u2019annonce comme une ann\u00e9e particuli\u00e8rement d\u00e9licate. Voici ce que vous devez absolument savoir.<\/p>\n<p>  Voir aussi :   Pourquoi 2026 inqui\u00e8te <\/p>\n<p style=\"text-align: justify;\">Les subventions renforc\u00e9es de l\u2019Affordable Care Act (ACA, ou \u00ab\u00a0Obamacare\u00a0\u00bb) expirent le 31 d\u00e9cembre 2025. Ces aides, introduites temporairement en 2021 puis prolong\u00e9es, ont permis \u00e0 des millions d\u2019Am\u00e9ricains \u2013 et certains expatri\u00e9s \u2013 d\u2019acc\u00e9der \u00e0 une assurance sant\u00e9 abordable via les plateformes HealthCare.gov ou les exchanges d\u2019\u00c9tat.<\/p>\n<p> Concr\u00e8tement, que risque-t-il de se passer ? <\/p>\n<p style=\"text-align: justify;\">Sans renouvellement par le Congr\u00e8s, les primes d\u2019assurance sur le march\u00e9 individuel pourraient exploser. Selon la Congressional Budget Office, environ 4 millions de personnes pourraient perdre leur couverture sant\u00e9. Pour ceux qui resteraient assur\u00e9s, les hausses de primes pourraient atteindre plusieurs centaines de dollars par mois.<\/p>\n<p style=\"text-align: justify;\">Ajoutons \u00e0 cela le contexte politique : l\u2019administration Trump, revenue au pouvoir en janvier 2025, a historiquement tent\u00e9 de d\u00e9manteler l\u2019ACA. M\u00eame si une suppression totale semble peu probable, des modifications r\u00e9glementaires pourraient fragiliser le syst\u00e8me.<\/p>\n<p> La situation en ce moment : le chaos <\/p>\n<p style=\"text-align: justify;\">Nous sommes \u00e0 la mi-novembre 2025, en plein Open Enrollment, et personne ne sait ce qui va se passer. Le Congr\u00e8s traverse le plus long shutdown de l\u2019histoire am\u00e9ricaine, et au c\u0153ur du conflit : l\u2019extension des subventions ACA.<\/p>\n<p style=\"text-align: justify;\">Un accord a \u00e9t\u00e9 trouv\u00e9 au S\u00e9nat le 10 novembre avec une promesse de vote en d\u00e9cembre, mais les R\u00e9publicains avaient d\u00e9j\u00e0 rejet\u00e9 une proposition d\u2019extension d\u2019un an. Le probl\u00e8me ? Les gens doivent choisir leur assurance MAINTENANT (avant le 15 d\u00e9cembre pour une couverture au 1er janvier), alors que les primes affich\u00e9es sur HealthCare.gov int\u00e8grent d\u00e9j\u00e0 l\u2019hypoth\u00e8se d\u2019une disparition des subventions.<\/p>\n<p style=\"text-align: justify;\">M\u00eame si le Congr\u00e8s vote une extension fin d\u00e9cembre, le mal sera fait : beaucoup d\u2019expatri\u00e9s verront des primes astronomiques en novembre-d\u00e9cembre et renonceront \u00e0 s\u2019assurer, sans savoir que les prix pourraient baisser r\u00e9troactivement.<\/p>\n<p style=\"text-align: justify;\">Le d\u00e9bat politique am\u00e9ricain est le suivant : il s\u2019agit de savoir si le gouvernement f\u00e9d\u00e9ral continue de subventionner massivement l\u2019assurance sant\u00e9 pour tous les assur\u00e9s ACA (option soutenue par les D\u00e9mocrates), ou s\u2019il r\u00e9duit cette aide et laisse le march\u00e9 individuel absorber les hausses. Cela concerne directement tous ceux qui ach\u00e8tent leur assurance sur le march\u00e9, ind\u00e9pendamment de leur revenu, mais les employ\u00e9s couverts par un employeur sont moins touch\u00e9s.<\/p>\n<p> Les trois sc\u00e9narios possibles pour 2026 <b>Sc\u00e9nario optimiste : prolongation totale<\/b><b\/> <\/p>\n<p style=\"text-align: justify;\">Le Congr\u00e8s vote en d\u00e9cembre une extension compl\u00e8te des subventions renforc\u00e9es, au moins pour 1-2 ans. Les primes restent stables ou n\u2019augmentent que mod\u00e9r\u00e9ment (10-15% pour suivre l\u2019inflation m\u00e9dicale normale). Les expatri\u00e9s sur l\u2019ACA respirent.<\/p>\n<p style=\"text-align: justify;\">Probabilit\u00e9 : 40%. Il y a une pression r\u00e9elle, m\u00eame chez certains R\u00e9publicains dont les \u00e9lecteurs b\u00e9n\u00e9ficient massivement de l\u2019ACA.<\/p>\n<p> <b>Sc\u00e9nario m\u00e9dian : prolongation partielle ou limit\u00e9e<\/b><b\/> <\/p>\n<p style=\"text-align: justify;\">Le Congr\u00e8s vote une extension de 6 mois ou r\u00e9duit les subventions sans les supprimer totalement. Les primes augmentent de 30-50%. Beaucoup d\u2019expatri\u00e9s \u00e0 revenus moyens (50 000-80 000 $) perdent une partie significative de leurs aides. Il faut ren\u00e9gocier en milieu d\u2019ann\u00e9e.<\/p>\n<p style=\"text-align: justify;\">Probabilit\u00e9 : 35%. C\u2019est le compromis politique classique am\u00e9ricain : tout le monde est m\u00e9content mais personne ne perd totalement.<\/p>\n<p> <b>Sc\u00e9nario de l\u2019expiration totale<\/b><b\/> <\/p>\n<p style=\"text-align: justify;\">Aucun vote, ou \u00e9chec du compromis. Les subventions renforc\u00e9es expirent le 31 d\u00e9cembre 2025. Retour \u00e0 l\u2019ancien syst\u00e8me ACA (subventions limit\u00e9es aux revenus sous 400% du seuil de pauvret\u00e9). Les primes explosent de 70-120% pour ceux qui n\u2019ont plus d\u2019aides. Des millions de personnes perdent leur couverture. Les assureurs se retirent de certains march\u00e9s en 2027, cr\u00e9ant des \u00ab\u00a0d\u00e9serts\u00a0\u00bb d\u2019assurance.<\/p>\n<p style=\"text-align: justify;\">Probabilit\u00e9 : 25%. C\u2019est le sc\u00e9nario dont personne ne veut mais qui reste possible dans le chaos politique actuel. Ceci dit c\u2019est vraiment le moins probable. Quelque chose devrait effectivement passer en d\u00e9cembre.<\/p>\n<p> <b>Que faire maintenant<\/b><b\/> <\/p>\n<p style=\"text-align: justify;\">Quelle que soit votre situation \u2014 assurance individuelle via l\u2019ACA, assurance employeur, ou premi\u00e8re inscription \u2014 il est crucial de v\u00e9rifier vos options et simuler vos co\u00fbts pour 2026 d\u00e8s maintenant. Les primes affich\u00e9es peuvent d\u00e9j\u00e0 int\u00e9grer l\u2019hypoth\u00e8se d\u2019une disparition des subventions, et m\u00eame les assur\u00e9s avec un plan employeur ou une couverture priv\u00e9e doivent anticiper une probable augmentation g\u00e9n\u00e9rale des co\u00fbts de sant\u00e9. Comparez les plans, v\u00e9rifiez que vos m\u00e9decins sont toujours dans le r\u00e9seau, et anticipez vos d\u00e9penses pour \u00e9viter les mauvaises surprises. Pour les nouveaux inscrits, HealthCare.gov reste le point de d\u00e9part officiel. Pour ceux qui ont une assurance employeur, renseignez-vous sur le co\u00fbt r\u00e9el pour 2026, les options de COBRA et les comptes \u00e9pargne sant\u00e9 (HSA). L\u2019objectif\u202f: savoir pr\u00e9cis\u00e9ment ce que vous paierez et adapter vos choix <b>avant la date limite d\u2019inscription au 15 d\u00e9cembre 2025<\/b>.<\/p>\n<p> Ressources fiables : <\/p>\n<p style=\"text-align: justify;\"><strong>HealthCare.gov<\/strong> \u2013 Le site officiel f\u00e9d\u00e9ral. Interface horrible, mais c\u2019est LA source pour s\u2019inscrire et simuler vos co\u00fbts. Si vous \u00eates en Californie, New York, Massachusetts ou quelques autres \u00c9tats, vous aurez votre propre plateforme d\u2019\u00c9tat. <a href=\"https:\/\/www.healthcare.gov\/\" rel=\"nofollow noopener\" target=\"_blank\">www.healthcare.gov<\/a><\/p>\n<p style=\"text-align: justify;\"><strong>KFF (Kaiser Family Foundation)<\/strong> \u2013 Organisation ind\u00e9pendante qui publie les meilleures analyses sur l\u2019\u00e9volution du syst\u00e8me de sant\u00e9 am\u00e9ricain. Graphiques clairs, donn\u00e9es fiables, pas d\u2019agenda politique. <a href=\"https:\/\/www.kff.org\/\" rel=\"nofollow noopener\" target=\"_blank\">www.kff.org<\/a><\/p>\n<p style=\"text-align: justify;\"><strong>NAIC (National Association of Insurance Commissioners)<\/strong> \u2013 Pour v\u00e9rifier par exemple les infos sur votre assureur.<a href=\"https:\/\/content.naic.org\/\" rel=\"nofollow noopener\" target=\"_blank\">www.content.naic.org<\/a><\/p>\n<p data-start=\"1071\" data-end=\"1293\">PUBLICITES :<\/p>\n<p><strong>\u00a0<\/strong><\/p>\n<p style=\"text-align: center;\"><a href=\"http:\/\/www.capgroupmiami.com\/\" target=\"_blank\" rel=\"noopener noreferrer nofollow\"><img loading=\"lazy\" decoding=\"async\" class=\"aligncenter wp-image-25215 size-large\" src=\"https:\/\/www.europesays.com\/fr\/wp-content\/uploads\/2025\/10\/The-Cap-Group-construstion-general-contractor-miami-1024x410.jpg\" width=\"900\" height=\"360\"  \/><\/a><\/p>\n<p><strong>\u00a0<\/strong><\/p>\n<p><a href=\"http:\/\/richardsmotelfamilyoflodgings.com\/fr\/\" target=\"_blank\" rel=\"noopener noreferrer nofollow\"><img loading=\"lazy\" decoding=\"async\" class=\"alignnone wp-image-273543 size-full\" src=\"https:\/\/www.europesays.com\/fr\/wp-content\/uploads\/2025\/11\/Richards-Motel-floride.jpg\" alt=\"Richard's Motel\" width=\"1280\" height=\"2481\"  \/><\/a><\/p>\n","protected":false},"excerpt":{"rendered":"Si vous \u00eates Fran\u00e7ais ou Canadien install\u00e9 aux \u00c9tats-Unis, vous avez probablement d\u00e9j\u00e0 v\u00e9cu ce moment de stupeur&hellip;\n","protected":false},"author":2,"featured_media":529816,"comment_status":"","ping_status":"","sticky":false,"template":"","format":"standard","meta":{"footnotes":""},"categories":[1589],"tags":[11,73,1866,12,1864,1865,1863,308],"class_list":{"0":"post-529815","1":"post","2":"type-post","3":"status-publish","4":"format-standard","5":"has-post-thumbnail","7":"category-etats-unis","8":"tag-actualites","9":"tag-etats-unis","10":"tag-etats-unis-damerique","11":"tag-news","12":"tag-united-states","13":"tag-united-states-of-america","14":"tag-us","15":"tag-usa"},"share_on_mastodon":{"url":"https:\/\/pubeurope.com\/@fr\/115538741376236041","error":""},"_links":{"self":[{"href":"https:\/\/www.europesays.com\/fr\/wp-json\/wp\/v2\/posts\/529815","targetHints":{"allow":["GET"]}}],"collection":[{"href":"https:\/\/www.europesays.com\/fr\/wp-json\/wp\/v2\/posts"}],"about":[{"href":"https:\/\/www.europesays.com\/fr\/wp-json\/wp\/v2\/types\/post"}],"author":[{"embeddable":true,"href":"https:\/\/www.europesays.com\/fr\/wp-json\/wp\/v2\/users\/2"}],"replies":[{"embeddable":true,"href":"https:\/\/www.europesays.com\/fr\/wp-json\/wp\/v2\/comments?post=529815"}],"version-history":[{"count":0,"href":"https:\/\/www.europesays.com\/fr\/wp-json\/wp\/v2\/posts\/529815\/revisions"}],"wp:featuredmedia":[{"embeddable":true,"href":"https:\/\/www.europesays.com\/fr\/wp-json\/wp\/v2\/media\/529816"}],"wp:attachment":[{"href":"https:\/\/www.europesays.com\/fr\/wp-json\/wp\/v2\/media?parent=529815"}],"wp:term":[{"taxonomy":"category","embeddable":true,"href":"https:\/\/www.europesays.com\/fr\/wp-json\/wp\/v2\/categories?post=529815"},{"taxonomy":"post_tag","embeddable":true,"href":"https:\/\/www.europesays.com\/fr\/wp-json\/wp\/v2\/tags?post=529815"}],"curies":[{"name":"wp","href":"https:\/\/api.w.org\/{rel}","templated":true}]}}