{"id":529817,"date":"2025-11-12T21:00:25","date_gmt":"2025-11-12T21:00:25","guid":{"rendered":"https:\/\/www.europesays.com\/fr\/529817\/"},"modified":"2025-11-12T21:00:25","modified_gmt":"2025-11-12T21:00:25","slug":"royaume-uni-le-ministre-de-la-sante-nie-toute-manoeuvre-pour-evincer-keir-starmer","status":"publish","type":"post","link":"https:\/\/www.europesays.com\/fr\/529817\/","title":{"rendered":"Royaume-Uni : le ministre de la Sant\u00e9 nie toute man\u0153uvre pour \u00e9vincer Keir Starmer"},"content":{"rendered":"<p class=\"mb-4 text-lg md:leading-8 break-words\">C&rsquo;est une rumeur qui enfle au Royaume-Uni ces derni\u00e8res semaines : le Premier ministre Keir Starmer, dont la c\u00f4te de popularit\u00e9 est au plus bas, ferait l&rsquo;objet d&rsquo;un \u00ab\u00a0putsch\u00a0\u00bb au sein de son propre cabinet, et devrait \u00eatre bient\u00f4t renvers\u00e9 par son ministre de la Sant\u00e9, Wes Streeting.<\/p>\n<p class=\"mb-4 text-lg md:leading-8 break-words\">Lors d&rsquo;une interview sur la cha\u00eene britannique Sky News ce mercredi, le principal int\u00e9ress\u00e9 met les choses au clair : selon lui, une telle mesure aurait des cons\u00e9quences d\u00e9sastreuses pour l&rsquo;\u00e9conomie et la r\u00e9putation internationale du pays. Il r\u00e9clame la d\u00e9mission des personnes responsables de ces all\u00e9gations.<\/p>\n<p class=\"mb-4 text-lg md:leading-8 break-words\">\u00ab\u00a0Je ne comprends pas comment on peut penser qu&rsquo;il est utile au Premier ministre de sugg\u00e9rer qu&rsquo;il se bat pour son poste \u00e0 un moment o\u00f9, la derni\u00e8re fois que je l&rsquo;ai vu lundi soir pour parler de la violence contre les femmes et les filles et de la mani\u00e8re dont nous la combattons, il se bat pour le pays et essaie de le sortir du g\u00e2chis absolu dont nous avons h\u00e9rit\u00e9\u00a0\u00bb a d\u00e9clar\u00e9 Wes Streeting lors de son interview.<\/p>\n<p class=\"mb-4 text-lg md:leading-8 break-words\">Depuis son entr\u00e9e en fonction en juillet dernier, Keir Starmer est au plus bas dans les sondages et fait face \u00e0 la mont\u00e9e du parti d\u2019extr\u00eame droite Reform UK, dirig\u00e9 par Nigel Farage, en t\u00eate des intentions de vote depuis plusieurs mois. D&rsquo;apr\u00e8s un sondage YouGov du 3 novembre, 73% des Britanniques ont une opinion d\u00e9favorable du locataire actuel de Downing Street.<\/p>\n<p class=\"mb-4 text-lg md:leading-8 break-words\">Alors que l&rsquo;\u00e9conomie est \u00e0 la peine, les m\u00e9dias britanniques ne cessent de sp\u00e9culer sur les mesures impopulaires que la ministre des Finances Rachel Reeves pourrait annoncer le 26 novembre lors de la pr\u00e9sentation du Budget, dont de nouvelles augmentations de taxes, apr\u00e8s de fortes hausses d&rsquo;imp\u00f4ts cette ann\u00e9e, notamment sur les entreprises.<\/p>\n","protected":false},"excerpt":{"rendered":"C&rsquo;est une rumeur qui enfle au Royaume-Uni ces derni\u00e8res semaines : le Premier ministre Keir Starmer, dont la&hellip;\n","protected":false},"author":2,"featured_media":529818,"comment_status":"","ping_status":"","sticky":false,"template":"","format":"standard","meta":{"footnotes":""},"categories":[1588],"tags":[11,1777,674,33566,2581,6971,12,10669,3363,473,1853,1851,1850,1852,64860],"class_list":{"0":"post-529817","1":"post","2":"type-post","3":"status-publish","4":"format-standard","5":"has-post-thumbnail","7":"category-royaume-uni","8":"tag-actualites","9":"tag-eu","10":"tag-europe","11":"tag-intentions-de-vote","12":"tag-keir-starmer","13":"tag-ministre-de-la-sante","14":"tag-news","15":"tag-nigel-farage","16":"tag-premier-ministre","17":"tag-royaume-uni","18":"tag-royaume-uni-de-grande-bretagne-et-dirlande-du-nord","19":"tag-uk","20":"tag-united-kingdom","21":"tag-united-kingdom-of-great-britain-and-northern-ireland","22":"tag-wes-streeting"},"share_on_mastodon":{"url":"https:\/\/pubeurope.com\/@fr\/115538744459301729","error":""},"_links":{"self":[{"href":"https:\/\/www.europesays.com\/fr\/wp-json\/wp\/v2\/posts\/529817","targetHints":{"allow":["GET"]}}],"collection":[{"href":"https:\/\/www.europesays.com\/fr\/wp-json\/wp\/v2\/posts"}],"about":[{"href":"https:\/\/www.europesays.com\/fr\/wp-json\/wp\/v2\/types\/post"}],"author":[{"embeddable":true,"href":"https:\/\/www.europesays.com\/fr\/wp-json\/wp\/v2\/users\/2"}],"replies":[{"embeddable":true,"href":"https:\/\/www.europesays.com\/fr\/wp-json\/wp\/v2\/comments?post=529817"}],"version-history":[{"count":0,"href":"https:\/\/www.europesays.com\/fr\/wp-json\/wp\/v2\/posts\/529817\/revisions"}],"wp:featuredmedia":[{"embeddable":true,"href":"https:\/\/www.europesays.com\/fr\/wp-json\/wp\/v2\/media\/529818"}],"wp:attachment":[{"href":"https:\/\/www.europesays.com\/fr\/wp-json\/wp\/v2\/media?parent=529817"}],"wp:term":[{"taxonomy":"category","embeddable":true,"href":"https:\/\/www.europesays.com\/fr\/wp-json\/wp\/v2\/categories?post=529817"},{"taxonomy":"post_tag","embeddable":true,"href":"https:\/\/www.europesays.com\/fr\/wp-json\/wp\/v2\/tags?post=529817"}],"curies":[{"name":"wp","href":"https:\/\/api.w.org\/{rel}","templated":true}]}}