{"id":529819,"date":"2025-11-12T21:01:15","date_gmt":"2025-11-12T21:01:15","guid":{"rendered":"https:\/\/www.europesays.com\/fr\/529819\/"},"modified":"2025-11-12T21:01:15","modified_gmt":"2025-11-12T21:01:15","slug":"algerie-gracie-lecrivain-franco-algerien-boualem-sansal-est-arrive-en-allemagne","status":"publish","type":"post","link":"https:\/\/www.europesays.com\/fr\/529819\/","title":{"rendered":"Alg\u00e9rie. Graci\u00e9, l&rsquo;\u00e9crivain franco-alg\u00e9rien Boualem Sansal\u00a0est arriv\u00e9 en Allemagne"},"content":{"rendered":"<p>Le calvaire de Boualem Sansal touche \u00e0 sa fin. L&rsquo;Alg\u00e9rie a accept\u00e9 une demande de l&rsquo;Allemagne de gracier et transf\u00e9rer l&rsquo;\u00e9crivain franco-alg\u00e9rien, <a href=\"https:\/\/www.ledauphine.com\/faits-divers-justice\/2024\/11\/27\/la-detention-de-l-ecrivain-boualem-sansal-est-sans-fondement-selon-barrot\" target=\"_blank\" rel=\"noopener\">emprisonn\u00e9 depuis un an<\/a>, dans ce pays pour qu&rsquo;il puisse y \u00eatre soign\u00e9, a indiqu\u00e9 un communiqu\u00e9 de la pr\u00e9sidence alg\u00e9rienne ce mercredi. L&rsquo;\u00e9crivain est arriv\u00e9 en Allemagne ce mercredi soir.\u00a0\u00ab Ils ont atterri et sont d\u00e9j\u00e0 en route pour l&rsquo;h\u00f4pital \u00bb, a indiqu\u00e9 le porte-parole\u00a0du pr\u00e9sident allemand Frank-Walter Steinmeier.<\/p>\n<p><a href=\"https:\/\/www.ledauphine.com\/p\/emmanuel-macron\" target=\"_blank\" rel=\"noopener\">Emmanuel Macron<\/a> s&rsquo;est entretenu ce mercredi soir au t\u00e9l\u00e9phone avec Boualem Sansal, sans fournir d&rsquo;\u00e9l\u00e9ments sur cet appel. Le Premier ministre <a href=\"https:\/\/www.ledauphine.com\/p\/sebastien-lecornu\" target=\"_blank\" rel=\"noopener\">S\u00e9bastien Lecornu<\/a> a de son c\u00f4t\u00e9 exprim\u00e9 devant les d\u00e9put\u00e9s son \u00ab soulagement\u00a0\u00bb \u00e0 l&rsquo;annonce des autorit\u00e9s alg\u00e9riennes, souhaitant que l&rsquo;\u00e9crivain \u00ab puisse rejoindre ses proches au plus vite \u00bb et \u00ab \u00eatre soign\u00e9 \u00bb. S\u00e9bastien Lecornu a aussi \u00ab remerci\u00e9 du fond du c\u0153ur celles et ceux qui ont contribu\u00e9 \u00e0 cette lib\u00e9ration, fruit d&rsquo;une m\u00e9thode faite de respect et de calme \u00bb.<\/p>\n<p>Emmanuel Macron a assur\u00e9 que cette lib\u00e9ration\u00a0\u00e9tait \u00ab le fruit des efforts constants de la France et d&rsquo;une m\u00e9thode faite de respect, de calme et d&rsquo;exigence \u00bb. Il a par ailleurs affirm\u00e9 s&rsquo;\u00eatre entretenu\u00a0au t\u00e9l\u00e9phone avec le chef de l&rsquo;Etat allemand Frank-Walter Steinmeier \u00ab pour lui exprimer [sa] a profonde gratitude pour les bons offices de l&rsquo;Allemagne \u00bb. \u00ab Je prends acte de ce geste d&rsquo;humanit\u00e9 du pr\u00e9sident [alg\u00e9rien] Tebboune et l&rsquo;en remercie. Je reste \u00e9videmment disponible pour \u00e9changer avec lui sur l&rsquo;ensemble des sujets d&rsquo;int\u00e9r\u00eat pour nos deux pays \u00bb, a-t-il ajout\u00e9.<\/p>\n<p>Victime collat\u00e9rale des tensions entre Paris et Alger, l&rsquo;auteur avait \u00e9t\u00e9 arr\u00eat\u00e9 par les autorit\u00e9s antiterroristes alg\u00e9riennes le 15 novembre 2024, alors qu&rsquo;il se rendait au salon du livre d&rsquo;Alger. Il est emprisonn\u00e9 depuis, sa condamnation \u00e0 cinq ans de prison pour \u00ab atteinte \u00e0 l&rsquo;unit\u00e9 nationale \u00bb \u00e9tant devenue d\u00e9finitive\u00a0en juillet. L&rsquo;auteur de 76 ans souffre d&rsquo;un cancer de la prostate.<\/p>\n<p>L&rsquo;une des filles de Boualem Sansal a exprim\u00e9 son soulagement\u00a0 : \u00ab J&rsquo;\u00e9tais un petit peu pessimiste parce qu&rsquo;il est malade, il est vieux et qu&rsquo;il pouvait mourir l\u00e0-bas. J&rsquo;\u00e9tais pessimiste mais j&rsquo;y ai toujours cru. J&rsquo;ai gard\u00e9 l&rsquo;espoir que \u00e7a arrive un jour \u00bb, a d\u00e9clar\u00e9 Sabeha Sansal, depuis la R\u00e9publique Tch\u00e8que o\u00f9 elle vit. \u00ab Je suis tr\u00e8s heureuse parce que c&rsquo;\u00e9tait vraiment une situation extraordinaire. Je n&rsquo;arrivais pas \u00e0 comprendre pourquoi il \u00e9tait emprisonn\u00e9 \u00bb, a-t-elle ajout\u00e9. Me Pierre Cornut-Gentille et Fran\u00e7ois Zimeray, les avocats fran\u00e7ais de Boualem Sansal, se sont eux aussi dits \u00ab heureux que l&rsquo;humanit\u00e9 ait pr\u00e9valu sur toute autre consid\u00e9ration \u00bb. \u00ab\u00a0Nous avons toujours \u00e9t\u00e9 convaincus que le sort de Boualem Sansal devait \u00eatre dissoci\u00e9 des al\u00e9as diplomatiques \u00bb, ont-ils r\u00e9agi, saluant \u00ab\u00a0le r\u00f4le de l&rsquo;Allemagne dans ce d\u00e9nouement\u00a0\u00bb.<\/p>\n<p>  Christophe Gleizes toujours emprisonn\u00e9<\/p>\n<p>L&rsquo;Allemagne et l&rsquo;Italie \u00e9taient consid\u00e9r\u00e9s comme des m\u00e9diateurs qui travaillaient en coulisses en faveur de l&rsquo;\u00e9crivain. Ces derni\u00e8res semaines, la France avait de nouveau demand\u00e9 avec force la <a href=\"https:\/\/www.ledauphine.com\/faits-divers-justice\/2025\/10\/12\/pres-d-un-an-apres-son-emprisonnement-l-ecrivain-boualem-sanal-elu-academicien-en-belgique\" target=\"_blank\" rel=\"noopener\">lib\u00e9ration de l&rsquo;\u00e9crivain<\/a> ainsi que du <a href=\"https:\/\/www.ledauphine.com\/faits-divers-justice\/2025\/10\/24\/le-journaliste-francais-christophe-gleizes-juge-en-appel-le-3-decembre\" target=\"_blank\" rel=\"noopener\">journaliste sportif Christophe Gleizes<\/a> en attente de son proc\u00e8s en appel le 3 d\u00e9cembre apr\u00e8s avoir \u00e9t\u00e9 condamn\u00e9 fin juin \u00e0 sept ans de prison pour \u00ab apologie du terrorisme \u00bb.<\/p>\n<p>La droite et la gauche ont exprim\u00e9 leur soulagement. <a href=\"https:\/\/www.ledauphine.com\/p\/marine-le-pen\" target=\"_blank\" rel=\"noopener\">Marine Le Pen<\/a> a salu\u00e9 \u00ab les efforts de tous ceux qui ont \u0153uvr\u00e9 \u00e0 ce d\u00e9nouement \u00bb. \u00ab Cette lib\u00e9ration est une victoire pour la dignit\u00e9 et la libert\u00e9 d&rsquo;expression d&rsquo;un \u00e9crivain de courage et de v\u00e9rit\u00e9 \u00bb. \u00ab La libert\u00e9 de penser, d\u2019\u00e9crire, de douter et de critiquer triomphe aujourd\u2019hui \u00bb, s&rsquo;est f\u00e9licit\u00e9 la pr\u00e9sidente (Renaissance) de l&rsquo;Assembl\u00e9e nationale <a href=\"https:\/\/www.ledauphine.com\/p\/yael-braun-pivet\" target=\"_blank\" rel=\"noopener\">Ya\u00ebl Braun-Pivet<\/a>, en remerciant notamment \u00ab l\u2019ensemble des d\u00e9put\u00e9s [&#8230;] pour leur mobilisation sans faille \u00bb. \u00c0 travers Boualem Sansal, \u00ab ce sont la libert\u00e9 d\u2019expression, le refus de l&rsquo;obscurantisme et de l&rsquo;autoritarisme qui \u00e9taient faits prisonniers. C\u2019est un soulagement immense. C\u2019est, surtout, la Justice qui l\u2019emporte \u00bb, a abond\u00e9 sur X le chef du parti pr\u00e9sidentiel Renaissance <a href=\"https:\/\/www.ledauphine.com\/p\/gabriel-attal\" target=\"_blank\" rel=\"noopener\">Gabriel Attal<\/a>, qui rappelle la situation de Christophe Gleizes, \u00ab toujours emprisonn\u00e9 sans raison dans les ge\u00f4les alg\u00e9riennes \u00bb.\u00a0<\/p>\n<p>Le ministre des Affaires \u00e9trang\u00e8res <a href=\"https:\/\/www.ledauphine.com\/p\/jean-noel-barrot\" target=\"_blank\" rel=\"noopener\">Jean-No\u00ebl Barrot<\/a> a fait par de son \u00ab\u00a0immense soulagement\u00a0\u00bb depuis le Canada en marge d&rsquo;une r\u00e9union du G7.\u00a0\u00ab Nous restons \u00e9videmment tr\u00e8s attentifs \u00e0 la situation de notre compatriote Christophe Gleizes, dont nous esp\u00e9rons la lib\u00e9ration prochaine \u00bb, a-t-il ajout\u00e9.<\/p>\n<p>\u00c0 gauche, l&rsquo;ex-pr\u00e9sident socialiste <a href=\"https:\/\/www.ledauphine.com\/p\/francois-hollande\" target=\"_blank\" rel=\"noopener\">Fran\u00e7ois Hollande<\/a> a confi\u00e9 son \u00ab \u00e9motion et son soulagement \u00bb tandis que la patronne des \u00c9cologistes <a href=\"https:\/\/www.ledauphine.com\/p\/marine-tondelier\" target=\"_blank\" rel=\"noopener\">Marine Tondelier<\/a> a remerci\u00e9 \u00ab ceux qui ont \u0153uvr\u00e9 pour cette lib\u00e9ration, avec calme et d\u00e9termination \u00bb.<\/p>\n<p>Boualem Sansal avait d&rsquo;abord <a href=\"https:\/\/www.ledauphine.com\/faits-divers-justice\/2024\/11\/22\/ce-que-l-on-sait-de-la-disparition-de-l-ecrivain-franco-algerien-boualem-sansal\" target=\"_blank\" rel=\"noopener\">disparu<\/a> fin novembre 2024, avant <a href=\"https:\/\/www.ledauphine.com\/faits-divers-justice\/2024\/11\/26\/boualem-sansal-a-ete-place-en-detention-par-le-parquet-antiterroriste-d-alger\" target=\"_blank\" rel=\"noopener\">que les autorit\u00e9s alg\u00e9riennes ne confirment son arrestation<\/a>.\u00a0Il a notamment \u00e9t\u00e9 condamn\u00e9 pour des d\u00e9clarations tenues en octobre 2024 dans le m\u00e9dia fran\u00e7ais d&rsquo;extr\u00eame droite Fronti\u00e8res, dans lequel il estimait que, sous la colonisation fran\u00e7aise, l&rsquo;Alg\u00e9rie avait h\u00e9rit\u00e9 de territoires appartenant jusque-l\u00e0 au Maroc. Malgr\u00e9 sa maladie, il\u00a0ne figurait pas parmi les milliers de personnes graci\u00e9es\u00a0par la pr\u00e9sidence alg\u00e9rienne en juillet dernier, \u00e0 la veille de la f\u00eate de l&rsquo;ind\u00e9pendance du pays. L&rsquo;\u00e9crivain fait l&rsquo;objet d&rsquo;une \u00e2pre lutte diplomatique entre l&rsquo;Alg\u00e9rie et la France depuis son\u00a0arrestation \u00e0 son arriv\u00e9e \u00e0 Alger le 16 novembre.<\/p>\n","protected":false},"excerpt":{"rendered":"Le calvaire de Boualem Sansal touche \u00e0 sa fin. L&rsquo;Alg\u00e9rie a accept\u00e9 une demande de l&rsquo;Allemagne de gracier&hellip;\n","protected":false},"author":2,"featured_media":529820,"comment_status":"","ping_status":"","sticky":false,"template":"","format":"standard","meta":{"footnotes":""},"categories":[1587],"tags":[11,672,1804,1687,1805,1803,1777,674,274,107,329,1801,2410,12,316,1802],"class_list":{"0":"post-529819","1":"post","2":"type-post","3":"status-publish","4":"format-standard","5":"has-post-thumbnail","7":"category-allemagne","8":"tag-actualites","9":"tag-allemagne","10":"tag-bundesrepublik-deutschland","11":"tag-culture-loisirs","12":"tag-de","13":"tag-deutschland","14":"tag-eu","15":"tag-europe","16":"tag-faits-divers-justice","17":"tag-fil-info","18":"tag-france-monde","19":"tag-germany","20":"tag-livres-bd","21":"tag-news","22":"tag-politique","23":"tag-republique-federale-dallemagne"},"share_on_mastodon":{"url":"https:\/\/pubeurope.com\/@fr\/115538748119391269","error":""},"_links":{"self":[{"href":"https:\/\/www.europesays.com\/fr\/wp-json\/wp\/v2\/posts\/529819","targetHints":{"allow":["GET"]}}],"collection":[{"href":"https:\/\/www.europesays.com\/fr\/wp-json\/wp\/v2\/posts"}],"about":[{"href":"https:\/\/www.europesays.com\/fr\/wp-json\/wp\/v2\/types\/post"}],"author":[{"embeddable":true,"href":"https:\/\/www.europesays.com\/fr\/wp-json\/wp\/v2\/users\/2"}],"replies":[{"embeddable":true,"href":"https:\/\/www.europesays.com\/fr\/wp-json\/wp\/v2\/comments?post=529819"}],"version-history":[{"count":0,"href":"https:\/\/www.europesays.com\/fr\/wp-json\/wp\/v2\/posts\/529819\/revisions"}],"wp:featuredmedia":[{"embeddable":true,"href":"https:\/\/www.europesays.com\/fr\/wp-json\/wp\/v2\/media\/529820"}],"wp:attachment":[{"href":"https:\/\/www.europesays.com\/fr\/wp-json\/wp\/v2\/media?parent=529819"}],"wp:term":[{"taxonomy":"category","embeddable":true,"href":"https:\/\/www.europesays.com\/fr\/wp-json\/wp\/v2\/categories?post=529819"},{"taxonomy":"post_tag","embeddable":true,"href":"https:\/\/www.europesays.com\/fr\/wp-json\/wp\/v2\/tags?post=529819"}],"curies":[{"name":"wp","href":"https:\/\/api.w.org\/{rel}","templated":true}]}}