{"id":529821,"date":"2025-11-12T21:02:13","date_gmt":"2025-11-12T21:02:13","guid":{"rendered":"https:\/\/www.europesays.com\/fr\/529821\/"},"modified":"2025-11-12T21:02:13","modified_gmt":"2025-11-12T21:02:13","slug":"la-situation-devient-tres-preoccupante-en-europe","status":"publish","type":"post","link":"https:\/\/www.europesays.com\/fr\/529821\/","title":{"rendered":"La situation devient \u00ab\u00a0tr\u00e8s pr\u00e9occupante\u00a0\u00bb en Europe"},"content":{"rendered":"<p>La r\u00e9surgence de la <a href=\"https:\/\/www.20minutes.fr\/monde\/grippe_aviaire\/\" target=\"_blank\" class=\"c-link c-link--is-underlined\" rel=\"noopener\">grippe aviaire<\/a> en Europe alarme les experts. \u00ab\u00a0La situation est tr\u00e8s pr\u00e9occupante dans l\u2019avifaune sauvage\u00a0\u00bb, avertit Jean-Luc Gu\u00e9rin, professeur \u00e0 l\u2019Ecole v\u00e9t\u00e9rinaire de Toulouse et chercheur \u00e0 l\u2019Inrae. Selon la plateforme ESA, 1.173 foyers ont \u00e9t\u00e9 recens\u00e9s entre ao\u00fbt et novembre dans 26 pays, dont 578 en Allemagne, 182 au Royaume-Uni et 116 en France. Ces chiffres seraient toutefois sous-estim\u00e9s.<\/p>\n<p>Les <a href=\"https:\/\/www.20minutes.fr\/dossier\/elevage\" target=\"_blank\" class=\"c-link c-link--is-underlined\" rel=\"noopener\">\u00e9levages<\/a> sont \u00e0 leur tour touch\u00e9s\u00a0: 168 foyers en Europe, notamment en Allemagne o\u00f9 1,5\u00a0million d\u2019animaux ont p\u00e9ri ou ont \u00e9t\u00e9 abattus. La <a href=\"https:\/\/www.20minutes.fr\/france\/\" target=\"_blank\" class=\"c-link c-link--is-underlined\" rel=\"noopener\">France<\/a>, l\u2019<a href=\"https:\/\/www.20minutes.fr\/dossier\/espagne\" target=\"_blank\" class=\"c-link c-link--is-underlined\" rel=\"noopener\">Espagne<\/a> et le <a href=\"https:\/\/www.20minutes.fr\/monde\/royaume-uni\/\" target=\"_blank\" class=\"c-link c-link--is-underlined\" rel=\"noopener\">Royaume-Uni<\/a> ont confin\u00e9 leurs volailles de plein air. Dans l\u2019Hexagone, la <a href=\"https:\/\/www.20minutes.fr\/dossier\/vendee\" target=\"_blank\" class=\"c-link c-link--is-underlined\" rel=\"noopener\">Vend\u00e9e<\/a> est la zone la plus touch\u00e9e, avec une dizaine de foyers r\u00e9cents. \u00ab\u00a0Lorsqu\u2019il y a une introduction par la faune sauvage, le risque de propagation entre fermes est tr\u00e8s \u00e9lev\u00e9\u00a0\u00bb, souligne Jean-Luc Gu\u00e9rin.<\/p>\n<\/p>\n<p>Vaccination massive en France<\/p>\n<p>Seule la France a lanc\u00e9 une <a href=\"https:\/\/www.20minutes.fr\/france\/vaccination\/\" target=\"_blank\" class=\"c-link c-link--is-underlined\" rel=\"noopener\">vaccination<\/a> massive des canards, esp\u00e8ce la plus sensible au virus. Malgr\u00e9 quelques cas isol\u00e9s, \u00ab\u00a0la vaccination n\u2019a pas une efficacit\u00e9 absolue, mais elle freine la maladie \u00e0 l\u2019\u00e9chelle du territoire\u00a0\u00bb, affirme le chercheur.<\/p>\n<p><a href=\"https:\/\/www.20minutes.fr\/monde\/grippe_aviaire\/\" target=\"_blank\" class=\"c-link c-btn c-btn--primary\" rel=\"noopener\">Notre dossier sur la grippe aviaire<\/a><\/p>\n<p>Depuis son lancement en octobre\u00a02023, elle a permis \u00ab\u00a0une remarquable stabilit\u00e9 et un blocage efficace des cha\u00eenes de transmission\u00a0\u00bb. Reste que la hausse r\u00e9cente des cas rappelle la fragilit\u00e9 de l\u2019\u00e9quilibre face \u00e0 un virus d\u00e9sormais install\u00e9 durablement en Europe.<\/p>\n","protected":false},"excerpt":{"rendered":"La r\u00e9surgence de la grippe aviaire en Europe alarme les experts. \u00ab\u00a0La situation est tr\u00e8s pr\u00e9occupante dans l\u2019avifaune&hellip;\n","protected":false},"author":2,"featured_media":529822,"comment_status":"","ping_status":"","sticky":false,"template":"","format":"standard","meta":{"footnotes":""},"categories":[1586],"tags":[47,11,1867,19398,1777,674,1011,27,5698,12,25,104,148,64861],"class_list":{"0":"post-529821","1":"post","2":"type-post","3":"status-publish","4":"format-standard","5":"has-post-thumbnail","7":"category-europe","8":"tag-actualite","9":"tag-actualites","10":"tag-animaux","11":"tag-elevage","12":"tag-eu","13":"tag-europe","14":"tag-fr","15":"tag-france","16":"tag-grippe-aviaire","17":"tag-news","18":"tag-republique-francaise","19":"tag-societe","20":"tag-vaccination","21":"tag-volaille"},"share_on_mastodon":{"url":"https:\/\/pubeurope.com\/@fr\/115538752023995240","error":""},"_links":{"self":[{"href":"https:\/\/www.europesays.com\/fr\/wp-json\/wp\/v2\/posts\/529821","targetHints":{"allow":["GET"]}}],"collection":[{"href":"https:\/\/www.europesays.com\/fr\/wp-json\/wp\/v2\/posts"}],"about":[{"href":"https:\/\/www.europesays.com\/fr\/wp-json\/wp\/v2\/types\/post"}],"author":[{"embeddable":true,"href":"https:\/\/www.europesays.com\/fr\/wp-json\/wp\/v2\/users\/2"}],"replies":[{"embeddable":true,"href":"https:\/\/www.europesays.com\/fr\/wp-json\/wp\/v2\/comments?post=529821"}],"version-history":[{"count":0,"href":"https:\/\/www.europesays.com\/fr\/wp-json\/wp\/v2\/posts\/529821\/revisions"}],"wp:featuredmedia":[{"embeddable":true,"href":"https:\/\/www.europesays.com\/fr\/wp-json\/wp\/v2\/media\/529822"}],"wp:attachment":[{"href":"https:\/\/www.europesays.com\/fr\/wp-json\/wp\/v2\/media?parent=529821"}],"wp:term":[{"taxonomy":"category","embeddable":true,"href":"https:\/\/www.europesays.com\/fr\/wp-json\/wp\/v2\/categories?post=529821"},{"taxonomy":"post_tag","embeddable":true,"href":"https:\/\/www.europesays.com\/fr\/wp-json\/wp\/v2\/tags?post=529821"}],"curies":[{"name":"wp","href":"https:\/\/api.w.org\/{rel}","templated":true}]}}