{"id":529833,"date":"2025-11-12T21:08:15","date_gmt":"2025-11-12T21:08:15","guid":{"rendered":"https:\/\/www.europesays.com\/fr\/529833\/"},"modified":"2025-11-12T21:08:15","modified_gmt":"2025-11-12T21:08:15","slug":"marie-alex-belanger-des-mondiaux-a-ses-frais","status":"publish","type":"post","link":"https:\/\/www.europesays.com\/fr\/529833\/","title":{"rendered":"Marie-Alex B\u00e9langer, des mondiaux \u00e0 ses frais"},"content":{"rendered":"<p class=\"sc-jbo7hw-7 bDkRIk\">Comme membre de l\u2019\u00e9quipe canadienne de volleyball int\u00e9rieur, Marie-Alex B\u00e9langer a d\u00e9j\u00e0 particip\u00e9 aux Championnats du monde, en 2018, au Japon. La Qu\u00e9b\u00e9coise venait alors tout <a tabindex=\"0\" class=\"border-b border-solid transition-colors text-blue600 hover:text-blue600 light:text-blue600 light:hover:text-blue600 dark:text-blue400 dark:hover:text-blue400 border-gray900\/25 light:border-gray900\/25 dark:border-gray100\/25 hover:border-linkDefault hover:bg-gray999\/10 light:hover:bg-gray999\/10 dark:hover:bg-gray0\/10\" href=\"https:\/\/ici.radio-canada.ca\/sports\/1105267\/marie-alex-belanger-est-la-meilleure-athlete-universitaire-au-canada\" rel=\"nofollow noopener\" target=\"_blank\">juste d\u2019\u00eatre nomm\u00e9e athl\u00e8te universitaire par excellence au pays<\/a>. C\u2019\u00e9tait avant qu&rsquo;elle amorce un virage vers le volleyball de plage, en 2022. Un d\u00e9tour qui la m\u00e8nera \u00e0 participer cette semaine \u00e0 ses deuxi\u00e8mes mondiaux, ceux-l\u00e0 sur le sable australien.<\/p>\n<p class=\"sc-jbo7hw-7 bDkRIk\">L&rsquo;autre diff\u00e9rence notable, mis \u00e0 part la surface de la comp\u00e9tition, ce sont les frais \u00e0 payer pour y participer.<\/p>\n<p class=\"sc-jbo7hw-7 bDkRIk\">Au volleyball int\u00e9rieur, les joueuses canadiennes profitent d\u2019un appui financier accru de Sport Canada pour les d\u00e9placements et l\u2019h\u00e9bergement. Mais le volleyball de plage ne b\u00e9n\u00e9ficie pas du m\u00eame soutien, regrette l\u2019athl\u00e8te de 32 ans.<\/p>\n<p class=\"sc-jbo7hw-7 bDkRIk\">En volleyball int\u00e9rieur, tout est organis\u00e9 pour toi\u00a0: les repas, les vols, l\u2019h\u00e9bergement. Tout est pay\u00e9. Tu n\u2019as qu\u2019\u00e0 te concentrer sur ta performance. En volleyball de plage, c\u2019est totalement diff\u00e9rent, a-t-elle expliqu\u00e9 \u00e0 Radio-Canada Sports, la veille de son d\u00e9part pour l\u2019Oc\u00e9anie.<\/p>\n<blockquote class=\"sc-ym8j07-0 kJvxpW text-gray700 light:text-gray700 dark:text-gray200\">\n<p class=\"sc-ym8j07-1 jhkebe !font-display text-6 leading-5 xsToSm:text-5 font-bold text-gray700 light:text-gray700 dark:text-gray200 font-medium\">C\u2019est nous qui payons nos billets d\u2019avion, notre h\u00f4tel, nos repas. L\u2019Australie, ce n\u2019est pas donn\u00e9. Donc, il y a des stress suppl\u00e9mentaires li\u00e9s \u00e0 la logistique, en plus de la performance.<\/p>\n<p>Une citation de Marie-Alex B\u00e9langer, joueuse de volleyball de plage canadienne<\/p><\/blockquote>\n<p class=\"sc-jbo7hw-7 bDkRIk\">Elle participera au tournoi avec l\u2019Ontarienne Lea Monkhouse. Elles forment un duo depuis trois ans.<\/p>\n<p class=\"sc-jbo7hw-7 bDkRIk\">Le volleyball de plage est consid\u00e9r\u00e9 comme entre les deux, ni tout \u00e0 fait un sport d\u2019\u00e9quipe ni individuel. Donc, on ne se fait pas rembourser nos vols ni nos repas, contrairement \u00e0 l\u2019\u00e9quipe int\u00e9rieure.<\/p>\n<blockquote class=\"sc-ym8j07-0 kJvxpW text-gray700 light:text-gray700 dark:text-gray200\">\n<p class=\"sc-ym8j07-1 jhkebe !font-display text-6 leading-5 xsToSm:text-5 font-bold text-gray700 light:text-gray700 dark:text-gray200 font-medium\">C\u2019est une r\u00e9alit\u00e9 diff\u00e9rente, parfois frustrante. Mais \u00e7a m\u2019a appris \u00e0 prendre mes propres initiatives. Et si tu r\u00e9ussis, tu sais que c\u2019est gr\u00e2ce \u00e0 toi, parce que tu as affront\u00e9 beaucoup de d\u00e9fis pour y arriver.<\/p>\n<p>Une citation de Marie-Alex B\u00e9langer<\/p><\/blockquote>\n<p><img decoding=\"async\" alt=\"Deux volleyeuses se f\u00e9licitent apr\u00e8s un point.\" class=\"absolute left-0 top-0 size-full object-cover transition-opacity ease-out print:relative html-dark:brightness-[.8]\" loading=\"lazy\" src=\"https:\/\/www.europesays.com\/fr\/wp-content\/uploads\/2025\/08\/lea-monkhouse-marie-alex-belanger.jpeg\"\/>Ouvrir en mode plein \u00e9cran<\/p>\n<p class=\"sc-ic6be9-2 kYrgAK\">Lea Monkhouse et Marie-Alex B\u00e9langer \u00e0 Montr\u00e9al<\/p>\n<p class=\"sc-ic6be9-1 cJJtvJ text-gray600 light:text-gray600 dark:text-gray400\">Photo : Radio-Canada \/ Jean-Christophe Pochat<\/p>\n<p class=\"sc-jbo7hw-7 bDkRIk\">Sa premi\u00e8re participation, toutes d\u00e9penses pay\u00e9es, \u00e0 des mondiaux, en 2018, l\u2019aide \u00e0 se pr\u00e9parer \u00e0 ce prochain grand rendez-vous international, m\u00eame si l&rsquo;appellation Championnats du monde sur les affiches en caract\u00e8res gras n\u2019est au fond que \u00e7a, une appellation.<\/p>\n<p class=\"sc-jbo7hw-7 bDkRIk\">Je me rappelle que les mondiaux int\u00e9rieurs, je m\u2019\u00e9tais dit\u00a0:\u00a0 \u00ab\u00a0Wow, c\u2019est immense, c\u2019est les mondiaux.\u00a0\u00bb Mais au final, \u00e7a reste un tournoi avec les m\u00eames \u00e9quipes qu\u2019on a d\u00e9j\u00e0 affront\u00e9es. Il suffit de jouer et de s\u2019amuser.<\/p>\n<p class=\"sc-jbo7hw-7 bDkRIk\">Au moment de publier ce texte, Sport Canada n&rsquo;avait pas donn\u00e9 d&rsquo;explications concernant l&rsquo;\u00e9cart dans la prise en charge des d\u00e9penses entre les athl\u00e8tes de volleyball int\u00e9rieur et de plage.<\/p>\n<p>Par la grande porte<\/p>\n<p class=\"sc-jbo7hw-7 bDkRIk\">B\u00e9langer et Monkhouse ont obtenu leur billet pour les mondiaux lors du tournoi de <a tabindex=\"0\" class=\"border-b border-solid transition-colors text-blue600 hover:text-blue600 light:text-blue600 light:hover:text-blue600 dark:text-blue400 dark:hover:text-blue400 border-gray900\/25 light:border-gray900\/25 dark:border-gray100\/25 hover:border-linkDefault hover:bg-gray999\/10 light:hover:bg-gray999\/10 dark:hover:bg-gray0\/10\" href=\"https:\/\/ici.radio-canada.ca\/sports\/2194146\/marie-alex-belanger-mondiaux\" rel=\"nofollow noopener\" target=\"_blank\">qualification continentale de Punta Cana<\/a>, \u00e0 la fin septembre.<\/p>\n<p class=\"sc-jbo7hw-7 bDkRIk\">Les quatre meilleures \u00e9quipes obtenaient un laissez-passer pour l\u2019Australie. Le duo canadien a fait les choses en grand en remportant la comp\u00e9tition. <\/p>\n<p class=\"sc-jbo7hw-7 bDkRIk\">C\u2019\u00e9tait un objectif qu\u2019on avait en d\u00e9but de saison de se qualifier, donc on est tr\u00e8s heureuses. C\u2019est un accomplissement en soi, mais on n\u2019est pas satisfaites.<\/p>\n<blockquote class=\"sc-ym8j07-0 kJvxpW text-gray700 light:text-gray700 dark:text-gray200\">\n<p class=\"sc-ym8j07-1 jhkebe !font-display text-6 leading-5 xsToSm:text-5 font-bold text-gray700 light:text-gray700 dark:text-gray200 font-medium\">Je suis fi\u00e8re du chemin parcouru. Je comp\u00e9titionne contre des filles qui ont jou\u00e9 au beach toute leur vie, donc ma transition est un peu atypique. Mais d\u2019aller aux Championnats du monde, c\u2019est une belle tape dans le dos qui me dit\u00a0: \u00ab\u00a0Tu fais de bonnes choses, tu progresses, tu es sur la bonne voie.\u00a0\u00bb C\u2019est une belle \u00e9tape dans mon parcours.<\/p>\n<p>Une citation de Marie-Alex B\u00e9langer<\/p><\/blockquote>\n<p class=\"sc-jbo7hw-7 bDkRIk\">Les mondiaux, ce sont les meilleures \u00e9quipes au monde. Mais je pense qu\u2019on est rendues l\u00e0, Lea et moi, mentionne la Qu\u00e9b\u00e9coise. On sera dans un groupe fort, avec la meilleure \u00e9quipe d\u2019Italie, une \u00e9quipe am\u00e9ricaine et une \u00e9quipe n\u00e9o-z\u00e9landaise. Sortir de la phase pr\u00e9liminaire, ce serait notre but l\u00e0-bas.<\/p>\n<p class=\"sc-jbo7hw-7 bDkRIk\">Et comme un objectif en entra\u00eene un autre, les Championnats du monde serviront de tremplin vers les Jeux olympiques. <\/p>\n<p class=\"sc-jbo7hw-7 bDkRIk\">L\u2019ann\u00e9e prochaine, on va encore tester des trucs, Lea et moi. On veut voyager, accumuler de l\u2019exp\u00e9rience, et ensuite, il y aura d&rsquo;autres mondiaux en 2027, avant les Jeux de Los Angeles. On aimerait cette fois s\u2019y qualifier par classement, sans passer par un tournoi de qualification.<\/p>\n<p class=\"sc-jbo7hw-7 bDkRIk\">Les Championnats du monde auront lieu du 13 au 26 novembre \u00e0 Adela\u00efde.<\/p>\n<p class=\"sc-jbo7hw-7 bDkRIk\">Le premier match de Lea Monkhouse et Marie-Alex B\u00e9langer sera le jeudi 13 novembre contre les Italiennes Valentina Gottardi et Reka Osri Toth.<\/p>\n<p class=\"sc-jbo7hw-7 bDkRIk\">L\u2019autre duo canadien, les vice-championnes olympiques Melissa Humana-Paredes et Brandie Wilkerson, entamera son tournoi le lendemain. Chez les hommes, l&rsquo;entr\u00e9e en sc\u00e8ne du seul duo canadien, compos\u00e9 de Samuel Schachter et de Jonathan Pickett, se fera le samedi 15 novembre.<\/p>\n","protected":false},"excerpt":{"rendered":"Comme membre de l\u2019\u00e9quipe canadienne de volleyball int\u00e9rieur, Marie-Alex B\u00e9langer a d\u00e9j\u00e0 particip\u00e9 aux Championnats du monde, en&hellip;\n","protected":false},"author":2,"featured_media":529834,"comment_status":"","ping_status":"","sticky":false,"template":"","format":"standard","meta":{"footnotes":""},"categories":[1417],"tags":[1011,27,60,1470,1469],"class_list":{"0":"post-529833","1":"post","2":"type-post","3":"status-publish","4":"format-standard","5":"has-post-thumbnail","7":"category-volley","8":"tag-fr","9":"tag-france","10":"tag-sports","11":"tag-volley","12":"tag-volleyball"},"share_on_mastodon":{"url":"https:\/\/pubeurope.com\/@fr\/115538776070557675","error":""},"_links":{"self":[{"href":"https:\/\/www.europesays.com\/fr\/wp-json\/wp\/v2\/posts\/529833","targetHints":{"allow":["GET"]}}],"collection":[{"href":"https:\/\/www.europesays.com\/fr\/wp-json\/wp\/v2\/posts"}],"about":[{"href":"https:\/\/www.europesays.com\/fr\/wp-json\/wp\/v2\/types\/post"}],"author":[{"embeddable":true,"href":"https:\/\/www.europesays.com\/fr\/wp-json\/wp\/v2\/users\/2"}],"replies":[{"embeddable":true,"href":"https:\/\/www.europesays.com\/fr\/wp-json\/wp\/v2\/comments?post=529833"}],"version-history":[{"count":0,"href":"https:\/\/www.europesays.com\/fr\/wp-json\/wp\/v2\/posts\/529833\/revisions"}],"wp:featuredmedia":[{"embeddable":true,"href":"https:\/\/www.europesays.com\/fr\/wp-json\/wp\/v2\/media\/529834"}],"wp:attachment":[{"href":"https:\/\/www.europesays.com\/fr\/wp-json\/wp\/v2\/media?parent=529833"}],"wp:term":[{"taxonomy":"category","embeddable":true,"href":"https:\/\/www.europesays.com\/fr\/wp-json\/wp\/v2\/categories?post=529833"},{"taxonomy":"post_tag","embeddable":true,"href":"https:\/\/www.europesays.com\/fr\/wp-json\/wp\/v2\/tags?post=529833"}],"curies":[{"name":"wp","href":"https:\/\/api.w.org\/{rel}","templated":true}]}}