{"id":529835,"date":"2025-11-12T21:09:12","date_gmt":"2025-11-12T21:09:12","guid":{"rendered":"https:\/\/www.europesays.com\/fr\/529835\/"},"modified":"2025-11-12T21:09:12","modified_gmt":"2025-11-12T21:09:12","slug":"les-images-des-bleus-ravivant-la-flamme-sur-la-tombe-du-soldat-inconnu","status":"publish","type":"post","link":"https:\/\/www.europesays.com\/fr\/529835\/","title":{"rendered":"les images des Bleus ravivant la flamme sur la tombe du Soldat inconnu"},"content":{"rendered":"<p>\n    Ce mercredi, apr\u00e8s les comm\u00e9morations du 11 novembre, les joueurs du XV de France ont raviv\u00e9 la flamme sur la tombe du Soldat inconnu.<\/p>\n<p class=\"fig-paragraph\">De belles images. Apr\u00e8s les comm\u00e9morations du 11 novembre, les joueurs du XV de France, \u00e0 l\u2019initiative de l\u2019association Le Bleuet de France,\u00a0<a href=\"http:\/\/www.lefigaro.fr\/sports\/rugby\/xv-de-france\/rugby-le-xv-de-france-va-raviver-la-flamme-sur-la-tombe-du-soldat-inconnu-ce-mercredi-20251112\" target=\"_blank\" data-fig-type=\"NewsFlash\" rel=\"noopener\" data-gtm-custom-categorie=\"navigation\" data-gtm-custom-action=\"crossclick\" data-gtm-custom-label=\"Contextuel\" data-gtm-event=\"customEventSPE\" data-fig-domain=\"LEFIGARO\">ont raviv\u00e9 la flamme sur la tombe du Soldat inconnu<\/a>\u00a0ce mercredi dans la soir\u00e9e.<\/p>\n<p class=\"fig-paragraph\">Pour les cent ans de l\u2019association, les joueurs de Fabien Galthi\u00e9,\u00a0<a href=\"http:\/\/www.lefigaro.fr\/sports\/rugby\/xv-de-france\/xv-de-france-alldritt-et-lucu-de-retour-depoortere-et-barassi-au-centre-la-composition-probable-face-aux-fidji-20251111\" target=\"_blank\" data-fig-type=\"NewsFlash\" rel=\"noopener\" data-gtm-custom-categorie=\"navigation\" data-gtm-custom-action=\"crossclick\" data-gtm-custom-label=\"Contextuel\" data-gtm-event=\"customEventSPE\" data-fig-domain=\"LEFIGARO\">qui affrontent les Fidji ce samedi \u00e0 Bordeaux pour le deuxi\u00e8me match de la tourn\u00e9e d\u2019automne<\/a>, se sont rendus sous l\u2019Arc de triomphe afin de rendre hommage aux soldats et rugbymen morts pour la France durant les conflits. Gr\u00e9gory Alldritt,\u00a0<a href=\"http:\/\/www.lefigaro.fr\/sports\/rugby\/xv-de-france\/concurrence-secrets-de-sa-longevite-le-capitaine-du-xv-de-france-gael-fickou-se-confie-en-exclusivite-au-figaro-20251107\" target=\"_blank\" data-fig-type=\"Article\" rel=\"noopener\" data-gtm-custom-categorie=\"navigation\" data-gtm-custom-action=\"crossclick\" data-gtm-custom-label=\"Contextuel\" data-gtm-event=\"customEventSPE\" data-fig-domain=\"LEFIGARO\">Ga\u00ebl Fickou<\/a>\u00a0ainsi que toute l\u2019\u00e9quipe de France \u00e9taient accompagn\u00e9s d\u2019Alice Rufo, ministre d\u00e9l\u00e9gu\u00e9e aupr\u00e8s de la ministre des Arm\u00e9es et des Anciens combattants Catherine Vautrin.<\/p>\n<p>                                    <a class=\"fig-a11y-skip a11y-hidden\" href=\"#fig-a11y-skip-main-inarticle\"><br \/>\n        Passer la publicit\u00e9<br \/>\n    <\/a><\/p>\n<p class=\"fig-paragraph\">La F\u00e9d\u00e9ration fran\u00e7aise de rugby a sign\u00e9 en 2024 une convention avec le Bleuet de France, association qui aide les militaires bless\u00e9s, les pupilles de la Nation, les victimes de guerre et du terrorisme. Les Bleus avaient ainsi rendu visite \u00e0 des bless\u00e9s de guerre \u00e0 l\u2019h\u00f4pital des Invalides en mars dernier, avant la derni\u00e8re rencontre du Tournoi des six nations.<\/p>\n<p>    <a href=\"https:\/\/photo.lefigaro.fr\/sports\/rugby\/xv-de-france\/xv-de-france-les-images-des-bleus-ravivant-la-flamme-sur-la-tombe-du-soldat-inconnu-20251112\" target=\"_blank\" rel=\"noopener\"><\/p>\n<p class=\"fig-slideshow__title\">\n                    XV de France\u00a0: les images des Bleus ravivant la flamme sur la tombe du Soldat inconnu\n                <\/p>\n<p>Acc\u00e9der au diaporama (6)<\/p>\n<p>    <\/a><\/p>\n","protected":false},"excerpt":{"rendered":"Ce mercredi, apr\u00e8s les comm\u00e9morations du 11 novembre, les joueurs du XV de France ont raviv\u00e9 la flamme&hellip;\n","protected":false},"author":2,"featured_media":529836,"comment_status":"","ping_status":"","sticky":false,"template":"","format":"standard","meta":{"footnotes":""},"categories":[1416],"tags":[17864,1011,27,479,1468,44064,60],"class_list":{"0":"post-529835","1":"post","2":"type-post","3":"status-publish","4":"format-standard","5":"has-post-thumbnail","7":"category-rugby","8":"tag-arc-de-triomphe","9":"tag-fr","10":"tag-france","11":"tag-rugby","12":"tag-rugby-football","13":"tag-soldat-inconnu","14":"tag-sports"},"share_on_mastodon":{"url":"https:\/\/pubeurope.com\/@fr\/115538779529003785","error":""},"_links":{"self":[{"href":"https:\/\/www.europesays.com\/fr\/wp-json\/wp\/v2\/posts\/529835","targetHints":{"allow":["GET"]}}],"collection":[{"href":"https:\/\/www.europesays.com\/fr\/wp-json\/wp\/v2\/posts"}],"about":[{"href":"https:\/\/www.europesays.com\/fr\/wp-json\/wp\/v2\/types\/post"}],"author":[{"embeddable":true,"href":"https:\/\/www.europesays.com\/fr\/wp-json\/wp\/v2\/users\/2"}],"replies":[{"embeddable":true,"href":"https:\/\/www.europesays.com\/fr\/wp-json\/wp\/v2\/comments?post=529835"}],"version-history":[{"count":0,"href":"https:\/\/www.europesays.com\/fr\/wp-json\/wp\/v2\/posts\/529835\/revisions"}],"wp:featuredmedia":[{"embeddable":true,"href":"https:\/\/www.europesays.com\/fr\/wp-json\/wp\/v2\/media\/529836"}],"wp:attachment":[{"href":"https:\/\/www.europesays.com\/fr\/wp-json\/wp\/v2\/media?parent=529835"}],"wp:term":[{"taxonomy":"category","embeddable":true,"href":"https:\/\/www.europesays.com\/fr\/wp-json\/wp\/v2\/categories?post=529835"},{"taxonomy":"post_tag","embeddable":true,"href":"https:\/\/www.europesays.com\/fr\/wp-json\/wp\/v2\/tags?post=529835"}],"curies":[{"name":"wp","href":"https:\/\/api.w.org\/{rel}","templated":true}]}}