{"id":529837,"date":"2025-11-12T21:10:18","date_gmt":"2025-11-12T21:10:18","guid":{"rendered":"https:\/\/www.europesays.com\/fr\/529837\/"},"modified":"2025-11-12T21:10:18","modified_gmt":"2025-11-12T21:10:18","slug":"tennis-ce-ne-sont-pas-leurs-affaires-novak-djokovic-refuse-de-parler-de-sa-fortune-et-de-ses-investissements","status":"publish","type":"post","link":"https:\/\/www.europesays.com\/fr\/529837\/","title":{"rendered":"Tennis\u00a0: \u00ab\u00a0Ce ne sont pas leurs affaires\u2026\u00a0\u00bb Novak Djokovic refuse de parler de sa \u00ab\u00a0fortune\u00a0\u00bb et de ses \u00ab\u00a0investissements\u00a0\u00bb"},"content":{"rendered":"<p>\n                                                                    l&rsquo;essentiel<br \/>\n                                                                Toujours tr\u00e8s franc, Novak Djokovic a d\u00e9voil\u00e9 son intimit\u00e9 sur de nombreux sujets lors d\u2019une interview avec Piers Morgan ce mardi 11\u00a0novembre. Pourtant, lorsque la question de sa fortune arrive, le Serbe a insist\u00e9 sur sa volont\u00e9 de ne pas trop en dire sur le sujet.\n                            <\/p>\n<p><a href=\"https:\/\/www.ladepeche.fr\/2025\/11\/10\/tennis-je-comprends-la-curiosite-des-gens-novak-djokovic-se-confie-sur-sa-fin-de-carriere-13044778.php\" target=\"_self\" rel=\"nofollow noopener\">Novak Djokovic<\/a>, unanimement consid\u00e9r\u00e9 comme l\u2019un des plus grands athl\u00e8tes de tous les temps, est entour\u00e9 d\u2019une part de myst\u00e8re. Il s\u2019est livr\u00e9 en longueur au journaliste pol\u00e9miste Piers Morgan<a href=\"https:\/\/www.youtube.com\/watch?v=9SsbSKaUkoE\" target=\"_self\" rel=\"nofollow noopener\"> dans une interview parue sur YouTube ce mardi 11\u00a0novembre<\/a>. Il y a n\u00e9anmoins un sujet sur lequel il a refus\u00e9 de se confier\u00a0: sa\u00a0fortune. \u00ab\u00a0Je n\u2019aime pas parler de \u00e7a\u00a0\u00bb, a-t-il tranch\u00e9 quand il a \u00e9t\u00e9 interrog\u00e9 sur le montant de cette derni\u00e8re.<\/p>\n<p class=\"std-elt__inline\">\n        <strong>\u00c0 lire aussi :<\/strong><br \/>\n        <a href=\"https:\/\/www.ladepeche.fr\/2025\/11\/11\/tennis-djokovic-celebre-son-titre-avec-des-dalmatiens-on-vous-explique-la-photo-qui-interroge-les-fans-13045978.php\" rel=\"nofollow noopener\" target=\"_blank\">Tennis\u00a0: Djokovic c\u00e9l\u00e8bre son titre avec des Dalmatiens, on vous explique la photo qui interroge les fans<\/a>\n    <\/p>\n<p>\u00ab\u00a0Je ne veux pas donner toutes ces informations \u00e0 Forbes (un magazine sp\u00e9cialis\u00e9 dans les grandes fortunes, NDLR) par exemple, quelle est ma fortune, quels sont mes investissements,\u00a0etc\u2026 Ce ne sont pas leurs affaires. Pour quelles raisons je devrais d\u00e9voiler cela\u00a0? Certaines choses sont d\u00e9j\u00e0 publiques comme les prize money (les gains en tournoi, NDLR)\u00a0\u00bb, poursuit le recordman de titres en Grand Chelem.<\/p>\n<p class=\"std-elt__inline\">\n        <strong>\u00c0 lire aussi :<\/strong><br \/>\n        <a href=\"https:\/\/www.ladepeche.fr\/2025\/11\/10\/tennis-je-comprends-la-curiosite-des-gens-novak-djokovic-se-confie-sur-sa-fin-de-carriere-13044778.php\" rel=\"nofollow noopener\" target=\"_blank\">Tennis\u00a0: \u00ab\u00a0Je comprends la curiosit\u00e9 des gens\u2026\u00a0\u00bb Novak Djokovic se confie sur sa fin de carri\u00e8re<\/a>\n    <\/p>\n<p>\u00ab\u00a0J\u2019ai refus\u00e9 beaucoup de grosses marques et de tr\u00e8s gros ch\u00e8ques parce que je ne peux\u00a0pas repr\u00e9senter quelque chose dans lequel je ne crois pas\u00a0\u00bb, d\u00e9voile le Serbe, qui \u00e9voque notamment \u00ab\u00a0l\u2019une des marques de boissons les plus connues du monde\u00a0\u00bb. Pour justifier ce refus, il explique qu\u2019il a n\u2019a pas voulu \u00eatre l\u2019ambassadeur d\u2019un produit qu\u2019il ne consomme pas et qu\u2019il interdit \u00e0 ses enfants. \u00ab\u00a0Je tiens \u00e0 mon int\u00e9grit\u00e9, \u00e0 prot\u00e9ger ce qui compte pour moi\u00a0\u00bb, conclut Djokovic.<\/p>\n","protected":false},"excerpt":{"rendered":"l&rsquo;essentiel Toujours tr\u00e8s franc, Novak Djokovic a d\u00e9voil\u00e9 son intimit\u00e9 sur de nombreux sujets lors d\u2019une interview avec&hellip;\n","protected":false},"author":2,"featured_media":529838,"comment_status":"","ping_status":"","sticky":false,"template":"","format":"standard","meta":{"footnotes":""},"categories":[1415],"tags":[1011,27,60,1467],"class_list":{"0":"post-529837","1":"post","2":"type-post","3":"status-publish","4":"format-standard","5":"has-post-thumbnail","7":"category-tennis","8":"tag-fr","9":"tag-france","10":"tag-sports","11":"tag-tennis"},"share_on_mastodon":{"url":"https:\/\/pubeurope.com\/@fr\/115538783327166052","error":""},"_links":{"self":[{"href":"https:\/\/www.europesays.com\/fr\/wp-json\/wp\/v2\/posts\/529837","targetHints":{"allow":["GET"]}}],"collection":[{"href":"https:\/\/www.europesays.com\/fr\/wp-json\/wp\/v2\/posts"}],"about":[{"href":"https:\/\/www.europesays.com\/fr\/wp-json\/wp\/v2\/types\/post"}],"author":[{"embeddable":true,"href":"https:\/\/www.europesays.com\/fr\/wp-json\/wp\/v2\/users\/2"}],"replies":[{"embeddable":true,"href":"https:\/\/www.europesays.com\/fr\/wp-json\/wp\/v2\/comments?post=529837"}],"version-history":[{"count":0,"href":"https:\/\/www.europesays.com\/fr\/wp-json\/wp\/v2\/posts\/529837\/revisions"}],"wp:featuredmedia":[{"embeddable":true,"href":"https:\/\/www.europesays.com\/fr\/wp-json\/wp\/v2\/media\/529838"}],"wp:attachment":[{"href":"https:\/\/www.europesays.com\/fr\/wp-json\/wp\/v2\/media?parent=529837"}],"wp:term":[{"taxonomy":"category","embeddable":true,"href":"https:\/\/www.europesays.com\/fr\/wp-json\/wp\/v2\/categories?post=529837"},{"taxonomy":"post_tag","embeddable":true,"href":"https:\/\/www.europesays.com\/fr\/wp-json\/wp\/v2\/tags?post=529837"}],"curies":[{"name":"wp","href":"https:\/\/api.w.org\/{rel}","templated":true}]}}