{"id":52984,"date":"2025-04-25T23:45:09","date_gmt":"2025-04-25T23:45:09","guid":{"rendered":"https:\/\/www.europesays.com\/fr\/52984\/"},"modified":"2025-04-25T23:45:09","modified_gmt":"2025-04-25T23:45:09","slug":"obseques-du-pape-francois-messe-inhumation-invites-comment-va-se-derouler-le-dernier-adieu-au-souverain-pontife","status":"publish","type":"post","link":"https:\/\/www.europesays.com\/fr\/52984\/","title":{"rendered":"Obs\u00e8ques du pape Fran\u00e7ois\u00a0: messe, inhumation, invit\u00e9s\u2026 comment va se d\u00e9rouler le dernier adieu au souverain pontife"},"content":{"rendered":"<p class=\"paragraph text_align_left\">D\u2019immenses \u00e9chafaudages ont \u00e9t\u00e9 dress\u00e9s face \u00e0 la basilique Saint-Pierre, sur lesquels des dizaines de cam\u00e9ras ont pris place. Observatoire r\u00eav\u00e9 pour scruter <a href=\"https:\/\/www.leparisien.fr\/societe\/religions\/mort-du-pape-francois-ultimes-preparatifs-au-vatican-a-la-veille-de-funerailles-historiques-25-04-2025-AELSERFXSRDAHKTC32MIPL2R3Y.php\" target=\"_blank\" rel=\"nofollow noopener\">l\u2019incroyable ballet qui se joue <\/a>sur la c\u00e9l\u00e8bre place du Vatican : <a href=\"https:\/\/www.leparisien.fr\/societe\/desoles-vous-ne-pouvez-plus-passer-la-place-saint-pierre-sous-haute-securite-pour-les-funerailles-du-pape-25-04-2025-GRJ6EQXH5JBEDC55O5UJKTU6PQ.php\" target=\"_blank\" rel=\"nofollow noopener\">des milliers de fid\u00e8les et de touristes <\/a>qui se pressent le long des barri\u00e8res install\u00e9es la veille, des cardinaux en tenue se frayant un chemin<a href=\"https:\/\/www.leparisien.fr\/societe\/religions\/les-funerailles-du-pape-cest-levenement-de-lannee-sur-la-place-saint-pierre-la-fourmiliere-des-journalistes-25-04-2025-DOUANE7NBFDT7OSYHX4EOUDPXE.php\" target=\"_blank\" rel=\"nofollow noopener\"> au milieu de journalistes qui patientent<\/a> pour obtenir leur sacro-sainte accr\u00e9ditation au \u00ab 54 de la Via Della Conciliazione \u00bb \u2013 la salle de presse du Saint-Si\u00e8ge.<\/p>\n<p class=\"paragraph text_align_left\">Partout, des policiers et des milliers de volontaires renseignent, barrent la route, r\u00e9gulent. En bruit de fond, entre deux Ave Maria scand\u00e9s par les fid\u00e8les : le vrombissement des h\u00e9licopt\u00e8res qui survolent le micro-\u00c9tat en \u00e9moi. Ce samedi, le monde a les yeux riv\u00e9s sur Rome, \u00e0 l\u2019occasion <a href=\"https:\/\/www.leparisien.fr\/international\/pape-francois\/\" target=\"_blank\" rel=\"nofollow noopener\">des fun\u00e9railles du pape Fran\u00e7ois,<\/a> d\u00e9c\u00e9d\u00e9 lundi \u00e0 88 ans d\u2019un AVC.<\/p>\n<p>Une messe \u00e0 la basilique Saint-Pierre<\/p>\n<p class=\"paragraph text_align_left\">La c\u00e9r\u00e9monie d\u00e9butera avec une messe \u00e0 10 heures, sur le parvis de la basilique. C\u2019est le cardinal Giovanni Battista Re, doyen des 252 cardinaux, qui va officier. Ces coll\u00e8gues cardinaux ont afflu\u00e9 en Italie depuis le monde entier, ces derni\u00e8res heures, h\u00e9berg\u00e9s en urgence dans les congr\u00e9gations religieuses \u2013 les h\u00f4tels de la ville \u00e9tant complets. Au centre du parvis : le cercueil du pape, en bois bard\u00e9 de zinc, Jorge Bergoglio ayant refus\u00e9 le triple catafalque pour simplifier le rituel.<\/p>\n<p class=\"paragraph text_align_left\">Messes, chants, pri\u00e8res : tout sera retransmis sur d\u2019immenses \u00e9crans g\u00e9ants, que la ville de Rome s\u2019affairait encore \u00e0 installer ce vendredi soir, jusque dans les rues adjacentes \u00e0 l\u2019enclave. Point final de la c\u00e9l\u00e9bration, qui pourrait durer plusieurs heures : un \u00ab triple adieu \u00bb, celui de l\u2019\u00c9glise de Rome, celui des \u00c9glises orientales, et celui de toute l\u2019\u00c9glise catholique.<\/p>\n<p><img decoding=\"async\" class=\"image \" loading=\"lazy\" src=\"https:\/\/www.europesays.com\/fr\/wp-content\/uploads\/2025\/04\/ELH24OSKYNA7RGNP6DPXDQNTEA.jpg\" alt=\"\" align=\"\" data-rubrique-principale=\"\" data-article-type=\"\" fetchpriority=\"auto\"\/><\/p>\n<p class=\"paragraph text_align_left\">Avant cette messe, la foule s\u2019est press\u00e9e pour apercevoir la d\u00e9pouille, expos\u00e9e dans la basilique depuis mercredi. Au moins 250 000 personnes se sont recueillies, selon le dernier comptage du Saint-Si\u00e8ge, engendrant jusqu\u2019\u00e0\u2026 quatre heures d\u2019attente \u2013 parfois tendues. Parmi eux, <a href=\"https:\/\/www.leparisien.fr\/politique\/mort-du-pape-francois-emmanuel-macron-va-se-recueillir-ce-vendredi-aupres-de-la-depouille-du-souverain-pontife-25-04-2025-BLAXC2XXVVDQPNSQMWR3SLOOEE.php\" target=\"_blank\" rel=\"nofollow noopener\">Emmanuel Macron et son \u00e9pouse Brigitte,<\/a> venus vendredi d\u00e8s 18 heures pour se recueillir devant la d\u00e9pouille du pape. Signe de la proximit\u00e9 affich\u00e9e entre le pr\u00e9sident fran\u00e7ais et le chef de l\u2019\u00c9glise catholique, <a href=\"https:\/\/www.leparisien.fr\/societe\/religions\/mort-du-pape-francois-avec-la-france-une-relation-plus-tumultueuse-que-prevu-22-04-2025-DEWFI6Q4YVA57O7EMTRAOUGJNQ.php\" target=\"_blank\" rel=\"nofollow noopener\">qui se sont vus \u00e0 six reprises depuis 2017.<\/a><\/p>\n<p class=\"paragraph text_align_left\">Le cercueil a \u00e9t\u00e9 ferm\u00e9 dans la foul\u00e9e, lors d\u2019une c\u00e9r\u00e9monie priv\u00e9e, pr\u00e9sid\u00e9e par le camerlingue, <a href=\"https:\/\/www.leparisien.fr\/societe\/religions\/mort-du-pape-francois-le-cardinal-irlandais-kevin-farrell-fera-office-de-pape-par-interim-21-04-2025-5L2N5XXX5VDITJPCAITE5OU7QQ.php\" rel=\"nofollow noopener\" target=\"_blank\">l\u2019Am\u00e9ricain Kevin Farrell,<\/a> qui g\u00e8re les affaires courantes jusqu\u2019<a href=\"https:\/\/www.leparisien.fr\/societe\/religions\/mort-du-pape-francois-voici-les-cinq-cardinaux-francais-qui-participeront-au-conclave-21-04-2025-76FINQE73FEJ5DJQYINTVXBFBA.php\" rel=\"nofollow noopener\" target=\"_blank\">au conclave<\/a>.<\/p>\n<p>Inhumation \u00e0 la basilique Sainte-Marie Majeure<\/p>\n<p class=\"paragraph text_align_left\">\u00c0 l\u2019issue de la c\u00e9r\u00e9monie, le cercueil sera transport\u00e9 (en voiture) \u00e0 la basilique Sainte-Marie Majeure, dans le centre de Rome. \u00ab Le trajet devrait durer entre 30 et 40 minutes \u00bb, estime Matteo Bruni, directeur de la salle de presse du Vatican, et le v\u00e9hicule transportant le corps du pape roulera \u00e0 une vitesse d\u2019environ 10 km\/h\u2026 en fonction du monde mass\u00e9 sur la route.<\/p>\n<p><img decoding=\"async\" class=\"image \" loading=\"lazy\" src=\"https:\/\/www.europesays.com\/fr\/wp-content\/uploads\/2025\/04\/3GGM32QBLJE55EVE6KQMWDELC4.jpg\" alt=\"\" align=\"\" data-rubrique-principale=\"\" data-article-type=\"\" fetchpriority=\"auto\"\/><\/p>\n<p class=\"paragraph text_align_left\">Parmi eux, Ernesto et Diego, venus d\u2019Espagne et crois\u00e9s sur la place Saint-Pierre. \u00ab Je n\u2019ai pas pu entrer pour voir son corps. Il y aura trop de monde ici pour la messe, alors je pr\u00e9f\u00e8re tenter ma chance sur la route ! M\u00eame si je ne vois que la voiture, c\u2019est juste pour lui dire au revoir. \u00bb<\/p>\n<p class=\"paragraph text_align_left\">Pourquoi cette \u00e9glise plut\u00f4t que la crypte situ\u00e9e sous la basilique Saint-Pierre, o\u00f9 reposent la plupart des pr\u00e9d\u00e9cesseurs de Jorge Bergoglio, \u00e0 commencer par Jean-Paul II et Beno\u00eet XVI ? \u00ab Je souhaite que mon dernier voyage terrestre se termine dans ce tr\u00e8s ancien sanctuaire marial, <a href=\"https:\/\/www.leparisien.fr\/societe\/religions\/il-venait-souvent-y-prier-dans-les-secrets-de-la-basilique-sainte-marie-majeure-ou-le-pape-sera-inhume-23-04-2025-QNKGHTBZC5HKDC6CC23LTIT2XA.php\" target=\"_blank\" rel=\"nofollow noopener\">o\u00f9 j\u2019avais l\u2019habitude de me rendre pour prier \u00bb,<\/a> avait-il \u00e9crit dans ses derni\u00e8res volont\u00e9s.<\/p>\n<p class=\"paragraph text_align_left\">Une \u00e9glise, consid\u00e9r\u00e9e comme l\u2019un des quatre \u00e9difices majeurs de Rome, que Fran\u00e7ois avait \u00e9galement pris l\u2019habitude de visiter avant et apr\u00e8s chacun des 47 voyages apostoliques effectu\u00e9s en douze ans de pontificat. Selon un pr\u00e9lat que nous avons rencontr\u00e9 sur place, Fran\u00e7ois serait venu ici \u00ab plus de cent fois \u00bb.<\/p>\n<p class=\"paragraph text_align_left\">Ainsi, selon son testament rendu public lundi, il sera donc inhum\u00e9 dans une tombe \u00ab en terre, simple, sans d\u00e9coration particuli\u00e8re \u00bb, sur un c\u00f4t\u00e9 de la nef, avec pour seule inscription son nom en latin : \u00ab Franciscus \u00bb. L\u2019endroit, d\u00e9j\u00e0 touristique, devrait devenir un haut lieu de p\u00e8lerinage, anticipent plusieurs vaticanistes. Le Saint-Si\u00e8ge a d\u2019ailleurs insist\u00e9 : dimanche, d\u00e8s la fin des \u00ab op\u00e9rations li\u00e9es \u00e0 l\u2019inhumation \u00bb, Sainte-Marie Majeure \u2013 d\u00e9j\u00e0 assaillie de visiteurs jusqu\u2019\u00e0 sa fermeture juste avant l\u2019\u00e9v\u00e9nement \u2013 <a href=\"https:\/\/www.leparisien.fr\/societe\/religions\/la-tombe-du-pape-francois-sera-accessible-au-public-des-dimanche-matin-24-04-2025-LNIAGDLLXZGQXF6LNJRSH7PW4M.php\" target=\"_blank\" rel=\"nofollow noopener\">rouvrira au public.<\/a><\/p>\n<p><img decoding=\"async\" class=\"image \" loading=\"lazy\" src=\"https:\/\/www.europesays.com\/fr\/wp-content\/uploads\/2025\/04\/3AGTVZA345DNLHJDTPI2DYJSC4.jpg\" alt=\"\" align=\"\" data-rubrique-principale=\"\" data-article-type=\"\" fetchpriority=\"auto\"\/>Les invit\u00e9s : cinquante chefs d\u2019\u00c9tat, dix monarques<\/p>\n<p class=\"paragraph text_align_left\">Outre les quelque 200 000 fid\u00e8les attendus, selon la Protection civile italienne, <a href=\"https:\/\/www.leparisien.fr\/international\/macron-zelensky-trump-qui-va-se-rendre-aux-obseques-du-pape-francois-22-04-2025-SJOWTZQQFRACVKHXT7PR3OF64U.php\" target=\"_blank\" rel=\"nofollow noopener\">50 chefs d\u2019\u00c9tat \u00e9lus et dix souverains ont confirm\u00e9 leur pr\u00e9sence<\/a>. \u00ab \u00c0 ce stade, 130 d\u00e9l\u00e9gations (\u00e9trang\u00e8res) sont confirm\u00e9es pour les fun\u00e9railles du pape Fran\u00e7ois \u00bb, a aussi pr\u00e9cis\u00e9 le Vatican. \u00c0 titre de comparaison, les fun\u00e9railles de Jean-Paul II, l\u2019autre \u00ab pape star \u00bb de l\u2019\u00e9poque r\u00e9cente, avaient attir\u00e9 quinze rois et reines, 44 pr\u00e9sidents et 25 Premiers ministres, tandis qu\u2019un million de personnes s\u2019\u00e9taient mass\u00e9es autour de la basilique pour tenter de participer \u00e0 la c\u00e9r\u00e9monie.<\/p>\n<p class=\"paragraph text_align_left\">Parmi ceux qui seront pr\u00e9sents pour Fran\u00e7ois : le pr\u00e9sident am\u00e9ricain Donald Trump et sa femme Melania, les premiers \u00e0 avoir pr\u00e9venu de leur pr\u00e9sence, d\u00e8s lundi soir, le R\u00e9publicain se disant m\u00eame \u00ab impatient \u00bb d\u2019y assister, sur son r\u00e9seau social Truth. Son homologue fran\u00e7ais Emmanuel Macron, accompagn\u00e9 de son \u00e9pouse Brigitte sont d\u00e9j\u00e0 sur place, tandis que le dirigeant br\u00e9silien Lula ou l\u2019argentin Javier Milei, tout comme le secr\u00e9taire g\u00e9n\u00e9ral de l\u2019ONU Antonio Guterres, seront de la partie. Quant au pr\u00e9sident ukrainien, Volodymyr Zelensky, il a finalement annonc\u00e9 vendredi soir qu\u2019il n\u2019\u00e9tait pas certain d\u2019\u00ab avoir le temps \u00bb de se rendre \u00e0 Rome.<\/p>\n<p class=\"paragraph text_align_left\">Au rayon des t\u00eates couronn\u00e9es : le roi Felipe VI et la reine Letizia d\u2019Espagne, le prince William, qui repr\u00e9sentera son p\u00e8re, le roi Charles III d\u2019Angleterre, ainsi qu\u2019Albert II de Monaco et son \u00e9pouse Charl\u00e8ne.<\/p>\n","protected":false},"excerpt":{"rendered":"D\u2019immenses \u00e9chafaudages ont \u00e9t\u00e9 dress\u00e9s face \u00e0 la basilique Saint-Pierre, sur lesquels des dizaines de cam\u00e9ras ont pris&hellip;\n","protected":false},"author":2,"featured_media":52985,"comment_status":"","ping_status":"","sticky":false,"template":"","format":"standard","meta":{"footnotes":""},"categories":[2],"tags":[11,1011,27,14,12,11725,25,104],"class_list":{"0":"post-52984","1":"post","2":"type-post","3":"status-publish","4":"format-standard","5":"has-post-thumbnail","7":"category-actualites","8":"tag-actualites","9":"tag-fr","10":"tag-france","11":"tag-international","12":"tag-news","13":"tag-religions","14":"tag-republique-francaise","15":"tag-societe"},"share_on_mastodon":{"url":"https:\/\/pubeurope.com\/@fr\/114401268526462043","error":""},"_links":{"self":[{"href":"https:\/\/www.europesays.com\/fr\/wp-json\/wp\/v2\/posts\/52984","targetHints":{"allow":["GET"]}}],"collection":[{"href":"https:\/\/www.europesays.com\/fr\/wp-json\/wp\/v2\/posts"}],"about":[{"href":"https:\/\/www.europesays.com\/fr\/wp-json\/wp\/v2\/types\/post"}],"author":[{"embeddable":true,"href":"https:\/\/www.europesays.com\/fr\/wp-json\/wp\/v2\/users\/2"}],"replies":[{"embeddable":true,"href":"https:\/\/www.europesays.com\/fr\/wp-json\/wp\/v2\/comments?post=52984"}],"version-history":[{"count":0,"href":"https:\/\/www.europesays.com\/fr\/wp-json\/wp\/v2\/posts\/52984\/revisions"}],"wp:featuredmedia":[{"embeddable":true,"href":"https:\/\/www.europesays.com\/fr\/wp-json\/wp\/v2\/media\/52985"}],"wp:attachment":[{"href":"https:\/\/www.europesays.com\/fr\/wp-json\/wp\/v2\/media?parent=52984"}],"wp:term":[{"taxonomy":"category","embeddable":true,"href":"https:\/\/www.europesays.com\/fr\/wp-json\/wp\/v2\/categories?post=52984"},{"taxonomy":"post_tag","embeddable":true,"href":"https:\/\/www.europesays.com\/fr\/wp-json\/wp\/v2\/tags?post=52984"}],"curies":[{"name":"wp","href":"https:\/\/api.w.org\/{rel}","templated":true}]}}