{"id":529845,"date":"2025-11-12T21:17:20","date_gmt":"2025-11-12T21:17:20","guid":{"rendered":"https:\/\/www.europesays.com\/fr\/529845\/"},"modified":"2025-11-12T21:17:20","modified_gmt":"2025-11-12T21:17:20","slug":"tendances-deco-2026-adieu-le-beige-et-la-fausse-mediterranee","status":"publish","type":"post","link":"https:\/\/www.europesays.com\/fr\/529845\/","title":{"rendered":"Tendances d\u00e9co 2026 : adieu le beige et la \u00ab fausse M\u00e9diterran\u00e9e \u00bb"},"content":{"rendered":"<p><strong>8 architectes d\u2019int\u00e9rieurs pr\u00e9disent les tendances d\u00e9co 2026<\/strong><\/p>\n<p>Il y a \u00e0 peine dix ans, le gris \u00e9tait le nouveau <a href=\"https:\/\/www.admagazine.fr\/galerie\/inspirations-chambre-blanche\" target=\"_blank\" rel=\"noopener\">blanc<\/a>. Puis est venue la mode du beige et des tons neutres, la tendance \u00ab chic m\u00e9diterran\u00e9en \u00bb et, avec elle, des espaces uniformes o\u00f9 l\u2019authenticit\u00e9 brillait par son absence. Aujourd\u2019hui, une nouvelle g\u00e9n\u00e9ration d\u2019architectes d\u2019int\u00e9rieur commence \u00e0 dessiner les contours de ce qu\u2019elle ne veut plus reproduire. Dans leurs discours, on per\u00e7oit non seulement des choix de couleurs ou de mat\u00e9riaux, mais aussi une nouvelle mani\u00e8re de concevoir l\u2019espace : plus critique, plus personnelle et plus consciente.<\/p>\n<p>En 2026, certaines tendances d\u00e9co seront \u00e9cart\u00e9es parce qu\u2019elles para\u00eetront \u00e9videntes, <a href=\"https:\/\/www.admagazine.fr\/article\/plans-maison-evoluent-espaces-ouverts\" target=\"_blank\" rel=\"noopener\">d\u00e9pass\u00e9es<\/a> ou carr\u00e9ment absurdes. Et cette liste n\u2019est pas dict\u00e9e par des algorithmes froids ni par des rapports de tendances d\u2019origine douteuse, mais par la voix de ceux qui travaillent chaque jour avec des clients, des espaces et des mat\u00e9riaux. Huit professionnels nationaux y expriment ce qu\u2019ils refusent d\u00e9sormais de reproduire. Le r\u00e9sultat : un catalogue de \u00ab non \u00bb qui, en r\u00e9alit\u00e9, ouvre la voie \u00e0 des formes de conception plus libres, plus expressives et plus sinc\u00e8res.<\/p>\n<p><img decoding=\"async\" alt=\"10 conseils pour un intrieur color sans faute de go\u00fbt\" loading=\"lazy\" class=\"ResponsiveImageContainer-eNxvmU cfBbTk responsive-image__image\"   src=\"https:\/\/www.europesays.com\/fr\/wp-content\/uploads\/2025\/11\/CASA_COCTEL_DE_COLOR_SIGFRIDO_SERRA_VALENCIA_INTERIORISMO_DISEN%CC%83O_ARQUITECTURA_STUDIO_INTERIOR_.jpeg\"\/><\/p>\n<p>Portrait de Sigfrido Serra.<\/p>\n<p>\u00a9 Nuel Puig1. Sigfrido Serra : adieu au blanc cass\u00e9<\/p>\n<p>\u00c0 <a href=\"https:\/\/www.admagazine.fr\/galerie\/refuge-minimaliste-chaleureux-valence\" target=\"_blank\" rel=\"noopener\">Valence<\/a>, Sigfrido Serra travaille depuis des ann\u00e9es avec un objectif clair : faire de chaque espace une v\u00e9ritable exp\u00e9rience pour ceux qui l\u2019habitent. Ses projets reposent sur la cr\u00e9ativit\u00e9, l\u2019harmonie et un sens du risque ma\u00eetris\u00e9. Sa prise de position ne surprend donc pas : \u00ab En 2026, je ne dirai plus oui \u00e0 la peinture d\u2019un mur en \u201cblanc cass\u00e9\u201d, car au final, ce n\u2019est jamais ni blanc ni cass\u00e9, et nous finissons par nous perdre dans des d\u00e9bats sans fin sur les codes couleur. \u00bb L\u2019architecte d\u2019int\u00e9rieur revendique l\u2019audace chromatique : \u00ab Je pr\u00e9f\u00e8re prendre des risques avec des <a href=\"https:\/\/www.admagazine.fr\/article\/silhouette-couleur-annee-2026-benjamin-moore\" target=\"_blank\" rel=\"noopener\">couleurs<\/a> qui ont de la personnalit\u00e9 et qui racontent vraiment une histoire dans l\u2019espace. \u00bb Le consensus autour de la neutralit\u00e9, dit-il, ne m\u00e8ne qu\u2019\u00e0 l\u2019ennui.<\/p>\n","protected":false},"excerpt":{"rendered":"8 architectes d\u2019int\u00e9rieurs pr\u00e9disent les tendances d\u00e9co 2026 Il y a \u00e0 peine dix ans, le gris \u00e9tait&hellip;\n","protected":false},"author":2,"featured_media":529846,"comment_status":"","ping_status":"","sticky":false,"template":"","format":"standard","meta":{"footnotes":""},"categories":[1358],"tags":[1348,1384,1385,1386,58,59,1011,27,19246],"class_list":{"0":"post-529845","1":"post","2":"type-post","3":"status-publish","4":"format-standard","5":"has-post-thumbnail","7":"category-arts-et-design","8":"tag-arts","9":"tag-arts-and-design","10":"tag-arts-et-design","11":"tag-design","12":"tag-divertissement","13":"tag-entertainment","14":"tag-fr","15":"tag-france","16":"tag-tendances-dinterieur"},"share_on_mastodon":{"url":"https:\/\/pubeurope.com\/@fr\/115538811541289898","error":""},"_links":{"self":[{"href":"https:\/\/www.europesays.com\/fr\/wp-json\/wp\/v2\/posts\/529845","targetHints":{"allow":["GET"]}}],"collection":[{"href":"https:\/\/www.europesays.com\/fr\/wp-json\/wp\/v2\/posts"}],"about":[{"href":"https:\/\/www.europesays.com\/fr\/wp-json\/wp\/v2\/types\/post"}],"author":[{"embeddable":true,"href":"https:\/\/www.europesays.com\/fr\/wp-json\/wp\/v2\/users\/2"}],"replies":[{"embeddable":true,"href":"https:\/\/www.europesays.com\/fr\/wp-json\/wp\/v2\/comments?post=529845"}],"version-history":[{"count":0,"href":"https:\/\/www.europesays.com\/fr\/wp-json\/wp\/v2\/posts\/529845\/revisions"}],"wp:featuredmedia":[{"embeddable":true,"href":"https:\/\/www.europesays.com\/fr\/wp-json\/wp\/v2\/media\/529846"}],"wp:attachment":[{"href":"https:\/\/www.europesays.com\/fr\/wp-json\/wp\/v2\/media?parent=529845"}],"wp:term":[{"taxonomy":"category","embeddable":true,"href":"https:\/\/www.europesays.com\/fr\/wp-json\/wp\/v2\/categories?post=529845"},{"taxonomy":"post_tag","embeddable":true,"href":"https:\/\/www.europesays.com\/fr\/wp-json\/wp\/v2\/tags?post=529845"}],"curies":[{"name":"wp","href":"https:\/\/api.w.org\/{rel}","templated":true}]}}