{"id":529847,"date":"2025-11-12T21:19:22","date_gmt":"2025-11-12T21:19:22","guid":{"rendered":"https:\/\/www.europesays.com\/fr\/529847\/"},"modified":"2025-11-12T21:19:22","modified_gmt":"2025-11-12T21:19:22","slug":"cyril-hanouna-rend-un-service-a-jean-michel-maire-dans-tout-beau-tout-neuf-et-devoile-un-message-de-son-ex-chroniqueur","status":"publish","type":"post","link":"https:\/\/www.europesays.com\/fr\/529847\/","title":{"rendered":"Cyril Hanouna rend un service \u00e0 Jean-Michel Maire dans Tout beau, tout neuf et d\u00e9voile un message de son ex-chroniqueur"},"content":{"rendered":"<p>Ce mercredi 12 novembre, Cyril Hanouna a donn\u00e9 des nouvelles de Jean-Michel Maire dans Tout beau, tout neuf sur W9. Il a rendu un service \u00e0 son ancien chroniqueur et l&rsquo;a imm\u00e9diatement regrett\u00e9.<\/p>\n<p>Le 1er septembre dernier, Cyril Hanouna a pris les commandes d&rsquo;une nouvelle \u00e9mission sur W9. La plupart des chroniqueurs de Touche pas \u00e0 mon poste \u00e9taient au rendez-vous pour le lancement de Tout beau, tout neuf mais un visage embl\u00e9matique du talk-show manquait \u00e0 l&rsquo;appel. <a href=\"https:\/\/www.programme-tv.net\/news\/people\/386681-petit-coup-de-blues-jean-michel-maire-absent-de-tout-beau-tout-neuf-il-adresse-un-message-a-cyril-hanouna\/\" data-api-deeplink=\"teleloisirs:\/\/news\/386681\" target=\"_blank\" rel=\"noopener\">Jean-Michel Maire a d\u00e9cid\u00e9 de s&rsquo;exiler en Tha\u00eflande<\/a>. Dans TBT9 ce mercredi 12 novembre, Cyril Hanouna a donn\u00e9 des nouvelles de <a href=\"https:\/\/www.programme-tv.net\/news\/tv\/373282-elle-vous-plait-cyril-hanouna-balance-le-nom-de-cette-chroniqueuse-pour-qui-jean-michel-maire-en-pince-dans-tpmp\/\" data-api-deeplink=\"teleloisirs:\/\/news\/373282\" target=\"_blank\" rel=\"noopener\">son ancien chroniqueur<\/a>. \u00ab\u00a0<b>On a des nouvelles de Jean-Michel Maire. Il vit d\u00e9sormais en Tha\u00eflande<\/b>, il nous a donn\u00e9 des nouvelles de la m\u00e9t\u00e9o, regardez\u00a0\u00bb, a-t-il d\u00e9clar\u00e9 avant de d\u00e9voiler des images de Jean-Michel Maire qui \u00e9voque le<b> <\/b>\u00ab\u00a0temps d\u00e9gueulasse\u00a0\u00bb<b> <\/b>en Tha\u00eflande. \u00ab\u00a0Il s&rsquo;est reconverti dans la m\u00e9t\u00e9o, lui ? Non mais sans d\u00e9conner, c&rsquo;est \u00e7a la vid\u00e9o ?\u00a0\u00bb, s&rsquo;est \u00e9tonn\u00e9 l&rsquo;animateur avant d&rsquo;expliquer la situation.<\/p>\n<p>                        Tout beau, tout neuf : Cyril Hanouna donne des nouvelles de Jean-Michel Maire<\/p>\n<p>Surpris par les images d\u00e9voil\u00e9es dans <a href=\"https:\/\/www.programme-tv.net\/news\/tv\/391832-un-point-commun-qu-il-a-avec-laurent-ruquier-christine-bravo-confirme-son-arrivee-dans-tout-beau-tout-neuf-et-fait-des-confidences-sur-cyril-hanouna\/\" data-api-deeplink=\"teleloisirs:\/\/news\/391832\" target=\"_blank\" rel=\"noopener\">Tout beau, tout neuf<\/a>, Cyril Hanouna a r\u00e9v\u00e9l\u00e9 avoir accept\u00e9 de rendre un service \u00e0 Jean-Michel Maire. \u00ab\u00a0<b>Je vous dis la v\u00e9rit\u00e9, je n&rsquo;avais pas regard\u00e9 la vid\u00e9o et l\u00e0, je suis en train de regretter. J&rsquo;adore Jean-Mi, c&rsquo;est mon ami, je l&rsquo;aime mais la vid\u00e9o est \u00e9clat\u00e9e au sous-sol.<\/b> J&rsquo;ai jamais vu une vid\u00e9o aussi \u00e9clat\u00e9e. Sans d\u00e9conner\u00a0\u00bb, a-t-il avou\u00e9 avant de lire un message de son ancien chroniqueur. \u00ab\u00a0Coucou mon ch\u00e9ri, \u00e7a fait longtemps. Bravo pour tes audiences, m\u00eame si j&rsquo;avais peu d&rsquo;inqui\u00e9tude \u00e0 ce sujet. Ce qui m&rsquo;am\u00e8ne, je vais lancer \u00e0 partir de lundi une s\u00e9rie de vid\u00e9os en collaboration avec un mec d&rsquo;ici qui cartonne sur les r\u00e9seaux. Objectif, faire croire que j&rsquo;encha\u00eene les m\u00e9tiers ici en Tha\u00eflande\u00a0\u00bb, a \u00e9crit Jean-Michel Maire avant de demander une faveur \u00e0 l&rsquo;animateur : \u00ab\u00a0\u00c0 1 minute 20 tu verras que tu restes dans mon c\u0153ur, ma question est donc, veux-tu que je te donne l&rsquo;exclu et qu&rsquo;on ne poste la vid\u00e9o qu&rsquo;une fois que tu en auras pass\u00e9 un extrait ? Sinon \u00e7a me donnerait de la force que tu la fasses suivre sur tes r\u00e9seaux. Je t&rsquo;aime.\u00a0\u00bb<\/p>\n<p>            Cyril Hanouna adresse un message \u00e0 Jean-Michel Maire dans Tout beau, tout neuf<\/p>\n<p>Apr\u00e8s ces r\u00e9v\u00e9lations, Cyril Hanouna a adress\u00e9 un message \u00e0 Jean-Michel Maire. \u00ab\u00a0Ils se sont tromp\u00e9s sur la vid\u00e9o donc demain je la passerai. Voil\u00e0 mon ch\u00e9ri, peut-\u00eatre tout \u00e0 l&rsquo;heure. D&rsquo;accord ?\u00a0\u00bb, a-t-il promis avant de plaisanter : \u00ab\u00a0Si tu nous regardes en Tha\u00eflande, n&rsquo;h\u00e9site pas \u00e0 nous donner des infos sur les cumulonimbus et autres nuages, bien entendu, on est tout ou\u00efe !<\/p>\n","protected":false},"excerpt":{"rendered":"Ce mercredi 12 novembre, Cyril Hanouna a donn\u00e9 des nouvelles de Jean-Michel Maire dans Tout beau, tout neuf&hellip;\n","protected":false},"author":2,"featured_media":529848,"comment_status":"","ping_status":"","sticky":false,"template":"","format":"standard","meta":{"footnotes":""},"categories":[1356],"tags":[244,1083,58,59,1011,27,37300,252,22497,49534,1364,2395,1630],"class_list":{"0":"post-529847","1":"post","2":"type-post","3":"status-publish","4":"format-standard","5":"has-post-thumbnail","7":"category-television","8":"tag-commentaire","9":"tag-cyril-hanouna","10":"tag-divertissement","11":"tag-entertainment","12":"tag-fr","13":"tag-france","14":"tag-jean-michel-maire","15":"tag-television","16":"tag-tout-beau","17":"tag-tout-n9uf","18":"tag-tv","19":"tag-w9","20":"tag-zapping"},"share_on_mastodon":{"url":"https:\/\/pubeurope.com\/@fr\/115538818839811645","error":""},"_links":{"self":[{"href":"https:\/\/www.europesays.com\/fr\/wp-json\/wp\/v2\/posts\/529847","targetHints":{"allow":["GET"]}}],"collection":[{"href":"https:\/\/www.europesays.com\/fr\/wp-json\/wp\/v2\/posts"}],"about":[{"href":"https:\/\/www.europesays.com\/fr\/wp-json\/wp\/v2\/types\/post"}],"author":[{"embeddable":true,"href":"https:\/\/www.europesays.com\/fr\/wp-json\/wp\/v2\/users\/2"}],"replies":[{"embeddable":true,"href":"https:\/\/www.europesays.com\/fr\/wp-json\/wp\/v2\/comments?post=529847"}],"version-history":[{"count":0,"href":"https:\/\/www.europesays.com\/fr\/wp-json\/wp\/v2\/posts\/529847\/revisions"}],"wp:featuredmedia":[{"embeddable":true,"href":"https:\/\/www.europesays.com\/fr\/wp-json\/wp\/v2\/media\/529848"}],"wp:attachment":[{"href":"https:\/\/www.europesays.com\/fr\/wp-json\/wp\/v2\/media?parent=529847"}],"wp:term":[{"taxonomy":"category","embeddable":true,"href":"https:\/\/www.europesays.com\/fr\/wp-json\/wp\/v2\/categories?post=529847"},{"taxonomy":"post_tag","embeddable":true,"href":"https:\/\/www.europesays.com\/fr\/wp-json\/wp\/v2\/tags?post=529847"}],"curies":[{"name":"wp","href":"https:\/\/api.w.org\/{rel}","templated":true}]}}