{"id":529851,"date":"2025-11-12T21:21:16","date_gmt":"2025-11-12T21:21:16","guid":{"rendered":"https:\/\/www.europesays.com\/fr\/529851\/"},"modified":"2025-11-12T21:21:16","modified_gmt":"2025-11-12T21:21:16","slug":"encore-un-autre-film-mais-avec-une-actrice-que-personne-na-vue-venir","status":"publish","type":"post","link":"https:\/\/www.europesays.com\/fr\/529851\/","title":{"rendered":"encore un autre film, mais avec une actrice que personne n&rsquo;a vue venir"},"content":{"rendered":"<p><strong>Alice au pays des merveilles, le classique multi-adapt\u00e9 de <a href=\"https:\/\/www.ecranlarge.com\/personnalite\/722063-lewis-carroll\" data-type=\"people\" data-id=\"366368\" rel=\"nofollow noopener\" target=\"_blank\">Lewis Carroll<\/a>, va revenir au cin\u00e9ma. Mais pas chez Disney et avec un casting surprenant<\/strong>.<\/p>\n<p><strong>Les Aventures d\u2019Alice au pays des merveilles<\/strong> de Lewis Carroll fut publi\u00e9 en 1865 au Royaume-Uni. Depuis, c\u2019est peu de dire que <strong>l\u2019histoire et les personnages du roman ont fait flor\u00e8s dans l\u2019imaginaire collectif<\/strong>. Suites, chansons, ballets, illustrations : prenez \u00e0 peu pr\u00e8s n\u2019importe quel domaine artistique ou mercantile, une reprise du classique y a sans doute \u00e9t\u00e9 op\u00e9r\u00e9e. Bien s\u00fbr, le cin\u00e9ma n\u2019est pas en reste. La page Wikip\u00e9dia \u00ab\u00a0Films tir\u00e9s d\u2019Alice au pays des merveilles\u00a0\u00bb r\u00e9pertorie pas moins de 21 \u0153uvres (dont un porno et un Pok\u00e9mon) et la liste n\u2019est peut-\u00eatre pas exhaustive. <\/p>\n<p>                    <img decoding=\"async\" alt=\"\" class=\"wp-image-518375\" style=\"object-fit:cover;width:25px;height:25px\" src=\"https:\/\/www.ecranlarge.com\/content\/uploads\/2023\/09\/arrow-right-circle.svg\"\/><\/p>\n<p>Aujourd\u2019hui, l\u2019univers d\u2019Alice est surtout affili\u00e9 \u00e0 celui de Disney. Le film d\u2019animation de 1951 est toujours culte et deux longs-m\u00e9trages r\u00e9cents ont relanc\u00e9 la machine : l\u2019adaptation de Tim Burton en 2010 (plus d\u2019un milliard de dollars au box-office mondial pour un budget entre 150 et 200 millions) et sa suite, qui fut un gros loup\u00e9 (300 millions au box-office pour un budget de 170). L\u2019\u00e9chec de 2016 semble avoir refroidi les studios puisqu\u2019aucune grosse adaptation hollywoodienne n\u2019a vu le jour depuis. Les choses s\u2019appr\u00eatent \u00e0 changer. Universal va mettre en chantier une nouvelle adaptation avec une grosse star du moment.<\/p>\n<p><a href=\"https:\/\/www.ecranlarge.com\/content\/uploads\/2020\/10\/alice-photo-1353143.jpg\" rel=\"nofollow noopener\" target=\"_blank\"><img loading=\"lazy\" decoding=\"async\" alt=\"Alice : photo\" class=\"wp-image-222633\" style=\"width:1024px;height:auto\" src=\"https:\/\/www.europesays.com\/fr\/wp-content\/uploads\/2025\/11\/alice-photo-1353143-630x503.jpg\" width=\"630\" height=\"503\"  \/><\/a>Alice, de Jan \u0160vankmajer, peut-\u00eatre la meilleure adaptation \u00e0 ce jour du roman de CarrollUN LAPIN HIGH ON CAF\u00c9INE<\/p>\n<p>Selon The Hollywood Reporter, <a href=\"https:\/\/www.ecranlarge.com\/personnalite\/823286-sabrina-carpenter\" data-type=\"people\" data-id=\"456253\" rel=\"nofollow noopener\" target=\"_blank\">Sabrina Carpenter<\/a>, devenue superstar en un clin d\u2019\u0153il en 2024 gr\u00e2ce \u00e0 son tube Espresso,<strong> <\/strong>devrait produire et jouer dans <a href=\"https:\/\/www.ecranlarge.com\/films\/untitled-alice-in-wonderland-musical\" data-type=\"link\" data-id=\"https:\/\/www.ecranlarge.com\/films\/untitled-alice-in-wonderland-musical\" rel=\"nofollow noopener\" target=\"_blank\">ce projet <strong>Alice <\/strong>encore sans titre<\/a>. Il s\u2019agira d\u2019une com\u00e9die musicale adapt\u00e9e de l\u2019univers de Lewis Carroll. <a href=\"https:\/\/www.ecranlarge.com\/personnalite\/717303-lorene-scafaria\" data-type=\"people\" data-id=\"362554\" rel=\"nofollow noopener\" target=\"_blank\">Lorene Scafaria<\/a> (<strong>Queens <\/strong>avec Jennifer Lopez) \u00e9crira et r\u00e9alisera le long-m\u00e9trage.<\/p>\n<p>Si nous ne sommes pas encore s\u00fbrs du r\u00f4le que jouera Carpenter, <strong>on peut tr\u00e8s vraisemblablement penser qu\u2019elle incarnera l\u2019h\u00e9ro\u00efne blonde<\/strong>. Toujours selon The Hollywood Reporter, la chanteuse aurait elle-m\u00eame propos\u00e9 le projet \u00e0 Universal, il y a environ un an, lookbook et id\u00e9es sp\u00e9cifiques \u00e0 l\u2019appui. Le studio, conquis, serait ensuite all\u00e9 chercher les talents susmentionn\u00e9s.<\/p>\n<p><a href=\"https:\/\/www.ecranlarge.com\/content\/uploads\/2018\/10\/the-hate-u-give-photo-amandla-stenberg-1039532.jpg\" rel=\"nofollow noopener\" target=\"_blank\"><img loading=\"lazy\" decoding=\"async\" alt=\"The Hate U Give : photo, Amandla Stenberg\" class=\"wp-image-51939\" src=\"https:\/\/www.europesays.com\/fr\/wp-content\/uploads\/2025\/11\/the-hate-u-give-photo-amandla-stenberg-1039532-630x420.jpg\" width=\"630\" height=\"420\"  \/><\/a>Carpenter \u00e0 droite, dans The Hate U Give<\/p>\n<p>Si Sabrina Carpenter est d\u00e9sormais connue pour son statut de chanteuse au succ\u00e8s plan\u00e9taire, elle a aussi une carri\u00e8re de com\u00e9dienne, commenc\u00e9e d\u00e8s 2011 dans un \u00e9pisode de <strong>New York, unit\u00e9 sp\u00e9ciale<\/strong>. On a surtout pu la voir au cin\u00e9ma dans <strong>The Hate U Give \u2013 La Haine qu\u2019on donne<\/strong>\u00a0et\u00a0<strong>Emergency <\/strong>ainsi que, toute jeune, dans la s\u00e9rie Disney Channel <strong>Le Monde de Riley <\/strong>et dans le film <strong>Horns<\/strong>.<\/p>\n<p><strong>Aucune date de sortie n\u2019est encore annonc\u00e9e pour le film musical qui devrait vraisemblablement se tourner en 2026<\/strong>. On esp\u00e8re des nouvelles bient\u00f4t, sur le reste du casting notamment. <\/p>\n","protected":false},"excerpt":{"rendered":"Alice au pays des merveilles, le classique multi-adapt\u00e9 de Lewis Carroll, va revenir au cin\u00e9ma. Mais pas chez&hellip;\n","protected":false},"author":2,"featured_media":529852,"comment_status":"","ping_status":"","sticky":false,"template":"","format":"standard","meta":{"footnotes":""},"categories":[1354],"tags":[58,59,1346,1011,27,1360],"class_list":{"0":"post-529851","1":"post","2":"type-post","3":"status-publish","4":"format-standard","5":"has-post-thumbnail","7":"category-films","8":"tag-divertissement","9":"tag-entertainment","10":"tag-films","11":"tag-fr","12":"tag-france","13":"tag-movies"},"share_on_mastodon":{"url":"https:\/\/pubeurope.com\/@fr\/115538827835392505","error":""},"_links":{"self":[{"href":"https:\/\/www.europesays.com\/fr\/wp-json\/wp\/v2\/posts\/529851","targetHints":{"allow":["GET"]}}],"collection":[{"href":"https:\/\/www.europesays.com\/fr\/wp-json\/wp\/v2\/posts"}],"about":[{"href":"https:\/\/www.europesays.com\/fr\/wp-json\/wp\/v2\/types\/post"}],"author":[{"embeddable":true,"href":"https:\/\/www.europesays.com\/fr\/wp-json\/wp\/v2\/users\/2"}],"replies":[{"embeddable":true,"href":"https:\/\/www.europesays.com\/fr\/wp-json\/wp\/v2\/comments?post=529851"}],"version-history":[{"count":0,"href":"https:\/\/www.europesays.com\/fr\/wp-json\/wp\/v2\/posts\/529851\/revisions"}],"wp:featuredmedia":[{"embeddable":true,"href":"https:\/\/www.europesays.com\/fr\/wp-json\/wp\/v2\/media\/529852"}],"wp:attachment":[{"href":"https:\/\/www.europesays.com\/fr\/wp-json\/wp\/v2\/media?parent=529851"}],"wp:term":[{"taxonomy":"category","embeddable":true,"href":"https:\/\/www.europesays.com\/fr\/wp-json\/wp\/v2\/categories?post=529851"},{"taxonomy":"post_tag","embeddable":true,"href":"https:\/\/www.europesays.com\/fr\/wp-json\/wp\/v2\/tags?post=529851"}],"curies":[{"name":"wp","href":"https:\/\/api.w.org\/{rel}","templated":true}]}}