{"id":529853,"date":"2025-11-12T21:22:11","date_gmt":"2025-11-12T21:22:11","guid":{"rendered":"https:\/\/www.europesays.com\/fr\/529853\/"},"modified":"2025-11-12T21:22:11","modified_gmt":"2025-11-12T21:22:11","slug":"et-si-le-secret-dune-meilleure-sante-tenait-en-60-secondes-de-mouvement","status":"publish","type":"post","link":"https:\/\/www.europesays.com\/fr\/529853\/","title":{"rendered":"Et si le secret d\u2019une meilleure sant\u00e9 tenait en\u2026 60 secondes de mouvement ?"},"content":{"rendered":"<p>Imaginez : et si une bonne sant\u00e9 ne tenait pas qu&rsquo;\u00e0 vos kilom\u00e8tres de footing ou \u00e0 des heures pass\u00e9es dans une salle de sport, mais surtout \u00e0 des pauses de 60 secondes gliss\u00e9es entre deux r\u00e9unions Zoom ou lors de la pause-caf\u00e9 ? Dans ce mois de novembre o\u00f9 la lumi\u00e8re d\u00e9cro\u00eet, la motivation s&rsquo;effiloche et le froid s&rsquo;installe, il devient parfois difficile de trouver l&rsquo;\u00e9lan pour bouger davantage. Pourtant, et si c&rsquo;\u00e9tait justement le moment id\u00e9al pour tout changer&#8230; en commen\u00e7ant par le plus petit geste ?<\/p>\n<p>Changer la donne en 60 secondes : pourquoi ces micro-pauses r\u00e9volutionnent notre quotidien<br \/>\n Les dangers insoup\u00e7onn\u00e9s de l&rsquo;immobilit\u00e9 au bureau<\/p>\n<p>Il suffit de regarder autour de soi : l&rsquo;automne enclenche une sorte d&rsquo;hibernation urbaine, chacun scotch\u00e9 \u00e0 son \u00e9cran, dos arrondi, \u00e9paules crisp\u00e9es. Rester assis plusieurs heures sans interruption tire notre \u00e9nergie vers le bas. <strong>L&rsquo;immobilit\u00e9 prolong\u00e9e entra\u00eene raideurs musculaires, perte de tonus, voire troubles circulatoires<\/strong>. M\u00eame sans douleurs apparentes, la s\u00e9dentarit\u00e9 s&rsquo;infiltre en douceur et creuse le sillon du manque d&rsquo;\u00e9nergie.<\/p>\n<p>Ce que disent les \u00e9tudes : mieux bouger, c&rsquo;est mieux vivre<\/p>\n<p>Pas besoin de faire le tour du p\u00e9riph\u00e9rique \u00e0 grandes foul\u00e9es pour am\u00e9liorer sa sant\u00e9. <strong>Ins\u00e9rer de courts moments de mouvement \u2014 aussi brefs que 60 secondes \u2014 dans sa journ\u00e9e permet de r\u00e9veiller la circulation, de r\u00e9activer muscles et articulations<\/strong>, et de limiter les effets d\u00e9l\u00e9t\u00e8res de l&rsquo;immobilit\u00e9. Les micro-pauses actives stimulent le moral, dynamisent la concentration et, sur la dur\u00e9e, contribuent \u00e0 une meilleure sant\u00e9 globale.<\/p>\n<p> Les b\u00e9n\u00e9fices imm\u00e9diats d&rsquo;un court mouvement r\u00e9gulier<\/p>\n<p>Cela peut sembler d\u00e9risoire&#8230; Pourtant, 60 petites secondes o\u00f9 l&rsquo;on s&rsquo;\u00e9tire, <a href=\"https:\/\/journaldesseniors.20minutes.fr\/sport\/7000-pas-par-jour-suffisent-ils-vraiment-a-ameliorer-votre-sante-ce-que-revele-la-plus-grande-analyse-scientifique-sur-la-marche-apres-50-ans\/\" target=\"_blank\" rel=\"noopener\">marche<\/a> ou active le haut du corps : la fatigue d\u00e9cro\u00eet, l&rsquo;esprit s&rsquo;oxyg\u00e8ne, la posture se redresse. <strong>On observe une <a href=\"https:\/\/journaldesseniors.20minutes.fr\/sport\/comment-sallonger-quelques-secondes-permet-de-sentir-si-votre-corps-a-vraiment-recupere-et-relacher-les-tensions-du-dos-des-ce-soir\/\" target=\"_blank\" rel=\"noopener\">r\u00e9duction rapide des tensions<\/a> dans le dos, la nuque et les \u00e9paules<\/strong>. Se lever, s&rsquo;\u00e9tirer, marcher ou mobiliser ses articulations, m\u00eame sur une dur\u00e9e infime, redonne de l&rsquo;allant \u2014 surtout lors des journ\u00e9es grises et courtes.<\/p>\n<p>Passer \u00e0 l&rsquo;action : comment transformer vos heures de travail avec des pauses actives<br \/>\n Identifier les bons moments et les bons gestes pour bouger<\/p>\n<p>Notre quotidien est morcel\u00e9 : e-mails, appels, visioconf\u00e9rences, r\u00e9daction de fichiers&#8230; Autant d&rsquo;occasions de rester clou\u00e9 \u00e0 son fauteuil. <strong>Mais chaque changement d&rsquo;activit\u00e9, d\u00e9but ou fin de r\u00e9union, ou simple pause-caf\u00e9 constitue le <a href=\"https:\/\/journaldesseniors.20minutes.fr\/sport\/prenez-vous-le-temps-de-bouger-entre-vos-activites-quotidiennes-votre-sante-en-depend\/\" target=\"_blank\" rel=\"noopener\">moment parfait<\/a> pour int\u00e9grer une micro-pause en mouvement<\/strong>. L&rsquo;objectif : 2 \u00e0 5 minutes toutes les heures, pour r\u00e9initialiser le corps et l&rsquo;esprit.<\/p>\n<p> 3 exemples de micro-mouvements \u00e0 adopter sans changer de tenue<\/p>\n<p>Voici trois mouvements \u00e0 installer d\u00e8s aujourd&rsquo;hui, en costume, jupe ou jean, sans jugement ni mat\u00e9riel particulier :<\/p>\n<ul>\n<li>\n    <strong>\u00c9tirement du corps entier<\/strong> : Levez-vous, bras vers le ciel, comme si vous vouliez toucher le plafond. Restez ainsi 10 secondes en inspirant profond\u00e9ment. Rel\u00e2chez.\n  <\/li>\n<li>\n    <strong>Marche sur place ou dans le couloir<\/strong> : Faites 60 pas dynamiques, en \u00e9levant l\u00e9g\u00e8rement les genoux, pour stimuler la circulation sanguine.\n  <\/li>\n<li>\n    <strong>Rotation du buste<\/strong> : Croisez les bras devant la poitrine ; tournez doucement l&rsquo;ensemble du buste \u00e0 droite puis \u00e0 gauche, pour mobiliser la colonne vert\u00e9brale et d\u00e9tendre le dos.\n  <\/li>\n<\/ul>\n<p>En une minute, la machine est relanc\u00e9e. <strong>Pas besoin d&rsquo;\u00eatre athl\u00e8te ou d&rsquo;adopter la position du lotus sur le tapis du salon !<\/strong><\/p>\n<p> Organiser sa journ\u00e9e pour ancrer ces nouveaux r\u00e9flexes<\/p>\n<p>Pour que le mouvement devienne un automatisme, le secret r\u00e9side dans la r\u00e9p\u00e9tition : <strong>programmer une alerte sur son t\u00e9l\u00e9phone, utiliser la fin d&rsquo;un chapitre de s\u00e9rie ou coupler la pause-caf\u00e9 avec un mini-rituel<\/strong>. Quelques semaines suffisent pour que l&rsquo;habitude s&rsquo;installe. D\u00e9cembre approche : plut\u00f4t que d&rsquo;affronter la grisaille, on se construit un nouveau r\u00e9flexe, minute apr\u00e8s minute.<\/p>\n<p>S&rsquo;engager sur la dur\u00e9e : astuces, encouragements et variantes pour bouger toujours plus<br \/>\n Oser varier les mouvements pour \u00e9viter la lassitude<\/p>\n<p>On conna\u00eet tous ce moment o\u00f9 la routine lasse. Bouger, oui, mais pas de fa\u00e7on monotone ! Alternez les gestes : un jour des \u00e9tirements, le lendemain des mont\u00e9es de genoux, puis des cercles d&rsquo;\u00e9paules ou m\u00eame \u2014 pourquoi pas \u2014 <strong>quelques squats devant la machine \u00e0 caf\u00e9<\/strong>. D\u00e9fiez-vous en inventant chaque semaine un nouveau \u00ab\u00a0micro-mouvement\u00a0\u00bb \u00e0 tester au bureau ou \u00e0 la maison.<\/p>\n<p>L&rsquo;avis du coach : comment rester motiv\u00e9 et obtenir des r\u00e9sultats<\/p>\n<p>La cl\u00e9, ce n&rsquo;est pas la performance, mais la r\u00e9gularit\u00e9 et l&rsquo;\u00e9coute de soi. Se f\u00e9liciter des progr\u00e8s, aussi modestes soient-ils ; s&rsquo;octroyer des rappels visuels (post-it, fond d&rsquo;\u00e9cran) pour s&rsquo;encourager ; <strong>inviter un coll\u00e8gue ou un proche \u00e0 se joindre \u00e0 ces pauses actives<\/strong> \u2014 tout est bon pour transformer l&rsquo;effort en plaisir partag\u00e9. Bouger ne doit jamais devenir une contrainte ou une source de stress : le corps sait s&rsquo;y adapter naturellement si le mouvement est progressif, vari\u00e9 et quotidien.<\/p>\n<p>Les points-cl\u00e9s \u00e0 retenir pour une sant\u00e9 boost\u00e9e, minute apr\u00e8s minute<\/p>\n<ul>\n<li><strong>La s\u00e9dentarit\u00e9 s&rsquo;installe vite, mais se d\u00e9loge facilement avec des pauses courtes et r\u00e9guli\u00e8res.<\/strong><\/li>\n<li>\n    <strong>2 \u00e0 5 minutes de mouvement chaque heure r\u00e9duisent la tension musculaire, stimulent la vigilance et pr\u00e9viennent la fatigue chronique<\/strong>.\n  <\/li>\n<li>\n    <strong>Rien n&rsquo;est trop petit : chaque minute compte pour la sant\u00e9 physique et mentale<\/strong>.\n  <\/li>\n<\/ul>\n<p>Alors que la saison froide incite \u00e0 l&rsquo;immobilit\u00e9, pourquoi ne pas miser sur ces courtes pauses en mouvement pour rester alerte, concentr\u00e9 et en forme ? Parfois, il suffit d&rsquo;une minute pour retrouver de l&rsquo;\u00e9lan et voir la journ\u00e9e sous un autre angle. <strong>La v\u00e9ritable victoire r\u00e9side dans la constance<\/strong> : \u00e0 chacun d&rsquo;ancrer ce r\u00e9flexe minute apr\u00e8s minute, sans attendre le retour des beaux jours !<\/p>\n","protected":false},"excerpt":{"rendered":"Imaginez : et si une bonne sant\u00e9 ne tenait pas qu&rsquo;\u00e0 vos kilom\u00e8tres de footing ou \u00e0 des&hellip;\n","protected":false},"author":2,"featured_media":529854,"comment_status":"","ping_status":"","sticky":false,"template":"","format":"standard","meta":{"footnotes":""},"categories":[10],"tags":[1011,27,72,56,71,517],"class_list":{"0":"post-529853","1":"post","2":"type-post","3":"status-publish","4":"format-standard","5":"has-post-thumbnail","7":"category-sante","8":"tag-fr","9":"tag-france","10":"tag-health","11":"tag-push","12":"tag-sante","13":"tag-sport"},"share_on_mastodon":{"url":"https:\/\/pubeurope.com\/@fr\/115538830652831856","error":""},"_links":{"self":[{"href":"https:\/\/www.europesays.com\/fr\/wp-json\/wp\/v2\/posts\/529853","targetHints":{"allow":["GET"]}}],"collection":[{"href":"https:\/\/www.europesays.com\/fr\/wp-json\/wp\/v2\/posts"}],"about":[{"href":"https:\/\/www.europesays.com\/fr\/wp-json\/wp\/v2\/types\/post"}],"author":[{"embeddable":true,"href":"https:\/\/www.europesays.com\/fr\/wp-json\/wp\/v2\/users\/2"}],"replies":[{"embeddable":true,"href":"https:\/\/www.europesays.com\/fr\/wp-json\/wp\/v2\/comments?post=529853"}],"version-history":[{"count":0,"href":"https:\/\/www.europesays.com\/fr\/wp-json\/wp\/v2\/posts\/529853\/revisions"}],"wp:featuredmedia":[{"embeddable":true,"href":"https:\/\/www.europesays.com\/fr\/wp-json\/wp\/v2\/media\/529854"}],"wp:attachment":[{"href":"https:\/\/www.europesays.com\/fr\/wp-json\/wp\/v2\/media?parent=529853"}],"wp:term":[{"taxonomy":"category","embeddable":true,"href":"https:\/\/www.europesays.com\/fr\/wp-json\/wp\/v2\/categories?post=529853"},{"taxonomy":"post_tag","embeddable":true,"href":"https:\/\/www.europesays.com\/fr\/wp-json\/wp\/v2\/tags?post=529853"}],"curies":[{"name":"wp","href":"https:\/\/api.w.org\/{rel}","templated":true}]}}