{"id":529861,"date":"2025-11-12T21:26:16","date_gmt":"2025-11-12T21:26:16","guid":{"rendered":"https:\/\/www.europesays.com\/fr\/529861\/"},"modified":"2025-11-12T21:26:16","modified_gmt":"2025-11-12T21:26:16","slug":"lepr-de-flamanville-va-sarreter-de-fonctionner-pendant-un-an-on-vous-explique-pourquoi","status":"publish","type":"post","link":"https:\/\/www.europesays.com\/fr\/529861\/","title":{"rendered":"L\u2019EPR de Flamanville va s\u2019arr\u00eater de fonctionner pendant un an : on vous explique pourquoi"},"content":{"rendered":"<p>                    Par<br \/>\n        <strong><br \/>\n            <a href=\"https:\/\/actu.fr\/auteur\/c-marchand\" title=\"Consulter tous les articles de Chrisma\u00ebl Marchand\" target=\"_blank\" rel=\"noopener\">Chrisma\u00ebl Marchand<\/a><br \/>\n                    <\/strong><\/p>\n<p>        Publi\u00e9 le<\/p>\n<p>            12 nov. 2025 \u00e0 19h12        <\/p>\n<p>C\u2019\u00e9tait annonc\u00e9 et programm\u00e9. Une fois la pleine puissance atteinte (NDLR\u2009: normalement d\u2019ici la fin de <b>l\u2019automne<\/b>, soit le 21\u00a0d\u00e9cembre) et v\u00e9ritablement d\u00e9marr\u00e9, l\u2019<a href=\"https:\/\/actu.fr\/tag\/epr-flamanville\" target=\"_blank\" rel=\"noopener\">EPR de Flamanville<\/a> (Manche) devra s\u2019arr\u00eater pour passer sa <b>premi\u00e8re visite compl\u00e8te <\/b>(VC1).<\/p>\n<p class=\" wall-content\">En <b>septembre\u00a02025<\/b>, dans un rapport de la <a href=\"https:\/\/www.cre.fr\/\" target=\"_blank\" rel=\"noopener\">CRE<\/a> (Commission de r\u00e9gulation de l\u2019\u00e9nergie), ce <b>calendrier<\/b> avait \u00e9t\u00e9 \u00e9voqu\u00e9 avec une VC1 pr\u00e9vue pour<b> juillet\u00a02026<\/b>.<\/p>\n<p class=\" wall-content\">Le <b>planning <\/b>va cependant glisser \u00e0 nouveau. Dans une <b>nouvelle communication<\/b>, <a href=\"https:\/\/www.edf.fr\/\" target=\"_blank\" rel=\"noopener\">EDF <\/a>annonce d\u00e9sormais le d\u00e9marrage de cette premi\u00e8re visite <b>pour le 26\u00a0septembre 2026<\/b>. Elle s\u2019\u00e9tendra sur pr\u00e8s d\u2019un an pour une <b>reconnexion <\/b>au <b>r\u00e9seau \u00e9lectrique<\/b> du r\u00e9acteur flamanvillais \u00e0 partir du <b>11\u00a0septembre 2027<\/b>.<\/p>\n<p>Plus de 2\u2009500\u00a0personnes concern\u00e9es par cette visite<\/p>\n<p class=\" wall-content\">Cette <b>intervention pour maintenance<\/b> et <b>rechargement du combustible<\/b> est un <b>passage oblig\u00e9 <\/b>et <b>r\u00e9glementaire<\/b>. Elle sera d\u2019ampleur. Elle durera 350 jours, comptera <b>20\u2009000 activit\u00e9s<\/b>, n\u00e9cessitera <b>2\u2009500\u00a0personnes <\/b>et <b>200 entreprises<\/b>.<\/p>\n<p>Vid\u00e9os : en ce moment sur Actu<\/p>\n<p class=\" wall-content\">EDF pr\u00e9cise au passage que c\u2019est bien <b>l\u2019ensemble du combustible<\/b> qui sera chang\u00e9. \u00ab\u2009Forts des enseignements du <b>retour d\u2019exp\u00e9rience international<\/b>, nous avons d\u00e9cid\u00e9 de mani\u00e8re conservative et r\u00e9solument prudente de proc\u00e9der \u00e0 un <b>renouvellement complet <\/b>du combustible\u2009\u00bb, d\u00e9taille S\u00e9bastien Miossec, <b>directeur d\u00e9l\u00e9gu\u00e9<\/b> production d\u2019EDF lors du point d\u2019\u00e9tape avec la <b>presse <\/b>qui fait r\u00e9f\u00e9rence aux <b>contraintes d\u2019usure<\/b> du combustible \u00e9voqu\u00e9es pr\u00e9c\u00e9demment. \u00ab\u2009De fait, ces contraintes n\u2019existent plus dans la mesure o\u00f9 on proc\u00e9dera au renouvellement du c\u0153ur compl\u00e8tement\u2009\u00bb.<\/p>\n<p>Un arr\u00eat aussi \u00ab\u2009lourd\u2009\u00bb qu\u2019une visite d\u00e9cennale<\/p>\n<p class=\" wall-content\">Cette visite compl\u00e8te 1 sera \u00e9galement marqu\u00e9e par le <b>remplacement du couvercle<\/b>, \u00ab\u2009<b>d\u00e9fectueux\u2009<\/b>\u00bb en raison d\u2019une <b>anomalie de conception<\/b> dans son <b>acier<\/b>, d\u00e9tect\u00e9e depuis 2015. Une intervention qui rallonge automatiquement la dur\u00e9e de cet arr\u00eat consid\u00e9r\u00e9 au final, aussi lourd, qu\u2019une<b> visite d\u00e9cennale<\/b>.<\/p>\n<p>Votre r\u00e9gion, votre actu !<\/p>\n<p>Recevez chaque jour les infos qui comptent pour vous.<\/p>\n<p>\t<a href=\"https:\/\/actu.fr\/newsletter\" class=\"ac-btn ac-btn--corner ac-btn--medium ac-btn--blue800\" target=\"_blank\" rel=\"noopener\">S&rsquo;incrire<\/a><\/p>\n<blockquote class=\"ac-article-quote wall-content\">\n<p>On va observer l\u2019ensemble de nos mat\u00e9riels pour v\u00e9rifier qu\u2019ils ont fonctionn\u00e9 normalement et qu\u2019ils ne se sont pas d\u00e9grad\u00e9s pendant cette premi\u00e8re p\u00e9riode de fonctionnement. On va faire aussi, en tirant parti du retour d\u2019exp\u00e9rience, quelques modifications de l\u2019installation.<\/p>\n<p>S\u00e9bastien Miossec, directeur d\u00e9l\u00e9gu\u00e9 production d\u2019EDF<\/p><\/blockquote>\n<p class=\" wall-content\">Une fois ce <b>premier chantier d\u2019ampleur <\/b>r\u00e9alis\u00e9, selon le calendrier communiqu\u00e9 dans le rapport de la CRE, une visite partielle attendra encore l\u2019EPR en <b>2028<\/b>, avec une dur\u00e9e pr\u00e9visionnelle de 35\u00a0jours.<\/p>\n<p class=\" wall-content\">Suivra un <b>premier arr\u00eat <\/b>pour<b> <\/b>simple rechargement en <b>2030<\/b>, avec une <b>dur\u00e9e pr\u00e9visionnelle de 21\u00a0jours <\/b>puis une seconde visite partielle (sans date pr\u00e9cise), avec op\u00e9rations sur les circuits secondaires principaux, pour une dur\u00e9e principale de 49\u00a0jours.<\/p>\n<p class=\" wall-content\">La bonne nouvelle pour l\u2019EPR, malgr\u00e9 ces <b>check-up \u00e0 r\u00e9p\u00e9tition<\/b>, est que, hors arr\u00eats\u00a0atypiques, les\u00a0arr\u00eats de type VP (Visite partielle) et ASR (Arr\u00eat pour simple rechargement) feront l\u2019objet \u00ab\u2009de dur\u00e9es pr\u00e9visionnelles plus courtes que celles du reste du <b>parc historique\u2009<\/b>\u00bb.<\/p>\n<p class=\" wall-content\">Cela s\u2019explique par le <b>design <\/b>de l\u2019EPR, \u00ab\u2009gr\u00e2ce auquel davantage de <b>travaux <\/b>peuvent \u00eatre r\u00e9alis\u00e9s en fonctionnement\u2009\u00bb.<\/p>\n<p class=\" wall-content\">Personnalisez votre actualit\u00e9 en ajoutant vos villes et m\u00e9dias en favori avec <a href=\"https:\/\/moncompte.actu.fr\" title=\"D\u00e9couvez Mon Actu\" rel=\"nofollow noopener\" data-trk=\"{&quot;cta&quot;:{&quot;action&quot;:&quot;https:\\\/\\\/moncompte.actu.fr&quot;,&quot;category&quot;:&quot;mon compte&quot;,&quot;from&quot;:&quot;article footer&quot;,&quot;name&quot;:&quot;Mon actu&quot;,&quot;type&quot;:&quot;cta&quot;}}\" target=\"_blank\">Mon Actu<\/a>.<\/p>\n","protected":false},"excerpt":{"rendered":"Par Chrisma\u00ebl Marchand Publi\u00e9 le 12 nov. 2025 \u00e0 19h12 C\u2019\u00e9tait annonc\u00e9 et programm\u00e9. Une fois la pleine&hellip;\n","protected":false},"author":2,"featured_media":529862,"comment_status":"","ping_status":"","sticky":false,"template":"","format":"standard","meta":{"footnotes":""},"categories":[6],"tags":[35,64862,33,34,64863,1011,27,5654],"class_list":{"0":"post-529861","1":"post","2":"type-post","3":"status-publish","4":"format-standard","5":"has-post-thumbnail","7":"category-economie","8":"tag-business","9":"tag-centrale-de-flamanville","10":"tag-economie","11":"tag-economy","12":"tag-epr-flamanville","13":"tag-fr","14":"tag-france","15":"tag-nucleaire"},"share_on_mastodon":{"url":"https:\/\/pubeurope.com\/@fr\/115538846213395839","error":""},"_links":{"self":[{"href":"https:\/\/www.europesays.com\/fr\/wp-json\/wp\/v2\/posts\/529861","targetHints":{"allow":["GET"]}}],"collection":[{"href":"https:\/\/www.europesays.com\/fr\/wp-json\/wp\/v2\/posts"}],"about":[{"href":"https:\/\/www.europesays.com\/fr\/wp-json\/wp\/v2\/types\/post"}],"author":[{"embeddable":true,"href":"https:\/\/www.europesays.com\/fr\/wp-json\/wp\/v2\/users\/2"}],"replies":[{"embeddable":true,"href":"https:\/\/www.europesays.com\/fr\/wp-json\/wp\/v2\/comments?post=529861"}],"version-history":[{"count":0,"href":"https:\/\/www.europesays.com\/fr\/wp-json\/wp\/v2\/posts\/529861\/revisions"}],"wp:featuredmedia":[{"embeddable":true,"href":"https:\/\/www.europesays.com\/fr\/wp-json\/wp\/v2\/media\/529862"}],"wp:attachment":[{"href":"https:\/\/www.europesays.com\/fr\/wp-json\/wp\/v2\/media?parent=529861"}],"wp:term":[{"taxonomy":"category","embeddable":true,"href":"https:\/\/www.europesays.com\/fr\/wp-json\/wp\/v2\/categories?post=529861"},{"taxonomy":"post_tag","embeddable":true,"href":"https:\/\/www.europesays.com\/fr\/wp-json\/wp\/v2\/tags?post=529861"}],"curies":[{"name":"wp","href":"https:\/\/api.w.org\/{rel}","templated":true}]}}