{"id":529868,"date":"2025-11-12T21:36:46","date_gmt":"2025-11-12T21:36:46","guid":{"rendered":"https:\/\/www.europesays.com\/fr\/529868\/"},"modified":"2025-11-12T21:36:46","modified_gmt":"2025-11-12T21:36:46","slug":"firminy-avant-le-concert-de-charlie-winston-au-firmament-plongee-dans-les-coulisses-du-festival-les-oreilles-en-pointe","status":"publish","type":"post","link":"https:\/\/www.europesays.com\/fr\/529868\/","title":{"rendered":"Firminy. Avant le concert de Charlie Winston au Firmament, plong\u00e9e dans les coulisses du festival Les Oreilles en pointe"},"content":{"rendered":"<p>Dix heures, ce mercredi 12\u00a0novembre. Charlie Winston descend du bus tour stationn\u00e9 devant le Firmament. L\u2019artiste et son \u00e9quipe sont arriv\u00e9s dans la nuit, que certains d\u2019entre eux ont termin\u00e9e \u00e0 l\u2019h\u00f4tel.<\/p>\n<p>Apr\u00e8s avoir retrouv\u00e9 une partie des siens en coulisses, le Britannique traverse la salle et se dirige vers le bar pour prendre un petit-d\u00e9jeuner. L\u2019interpr\u00e8te de Like a Hobo salue avec un large sourire et, dans un fran\u00e7ais impeccable &#8211; il est mari\u00e9 \u00e0 une Fran\u00e7aise et vit \u00e0 Nice &#8211; et \u00e9change quelques mots avec Tibert, le directeur artistique des Oreilles en pointe, qui <a href=\"https:\/\/www.leprogres.fr\/culture-loisirs\/2025\/10\/15\/l-ondaine-va-vibrer-durant-dix-jours-grace-au-festival-les-oreilles-en-pointe\" target=\"_blank\" rel=\"nofollow noopener\">se tient depuis le 6 et jusqu\u2019au 16\u00a0novembre<\/a>.<\/p>\n<p>\u00c0 quelques m\u00e8tres, des b\u00e9n\u00e9voles s\u2019activent. Ils sont une vingtaine \u00e0 \u00eatre pr\u00e9sents aujourd\u2019hui \u00e0 diff\u00e9rents postes sur la trentaine d\u2019actifs&#8230;<\/p>\n","protected":false},"excerpt":{"rendered":"Dix heures, ce mercredi 12\u00a0novembre. Charlie Winston descend du bus tour stationn\u00e9 devant le Firmament. L\u2019artiste et son&hellip;\n","protected":false},"author":2,"featured_media":529869,"comment_status":"","ping_status":"","sticky":false,"template":"","format":"standard","meta":{"footnotes":""},"categories":[9653],"tags":[1111,11,2430,1687,7539,1777,674,10282,10283,1011,27,12,25,4001,3140],"class_list":{"0":"post-529868","1":"post","2":"type-post","3":"status-publish","4":"format-standard","5":"has-post-thumbnail","7":"category-saint-etienne","8":"tag-actu","9":"tag-actualites","10":"tag-auvergne-rhone-alpes","11":"tag-culture-loisirs","12":"tag-edition-loire-sud","13":"tag-eu","14":"tag-europe","15":"tag-firminy","16":"tag-firminy-ville","17":"tag-fr","18":"tag-france","19":"tag-news","20":"tag-republique-francaise","21":"tag-saint-etienne","22":"tag-spectacle"},"share_on_mastodon":{"url":"https:\/\/pubeurope.com\/@fr\/115538885546978501","error":""},"_links":{"self":[{"href":"https:\/\/www.europesays.com\/fr\/wp-json\/wp\/v2\/posts\/529868","targetHints":{"allow":["GET"]}}],"collection":[{"href":"https:\/\/www.europesays.com\/fr\/wp-json\/wp\/v2\/posts"}],"about":[{"href":"https:\/\/www.europesays.com\/fr\/wp-json\/wp\/v2\/types\/post"}],"author":[{"embeddable":true,"href":"https:\/\/www.europesays.com\/fr\/wp-json\/wp\/v2\/users\/2"}],"replies":[{"embeddable":true,"href":"https:\/\/www.europesays.com\/fr\/wp-json\/wp\/v2\/comments?post=529868"}],"version-history":[{"count":0,"href":"https:\/\/www.europesays.com\/fr\/wp-json\/wp\/v2\/posts\/529868\/revisions"}],"wp:featuredmedia":[{"embeddable":true,"href":"https:\/\/www.europesays.com\/fr\/wp-json\/wp\/v2\/media\/529869"}],"wp:attachment":[{"href":"https:\/\/www.europesays.com\/fr\/wp-json\/wp\/v2\/media?parent=529868"}],"wp:term":[{"taxonomy":"category","embeddable":true,"href":"https:\/\/www.europesays.com\/fr\/wp-json\/wp\/v2\/categories?post=529868"},{"taxonomy":"post_tag","embeddable":true,"href":"https:\/\/www.europesays.com\/fr\/wp-json\/wp\/v2\/tags?post=529868"}],"curies":[{"name":"wp","href":"https:\/\/api.w.org\/{rel}","templated":true}]}}