{"id":529878,"date":"2025-11-12T21:42:32","date_gmt":"2025-11-12T21:42:32","guid":{"rendered":"https:\/\/www.europesays.com\/fr\/529878\/"},"modified":"2025-11-12T21:42:32","modified_gmt":"2025-11-12T21:42:32","slug":"entre-la-france-et-lalgerie-une-polemique-chasse-lautre","status":"publish","type":"post","link":"https:\/\/www.europesays.com\/fr\/529878\/","title":{"rendered":"Entre la France et l\u2019Alg\u00e9rie, une pol\u00e9mique chasse l\u2019autre"},"content":{"rendered":"<p>Le Premier ministre fran\u00e7ais S\u00e9bastien Lecornu <a href=\"https:\/\/rennes.maville.com\/actu\/actudet_-grace-de-boualem-sansal-un-soulagement-l-humanite-a-prevalu-...-de-nombreuses-reactions-apres-l-annonce-_54135-7060697_actu.Htm\" target=\"_self\" rel=\"nofollow noopener\">a exprim\u00e9 son <\/a> <a href=\"https:\/\/rennes.maville.com\/actu\/actudet_-grace-de-boualem-sansal-un-soulagement-l-humanite-a-prevalu-...-de-nombreuses-reactions-apres-l-annonce-_54135-7060697_actu.Htm\" target=\"_self\" rel=\"nofollow noopener\">\u00ab\u00a0soulagement\u00a0\u00bb<\/a> apr\u00e8s l\u2019annonce de la <a href=\"https:\/\/rennes.maville.com\/actu\/actudet_-boualem-sansal-l-algerie-annonce-qu-elle-accepte-de-gracier-l-ecrivain-a-la-demande-de-l-allemagne-_54135-7060455_actu.Htm\" target=\"_self\" rel=\"nofollow noopener\">lib\u00e9ration de l\u2019\u00e9crivain franco-alg\u00e9rien Boualem Sansal<\/a>. L\u2019ex-ministre des Arm\u00e9es a vant\u00e9 la \u00a0m\u00e9thode faite de respect et de calme\u00a0 qui a pr\u00e9valu au d\u00e9triment de <a href=\"https:\/\/rennes.maville.com\/actu\/actudet_-bruno-retailleau-sur-l-apaisement-des-relations-france-algerie-je-jugerai-sur-les-faits-_54135-6754781_actu.Htm\" target=\"_self\" rel=\"nofollow noopener\">la ligne dure, et contest\u00e9e, d\u00e9fendue sur ce dossier par l\u2019ancien ministre de l\u2019Int\u00e9rieur<\/a> et patron de la droite Bruno Retailleau.<\/p>\n<p>Est-ce \u00e0 dire que se dessine une \u00e9bauche d\u2019apaisement entre Alger et Paris\u00a0? Lundi, sur France Inter, le patron des services de renseignements ext\u00e9rieurs fran\u00e7ais (la DGSE), Nicolas Lerner, a \u00e9voqu\u00e9 des \u00a0signaux\u00a0 venant d\u2019Alg\u00e9rie en faveur d\u2019une \u00a0reprise du dialogue\u00a0 avec la France, apr\u00e8s <a href=\"https:\/\/rennes.maville.com\/actu\/actudet_-crise-entre-la-france-et-l-algerie-pourquoi-les-propos-d-emmanuel-macron-representent-un-tournant-_54135-6927766_actu.Htm\" target=\"_self\" rel=\"nofollow noopener\">plus d\u2019un an d\u2019une profonde crise diplomatique<\/a> entre les deux pays.<\/p>\n<p>\u00a0Aujourd\u2019hui, nous avons des signaux qui viennent de la partie alg\u00e9rienne sur une volont\u00e9 de reprise du dialogue\u00a0, a-t-il affirm\u00e9, \u00e9voquant des \u00a0signaux \u00e0 la fois publics et non publics\u00a0\u00bb. Il a rappel\u00e9 ce que sont les exigences fran\u00e7aises \u00a0et notamment la lib\u00e9ration de nos deux compatriotes\u00a0\u00a0: l\u2019\u00e9crivain Boualem Sansal (d\u00e9sormais libre) et le journaliste Christophe Gleizes, condamn\u00e9 en premi\u00e8re instance \u00e0 sept ans de prison ferme pour \u00a0apologie du terrorisme\u00a0 et qui attend son proc\u00e8s en appel le 3\u00a0d\u00e9cembre.<\/p>\n<p>Pourtant, les crispations franco-alg\u00e9riennes persistent. D\u00e9but novembre, <a href=\"https:\/\/rennes.maville.com\/actu\/actudet_-a-une-voix-pres-l-assemblee-adopte-une-resolution-du-rn-denoncant-l-accord-franco-algerien-de-1968-_54135-7043167_actu.Htm\" target=\"_self\" rel=\"nofollow noopener\">l\u2019adoption par l\u2019Assembl\u00e9e nationale d\u2019une r\u00e9solution visant \u00e0 d\u00e9noncer l\u2019accord de 1968<\/a> a exacerb\u00e9 l\u2019agacement d\u2019Alger qui a peu go\u00fbt\u00e9 que les d\u00e9put\u00e9s fran\u00e7ais approuvent un texte, m\u00eame non contraignant, du Rassemblement national (RN). Cet accord, sign\u00e9 six ans apr\u00e8s la fin de la guerre d\u2019Alg\u00e9rie alors que la France avait besoin de bras pour son \u00e9conomie, cr\u00e9e un r\u00e9gime d\u2019immigration favorable pour les Alg\u00e9riens, qui n\u2019ont pas besoin de visa sp\u00e9cifique pour rester plus de trois mois dans l\u2019Hexagone et acc\u00e8dent plus rapidement que les autres \u00e9trangers aux titres de s\u00e9jour pour 10\u00a0ans, y compris dans le cadre du regroupement familial. S\u00e9bastien Lecornu a temp\u00e9r\u00e9 les ardeurs, se disant plut\u00f4t favorable \u00e0 une \u00a0ren\u00e9gociation\u00a0 de l\u2019accord de 1968 \u00a0le plus vite possible\u00a0.<\/p>\n<p>Bas contentieux<\/p>\n<p>Avant cette r\u00e9cente tension, les sources de contentieux \u00e9taient d\u00e9j\u00e0 nombreuses. L\u2019Alg\u00e9rie juge restrictive la politique fran\u00e7aise en mati\u00e8re de visas. Elle met en cause la procrastination de la France sur les demandes de d\u00e9dommagement li\u00e9es aux essais nucl\u00e9aires au Sahara. Elle d\u00e9nonce la complaisance de Paris \u00e0 l\u2019\u00e9gard d\u2019Isra\u00ebl et ses prises de position en faveur du Maroc dans la question du Sahara occidental.<\/p>\n<p>Les raidissements autoritaires du r\u00e9gime d\u2019Alger n\u2019ont pas incit\u00e9 la France \u00e0 la mansu\u00e9tude. Paris a ainsi regrett\u00e9 l\u2019enl\u00e8vement d\u2019un influenceur alg\u00e9rien exil\u00e9 en France et d\u00e9plore le refus d\u2019Alger d\u2019accueillir ses ressortissants sous le coup d\u2019une OQTF fran\u00e7aise.<\/p>\n<p>Au final, l\u2019engrenage des mesures et contre-mesures n\u2019a pu conduire qu\u2019\u00e0 une impasse et une contestation encore plus vive de la place de la France en Alg\u00e9rie et dans sa sph\u00e8re africaine d\u2019influence.<\/p>\n<p>\u00a0<\/p>\n","protected":false},"excerpt":{"rendered":"Le Premier ministre fran\u00e7ais S\u00e9bastien Lecornu a exprim\u00e9 son \u00ab\u00a0soulagement\u00a0\u00bb apr\u00e8s l\u2019annonce de la lib\u00e9ration de l\u2019\u00e9crivain franco-alg\u00e9rien&hellip;\n","protected":false},"author":2,"featured_media":529879,"comment_status":"","ping_status":"","sticky":false,"template":"","format":"standard","meta":{"footnotes":""},"categories":[9619],"tags":[1111,11,15,4183,1777,674,1011,27,12,1062,882,25,2310],"class_list":{"0":"post-529878","1":"post","2":"type-post","3":"status-publish","4":"format-standard","5":"has-post-thumbnail","7":"category-toulon","8":"tag-actu","9":"tag-actualites","10":"tag-algerie","11":"tag-chasse","12":"tag-eu","13":"tag-europe","14":"tag-fr","15":"tag-france","16":"tag-news","17":"tag-polemique","18":"tag-provence-alpes-cote-dazur","19":"tag-republique-francaise","20":"tag-toulon"},"share_on_mastodon":{"url":"https:\/\/pubeurope.com\/@fr\/115538909208677733","error":""},"_links":{"self":[{"href":"https:\/\/www.europesays.com\/fr\/wp-json\/wp\/v2\/posts\/529878","targetHints":{"allow":["GET"]}}],"collection":[{"href":"https:\/\/www.europesays.com\/fr\/wp-json\/wp\/v2\/posts"}],"about":[{"href":"https:\/\/www.europesays.com\/fr\/wp-json\/wp\/v2\/types\/post"}],"author":[{"embeddable":true,"href":"https:\/\/www.europesays.com\/fr\/wp-json\/wp\/v2\/users\/2"}],"replies":[{"embeddable":true,"href":"https:\/\/www.europesays.com\/fr\/wp-json\/wp\/v2\/comments?post=529878"}],"version-history":[{"count":0,"href":"https:\/\/www.europesays.com\/fr\/wp-json\/wp\/v2\/posts\/529878\/revisions"}],"wp:featuredmedia":[{"embeddable":true,"href":"https:\/\/www.europesays.com\/fr\/wp-json\/wp\/v2\/media\/529879"}],"wp:attachment":[{"href":"https:\/\/www.europesays.com\/fr\/wp-json\/wp\/v2\/media?parent=529878"}],"wp:term":[{"taxonomy":"category","embeddable":true,"href":"https:\/\/www.europesays.com\/fr\/wp-json\/wp\/v2\/categories?post=529878"},{"taxonomy":"post_tag","embeddable":true,"href":"https:\/\/www.europesays.com\/fr\/wp-json\/wp\/v2\/tags?post=529878"}],"curies":[{"name":"wp","href":"https:\/\/api.w.org\/{rel}","templated":true}]}}