{"id":529884,"date":"2025-11-12T21:49:14","date_gmt":"2025-11-12T21:49:14","guid":{"rendered":"https:\/\/www.europesays.com\/fr\/529884\/"},"modified":"2025-11-12T21:49:14","modified_gmt":"2025-11-12T21:49:14","slug":"le-secours-populaire-fait-sa-braderie-a-rouen-ce-weekend","status":"publish","type":"post","link":"https:\/\/www.europesays.com\/fr\/529884\/","title":{"rendered":"le Secours Populaire fait sa braderie \u00e0 Rouen ce weekend"},"content":{"rendered":"<p>                    Par<br \/>\n        <strong><br \/>\n            <a href=\"https:\/\/actu.fr\/auteur\/julien-bouteiller\" title=\"Consulter tous les articles de Julien Bouteiller\" target=\"_blank\" rel=\"noopener\">Julien Bouteiller<\/a><br \/>\n                    <\/strong><\/p>\n<p>        Publi\u00e9 le<\/p>\n<p>            12 nov. 2025 \u00e0 17h00        <\/p>\n<p><strong>Un bon plan<\/strong> \u00e0 un peu plus d\u2019un mois des f\u00eates de No\u00ebl. Ce weekend, du 14 au 16 novembre 2025, <strong>le Secours Populaire organise sa traditionnelle grande braderie<\/strong> \u00e0 <a href=\"https:\/\/actu.fr\/normandie\/rouen_76540\" target=\"_blank\" rel=\"noopener\">Rouen<\/a>.<\/p>\n<p>Le plein d\u2019articles \u00ab\u00a0\u00e0 tout petit prix\u00a0\u00bb<\/p>\n<p class=\" wall-content\">Pour en profiter, rendez-vous <a href=\"https:\/\/actu.fr\/tag\/halle-aux-toiles\" target=\"_blank\" rel=\"noopener\">\u00e0 la Halle aux toiles<\/a>, d\u00e8s vendredi apr\u00e8s-midi pour faire des \u00ab\u00a0<strong>achats \u00e0 tout petit prix\u00a0\u00bb<\/strong>, promet le communiqu\u00e9 de l\u2019association.<\/p>\n<p class=\" wall-content\">On y trouvera de tout : <strong>brocante, vaisselle, d\u00e9co, tableaux, livres, CD, DVD, vinyles, v\u00eatements, accessoires, pu\u00e9riculture, etc.<\/strong><\/p>\n<p class=\" wall-content\">\u00ab Ce sont<strong> les dons de toute l\u2019ann\u00e9e<\/strong> que nous proposons \u00e0 la vente durant ces trois jours \u00bb, nous expliquait un b\u00e9n\u00e9vole en 2023. \u00ab\u2009La fourchette de prix est tr\u00e8s large, parce que l\u2019on a vraiment de tout\u2009\u00bb, pr\u00e9cisait l\u2019an dernier Isabelle Alcaniz, responsable de l\u2019antenne locale du Secours Populaire. Et elle promettait <strong>\u00ab\u00a0le haut du panier\u00a0\u00bb niveau qualit\u00e9.\u00a0<\/strong><\/p>\n<p class=\" wall-content\">En plus de se faire plaisir, on aide aussi les actions de l\u2019association puisque \u00ab\u00a0la totalit\u00e9 des recettes de ces trois journ\u00e9es\u00a0\u00bb sera<strong> revers\u00e9e pour les diff\u00e9rentes actions<\/strong> : \u00ab\u00a0aide alimentaire, accompagnement \u00e9ducatif et scolaire, acc\u00e8s et maintien dans le logement, acc\u00e8s \u00e0 la culture et aux loisirs, acc\u00e8s aux sports, acc\u00e8s aux vacances\u2026\u00a0\u00bb\u00a0<\/p>\n<p>Vid\u00e9os : en ce moment sur Actu<\/p>\n<p>Braderie du Secours Populaire, \u00e0 la Halle aux toiles \u00e0 Rouen. Vendredi de 14h \u00e0 18h, samedi de 10h \u00e0 18h et dimanche de 10h \u00e0 17h. Entr\u00e9e gratuite.<\/p>\n<p>Suivez l\u2019actualit\u00e9 de Rouen <a href=\"https:\/\/www.whatsapp.com\/channel\/0029VaKfnf99hXF2ddApFB1D\" target=\"_blank\" rel=\"noopener\">sur notre cha\u00eene WhatsApp<\/a> et <a href=\"https:\/\/www.tiktok.com\/@76actu.fr?lang=fr\" target=\"_blank\" rel=\"noopener\">sur notre compte TikTok<\/a><\/p>\n<p class=\" wall-content\">Personnalisez votre actualit\u00e9 en ajoutant vos villes et m\u00e9dias en favori avec <a href=\"https:\/\/moncompte.actu.fr\" title=\"D\u00e9couvez Mon Actu\" rel=\"nofollow noopener\" data-trk=\"{&quot;cta&quot;:{&quot;action&quot;:&quot;https:\\\/\\\/moncompte.actu.fr&quot;,&quot;category&quot;:&quot;mon compte&quot;,&quot;from&quot;:&quot;article footer&quot;,&quot;name&quot;:&quot;Mon actu&quot;,&quot;type&quot;:&quot;cta&quot;}}\" target=\"_blank\">Mon Actu<\/a>.<\/p>\n<p>                    <script async src=\"\/\/www.tiktok.com\/embed.js\"><\/script><\/p>\n","protected":false},"excerpt":{"rendered":"Par Julien Bouteiller Publi\u00e9 le 12 nov. 2025 \u00e0 17h00 Un bon plan \u00e0 un peu plus d\u2019un&hellip;\n","protected":false},"author":2,"featured_media":529885,"comment_status":"","ping_status":"","sticky":false,"template":"","format":"standard","meta":{"footnotes":""},"categories":[9587],"tags":[1111,11,9086,1777,674,1011,27,18153,1652,12,5161,25,9590,3400],"class_list":{"0":"post-529884","1":"post","2":"type-post","3":"status-publish","4":"format-standard","5":"has-post-thumbnail","7":"category-rouen","8":"tag-actu","9":"tag-actualites","10":"tag-bon-plan-a-rouen","11":"tag-eu","12":"tag-europe","13":"tag-fr","14":"tag-france","15":"tag-halle-aux-toiles","16":"tag-loisirs-culture","17":"tag-news","18":"tag-normandie","19":"tag-republique-francaise","20":"tag-rouen","21":"tag-solidarite"},"share_on_mastodon":{"url":"https:\/\/pubeurope.com\/@fr\/115538936759861348","error":""},"_links":{"self":[{"href":"https:\/\/www.europesays.com\/fr\/wp-json\/wp\/v2\/posts\/529884","targetHints":{"allow":["GET"]}}],"collection":[{"href":"https:\/\/www.europesays.com\/fr\/wp-json\/wp\/v2\/posts"}],"about":[{"href":"https:\/\/www.europesays.com\/fr\/wp-json\/wp\/v2\/types\/post"}],"author":[{"embeddable":true,"href":"https:\/\/www.europesays.com\/fr\/wp-json\/wp\/v2\/users\/2"}],"replies":[{"embeddable":true,"href":"https:\/\/www.europesays.com\/fr\/wp-json\/wp\/v2\/comments?post=529884"}],"version-history":[{"count":0,"href":"https:\/\/www.europesays.com\/fr\/wp-json\/wp\/v2\/posts\/529884\/revisions"}],"wp:featuredmedia":[{"embeddable":true,"href":"https:\/\/www.europesays.com\/fr\/wp-json\/wp\/v2\/media\/529885"}],"wp:attachment":[{"href":"https:\/\/www.europesays.com\/fr\/wp-json\/wp\/v2\/media?parent=529884"}],"wp:term":[{"taxonomy":"category","embeddable":true,"href":"https:\/\/www.europesays.com\/fr\/wp-json\/wp\/v2\/categories?post=529884"},{"taxonomy":"post_tag","embeddable":true,"href":"https:\/\/www.europesays.com\/fr\/wp-json\/wp\/v2\/tags?post=529884"}],"curies":[{"name":"wp","href":"https:\/\/api.w.org\/{rel}","templated":true}]}}