{"id":529886,"date":"2025-11-12T21:50:24","date_gmt":"2025-11-12T21:50:24","guid":{"rendered":"https:\/\/www.europesays.com\/fr\/529886\/"},"modified":"2025-11-12T21:50:24","modified_gmt":"2025-11-12T21:50:24","slug":"insolite-pres-de-rouen-un-bouc-attrape-apres-une-longue-divagation-dans-les-rues-de-la-ville","status":"publish","type":"post","link":"https:\/\/www.europesays.com\/fr\/529886\/","title":{"rendered":"Insolite. Pr\u00e8s de Rouen, un bouc attrap\u00e9 apr\u00e8s une longue divagation dans les rues de la ville"},"content":{"rendered":"<p>                    Par<br \/>\n        <strong><br \/>\n            <a href=\"https:\/\/actu.fr\/auteur\/aurelien-delavaud\" title=\"Consulter tous les articles de Aur\u00e9lien Delavaud\" target=\"_blank\" rel=\"noopener\">Aur\u00e9lien Delavaud<\/a><br \/>\n                    <\/strong><\/p>\n<p>        Publi\u00e9 le<\/p>\n<p>            12 nov. 2025 \u00e0 17h54<br \/>\n        ; mis \u00e0 jour le 12 nov. 2025 \u00e0 20h46    <\/p>\n<p>Mise \u00e0 jour : Bonne nouvelle ! Quelques heures apr\u00e8s son \u00ab\u00a0arrestation\u00a0\u00bb par les services de la Ville et la publication de cet article, le propri\u00e9taire du bouc s\u2019est manifest\u00e9 de lui-m\u00eame. L\u2019animal va donc pouvoir retrouver son propre terrain.<\/p>\n<p class=\" wall-content\">Croiser des chiens en divagation, en ville, \u00e7a n\u2019a rien d\u2019exceptionnel. Ne parlons m\u00eame pas des chats. Mais <b>un bouc<\/b>, par contre, \u00e7a sort clairement de l\u2019ordinaire\u2009!<\/p>\n<p class=\" wall-content\">C\u2019est pourtant ce qui s\u2019est pass\u00e9, le mercredi 12\u00a0novembre 2025, dans les rues de <a href=\"https:\/\/actu.fr\/normandie\/caudebec-les-elbeuf_76165\" target=\"_blank\" rel=\"noopener\">Caudebec-l\u00e8s-Elbeuf (Seine-Maritime)<\/a>.<\/p>\n<p>Recherch\u00e9 par tous les agents<\/p>\n<p class=\" wall-content\">\u00ab\u2009Ce sont des habitants, cet apr\u00e8s-midi, qui l\u2019ont vu et qui ont lanc\u00e9 l\u2019alerte\u2009\u00bb, retrace Pascal Le No\u00e9, \u00e9lu en charge des questions d\u2019environnement. Au d\u00e9part, le bouc a \u00e9t\u00e9 rep\u00e9r\u00e9 dans la rue de la R\u00e9publique, pr\u00e8s du magasin Lidl de la commune. \u00ab\u2009Ensuite, il a remont\u00e9 toute la rue. Il a finalement \u00e9t\u00e9 <b>rep\u00e9r\u00e9 et attrap\u00e9<\/b> dans la rue Courtois, derri\u00e8re l\u2019\u00e9glise. Il s\u2019est promen\u00e9, il a eu le temps de visiter Caudebec\u2009\u00bb, s\u2019amuse l\u2019adjoint au maire.<\/p>\n<p>    <a href=\"https:\/\/maps.google.com\/maps?q=49.285822437216254,1.0165738782959055&amp;z=15&amp;output=embed\" title=\"Ouvrie le lien\" target=\"_blank\" rel=\"noopener\">Cliquez ici pour visualiser le contenu<\/a><\/p>\n<p class=\" wall-content\">Une fois attrap\u00e9, l\u2019animal a \u00e9t\u00e9 confi\u00e9 \u00e0 la police municipale, puis plac\u00e9 sur un terrain municipal \u00ab\u2009bien ferm\u00e9, pour ne pas qu\u2019il s\u2019enfuie \u00e0 nouveau\u2009\u00bb.<\/p>\n<p>\u00c0 la recherche du propri\u00e9taire<\/p>\n<p class=\" wall-content\">Comme il n\u2019est pas identifi\u00e9, la Ville lance un appel pour essayer de <b>retrouver son propri\u00e9taire<\/b>.<\/p>\n<p>Vid\u00e9os : en ce moment sur Actu<\/p>\n<blockquote class=\"ac-article-quote wall-content\">\n<p>On va le garder quelques jours. Si personne ne le r\u00e9clame, on le proposera \u00e0 l\u2019adoption. Si le propri\u00e9taire vient, on lui rendra son bouc et on lui demandera de le mettre en conformit\u00e9.<\/p>\n<p>Pascal Le No\u00e9<\/p><\/blockquote>\n<p class=\" wall-content\">Maintenant que l\u2019animal est en s\u00e9curit\u00e9, tout est bien qui finit bien. \u00ab\u2009Le plus important, c\u2019\u00e9tait qu\u2019il ne provoque pas un accident\u2009\u00bb, r\u00e9sume, soulag\u00e9, l\u2019\u00e9lu qui avait lanc\u00e9 de nombreux agents des services de la Ville \u00e0 sa recherche.<\/p>\n<p>Votre r\u00e9gion, votre actu !<\/p>\n<p>Recevez chaque jour les infos qui comptent pour vous.<\/p>\n<p>\t<a href=\"https:\/\/actu.fr\/newsletter\" class=\"ac-btn ac-btn--corner ac-btn--medium ac-btn--blue800\" target=\"_blank\" rel=\"noopener\">S&rsquo;incrire<\/a><\/p>\n<p class=\" wall-content\">\u00ab\u2009D\u2019ailleurs, en tant que responsable du bien-\u00eatre animal, c\u2019est une satisfaction de voir que tout le monde a jou\u00e9 le jeu pour le rechercher\u2009\u00bb, conclut Pascal Le No\u00e9.<\/p>\n<p class=\" wall-content\">Personnalisez votre actualit\u00e9 en ajoutant vos villes et m\u00e9dias en favori avec <a href=\"https:\/\/moncompte.actu.fr\" title=\"D\u00e9couvez Mon Actu\" rel=\"nofollow noopener\" data-trk=\"{&quot;cta&quot;:{&quot;action&quot;:&quot;https:\\\/\\\/moncompte.actu.fr&quot;,&quot;category&quot;:&quot;mon compte&quot;,&quot;from&quot;:&quot;article footer&quot;,&quot;name&quot;:&quot;Mon actu&quot;,&quot;type&quot;:&quot;cta&quot;}}\" target=\"_blank\">Mon Actu<\/a>.<\/p>\n","protected":false},"excerpt":{"rendered":"Par Aur\u00e9lien Delavaud Publi\u00e9 le 12 nov. 2025 \u00e0 17h54 ; mis \u00e0 jour le 12 nov. 2025&hellip;\n","protected":false},"author":2,"featured_media":529887,"comment_status":"","ping_status":"","sticky":false,"template":"","format":"standard","meta":{"footnotes":""},"categories":[9587],"tags":[1111,11,1867,1777,674,1011,27,1757,12,5161,25,9590],"class_list":{"0":"post-529886","1":"post","2":"type-post","3":"status-publish","4":"format-standard","5":"has-post-thumbnail","7":"category-rouen","8":"tag-actu","9":"tag-actualites","10":"tag-animaux","11":"tag-eu","12":"tag-europe","13":"tag-fr","14":"tag-france","15":"tag-insolite","16":"tag-news","17":"tag-normandie","18":"tag-republique-francaise","19":"tag-rouen"},"share_on_mastodon":{"url":"https:\/\/pubeurope.com\/@fr\/115538940642204997","error":""},"_links":{"self":[{"href":"https:\/\/www.europesays.com\/fr\/wp-json\/wp\/v2\/posts\/529886","targetHints":{"allow":["GET"]}}],"collection":[{"href":"https:\/\/www.europesays.com\/fr\/wp-json\/wp\/v2\/posts"}],"about":[{"href":"https:\/\/www.europesays.com\/fr\/wp-json\/wp\/v2\/types\/post"}],"author":[{"embeddable":true,"href":"https:\/\/www.europesays.com\/fr\/wp-json\/wp\/v2\/users\/2"}],"replies":[{"embeddable":true,"href":"https:\/\/www.europesays.com\/fr\/wp-json\/wp\/v2\/comments?post=529886"}],"version-history":[{"count":0,"href":"https:\/\/www.europesays.com\/fr\/wp-json\/wp\/v2\/posts\/529886\/revisions"}],"wp:featuredmedia":[{"embeddable":true,"href":"https:\/\/www.europesays.com\/fr\/wp-json\/wp\/v2\/media\/529887"}],"wp:attachment":[{"href":"https:\/\/www.europesays.com\/fr\/wp-json\/wp\/v2\/media?parent=529886"}],"wp:term":[{"taxonomy":"category","embeddable":true,"href":"https:\/\/www.europesays.com\/fr\/wp-json\/wp\/v2\/categories?post=529886"},{"taxonomy":"post_tag","embeddable":true,"href":"https:\/\/www.europesays.com\/fr\/wp-json\/wp\/v2\/tags?post=529886"}],"curies":[{"name":"wp","href":"https:\/\/api.w.org\/{rel}","templated":true}]}}