{"id":529896,"date":"2025-11-12T21:55:19","date_gmt":"2025-11-12T21:55:19","guid":{"rendered":"https:\/\/www.europesays.com\/fr\/529896\/"},"modified":"2025-11-12T21:55:19","modified_gmt":"2025-11-12T21:55:19","slug":"strasbourg-au-lycee-des-pontonniers-la-section-russophone-fait-dialoguer-passe-et-present-depuis-deux-decennies","status":"publish","type":"post","link":"https:\/\/www.europesays.com\/fr\/529896\/","title":{"rendered":"Strasbourg. Au lyc\u00e9e des Pontonniers, la section russophone fait dialoguer pass\u00e9 et pr\u00e9sent\u00a0depuis deux d\u00e9cennies"},"content":{"rendered":"<p>\u00c0 voir les sourires qui \u00e9clairent les visages lorsque Ra\u00efssa Smirnov p\u00e9n\u00e8tre dans la salle de classe, on saisit le respect et l\u2019affection que lui vouent ses \u00e9l\u00e8ves. La professeure tout juste retrait\u00e9e encadre depuis deux d\u00e9cennies la section russophone du lyc\u00e9e international des Pontonniers, la premi\u00e8re du genre en France, \u00e0 laquelle elle n\u2019a cess\u00e9 d\u2019insuffler une \u00e2me singuli\u00e8re.<\/p>\n<p>Cet apr\u00e8s-midi de novembre, les \u00e9l\u00e8ves de 1re planchent sur les \u00ab\u00a0journ\u00e9es de la m\u00e9moire\u00a0\u00bb. Ce travail p\u00e9dagogique men\u00e9 depuis plusieurs ann\u00e9es par l\u2019\u00e9tablissement porte sur la Seconde Guerre mondiale et plus particuli\u00e8rement sur le souvenir des 36 professeurs et \u00e9l\u00e8ves victimes du nazisme, dont le destin tragique est comm\u00e9mor\u00e9 par une plaque \u00e0&#8230;<\/p>\n","protected":false},"excerpt":{"rendered":"\u00c0 voir les sourires qui \u00e9clairent les visages lorsque Ra\u00efssa Smirnov p\u00e9n\u00e8tre dans la salle de classe, on&hellip;\n","protected":false},"author":2,"featured_media":529897,"comment_status":"","ping_status":"","sticky":false,"template":"","format":"standard","meta":{"footnotes":""},"categories":[2820],"tags":[1111,11,2389,2649,3599,2880,1057,1777,674,107,1011,27,775,937,12,25,273,104,640,2879],"class_list":{"0":"post-529896","1":"post","2":"type-post","3":"status-publish","4":"format-standard","5":"has-post-thumbnail","7":"category-strasbourg","8":"tag-actu","9":"tag-actualites","10":"tag-alsace","11":"tag-bas-rhin","12":"tag-college-lycee","13":"tag-edition-strasbourg","14":"tag-education","15":"tag-eu","16":"tag-europe","17":"tag-fil-info","18":"tag-fr","19":"tag-france","20":"tag-grand-est","21":"tag-histoire","22":"tag-news","23":"tag-republique-francaise","24":"tag-selection-de-la-redaction","25":"tag-societe","26":"tag-strasbourg","27":"tag-strasbourg-ville"},"share_on_mastodon":{"url":"https:\/\/pubeurope.com\/@fr\/115538960320071560","error":""},"_links":{"self":[{"href":"https:\/\/www.europesays.com\/fr\/wp-json\/wp\/v2\/posts\/529896","targetHints":{"allow":["GET"]}}],"collection":[{"href":"https:\/\/www.europesays.com\/fr\/wp-json\/wp\/v2\/posts"}],"about":[{"href":"https:\/\/www.europesays.com\/fr\/wp-json\/wp\/v2\/types\/post"}],"author":[{"embeddable":true,"href":"https:\/\/www.europesays.com\/fr\/wp-json\/wp\/v2\/users\/2"}],"replies":[{"embeddable":true,"href":"https:\/\/www.europesays.com\/fr\/wp-json\/wp\/v2\/comments?post=529896"}],"version-history":[{"count":0,"href":"https:\/\/www.europesays.com\/fr\/wp-json\/wp\/v2\/posts\/529896\/revisions"}],"wp:featuredmedia":[{"embeddable":true,"href":"https:\/\/www.europesays.com\/fr\/wp-json\/wp\/v2\/media\/529897"}],"wp:attachment":[{"href":"https:\/\/www.europesays.com\/fr\/wp-json\/wp\/v2\/media?parent=529896"}],"wp:term":[{"taxonomy":"category","embeddable":true,"href":"https:\/\/www.europesays.com\/fr\/wp-json\/wp\/v2\/categories?post=529896"},{"taxonomy":"post_tag","embeddable":true,"href":"https:\/\/www.europesays.com\/fr\/wp-json\/wp\/v2\/tags?post=529896"}],"curies":[{"name":"wp","href":"https:\/\/api.w.org\/{rel}","templated":true}]}}